{"id":44094,"date":"2022-05-24T23:12:40","date_gmt":"2022-05-24T20:12:40","guid":{"rendered":"http:\/\/akincilardergisi.com\/dergi\/?p=44094"},"modified":"2023-11-07T15:55:16","modified_gmt":"2023-11-07T12:55:16","slug":"kilicdaroglu-isvec-aksener-nato-hakkinda-neden-konusmuyor","status":"publish","type":"post","link":"https:\/\/akincilardergisi.com\/tr\/kilicdaroglu-isvec-aksener-nato-hakkinda-neden-konusmuyor\/","title":{"rendered":"KILI\u00c7DARO\u011eLU \u0130SVE\u00c7  AK\u015eENER NATO  HAKKINDA NEDEN KONU\u015eMUYOR?"},"content":{"rendered":"<p style=\"color: #000000\"><img decoding=\"async\" src=\"https:\/\/ichef.bbci.co.uk\/news\/640\/cpsprodpb\/16FE9\/production\/_121158149_b8c5ac21a23171dceabbf0bcf033dea9.jpg\" alt=\"Ak\u015fener-K\u0131l\u0131\u00e7daro\u011flu\" \/><\/p>\n<p style=\"color: #000000\">Malum oldu\u011fu \u00fczere<\/p>\n<p style=\"color: #000000\">\u0130sve\u00e7 ve Finlandiya\u2019n\u0131n NATO\u2019ya \u00fcye olmak istemeleri krize d\u00f6n\u00fc\u015fm\u00fc\u015f durumda.<\/p>\n<p style=\"color: #000000\">Avrupa ve Amerika\u2019n\u0131n o kibirli hesaplar\u0131na g\u00f6re<\/p>\n<p style=\"color: #000000\">Finlandiya ve \u0130sve\u00e7 gibi \u00e7ok medeni(!) ve bar\u0131\u015f\u00e7\u0131l(!) iki \u00fclkenin NATO\u2019ya girmesi<\/p>\n<p style=\"color: #000000\">Ya\u011fdan k\u0131l \u00e7eker gibi kolay olacakt\u0131.<\/p>\n<p style=\"color: #000000\">\n<p style=\"color: #000000\">\u2026 AMA O DA NE!<\/p>\n<p style=\"color: #000000\">Onlar<\/p>\n<p style=\"color: #000000\">Bu i\u015fe Rusya ne der<\/p>\n<p style=\"color: #000000\">Avrupa\u2019n\u0131n di\u011fer \u00fclkeleri ne der diye hesap ederken<\/p>\n<p style=\"color: #000000\">Hi\u00e7 beklemedikleri yerden<\/p>\n<p style=\"color: #000000\">Yani T\u00fcrkiye\u2019den \u201cveto\u201d resti geldi.<\/p>\n<p style=\"color: #000000\">H\u00e2lbuki<\/p>\n<p style=\"color: #000000\">Bu gibi i\u015flerde NATO<\/p>\n<p style=\"color: #000000\">T\u00fcrkiye\u2019nin fikrini bile sormazd\u0131.<\/p>\n<p style=\"color: #000000\">(E\u011fer<\/p>\n<p style=\"color: #000000\">K\u0131l\u0131\u00e7daro\u011flu Cumhurba\u015fkan\u0131 ve Meral Ak\u015fener \u201cBa\u015fbakan\u201d olsayd\u0131<\/p>\n<p style=\"color: #000000\">NATO T\u00fcrkiye\u2019nin fikrini yine sormazd\u0131.<\/p>\n<p style=\"color: #000000\">Biraz sonra neden sormayaca\u011f\u0131n\u0131 arz edece\u011fim<\/p>\n<p style=\"color: #000000\">Ama \u00f6nce<\/p>\n<p style=\"color: #000000\">Kald\u0131\u011f\u0131m yerden devam edeyim.)<\/p>\n<p style=\"color: #000000\">\n<p style=\"color: #000000\">\u201cN\u0130TEK\u0130M\u2026\u201d<\/p>\n<p style=\"color: #000000\">\u201cNitekim\u201d demekle me\u015fhur olan darbeci Kenan Evren<\/p>\n<p style=\"color: #000000\">Yunanistan gibi bir d\u00fc\u015fman\u0131m\u0131z\u0131n<\/p>\n<p style=\"color: #000000\">NATO\u2019ya girmesine ses \u00e7\u0131karmam\u0131\u015f<\/p>\n<p style=\"color: #000000\">Bunun cezas\u0131n\u0131<\/p>\n<p style=\"color: #000000\">Zaman\u0131nda feci \u015fekilde \u00f6dedi\u011fimiz gibi, \u015fimdi de hala \u00f6demeye devam ediyoruz.<\/p>\n<p style=\"color: #000000\">\n<p style=\"color: #000000\">NASIL \u00d6DED\u0130K?<\/p>\n<p style=\"color: #000000\">Yunanistan NATO\u2019ya girdikten sonra<\/p>\n<p style=\"color: #000000\">Ald\u0131\u011f\u0131 g\u00fc\u00e7le bize kar\u015f\u0131<\/p>\n<p style=\"color: #000000\">Sesini y\u00fckseltmeye ba\u015flad\u0131. (1974\u2019te K\u0131br\u0131s\u2019ta ald\u0131\u011f\u0131 dersten dolay\u0131 sesini kesmi\u015fti)<\/p>\n<p style=\"color: #000000\">Hava saham\u0131z\u0131 ihlal etti. Havada bir s\u00fcr\u00fc \u201cit dala\u015f\u0131\u201d oldu. Bundan dolay\u0131 ka\u00e7 jetimiz Ege\u2019ye d\u00fc\u015ft\u00fc bilmiyorum. Tabi onlardan da d\u00fc\u015fen oldu bunun say\u0131s\u0131n\u0131 bilmiyoruz.<\/p>\n<p style=\"color: #000000\">Denizde<\/p>\n<p style=\"color: #000000\">Kara sular\u0131m\u0131z\u0131 ihlal etti. Hi\u00e7 olmayacak sebeplerden maraza \u00e7\u0131kard\u0131 (Kardak kayalar\u0131na bayrak dikme vs.) Bu sebepten dolay\u0131 ka\u00e7 kere teyakkuza ge\u00e7erek sava\u015f pozisyonu al\u0131nd\u0131 vs.<\/p>\n<p style=\"color: #000000\">\n<p style=\"color: #000000\">IMF VE AVRUPA\u2019YA BU KADAR BORCUN OLACAK<\/p>\n<p style=\"color: #000000\">B\u0130R DE SES\u0130N\u0130 M\u0130 \u00c7IKARACAKSIN?<\/p>\n<p style=\"color: #000000\">Ama en \u00f6nemlisi,<\/p>\n<p style=\"color: #000000\">Yunanistan PKK militanlar\u0131na Lavrion kamp\u0131n\u0131 a\u00e7arak<\/p>\n<p style=\"color: #000000\">Orada yuvalanmalar\u0131na zemin haz\u0131rlad\u0131.<\/p>\n<p style=\"color: #000000\">\n<p style=\"color: #000000\">Ka\u00e7an PKK militanlar\u0131 \u00f6nce Lavrion kamp\u0131na\u2026 Burada e\u011fitimini(!) tamamlad\u0131ktan sonra da ver elini \u0130sve\u00e7\u2026<\/p>\n<p style=\"color: #000000\">O zamanlar Avrupa\u2019n\u0131n kar\u015f\u0131s\u0131nda zay\u0131f oldu\u011fumuz i\u00e7in<\/p>\n<p style=\"color: #000000\">Bu yol haritas\u0131n\u0131 g\u00f6r\u00fcyor ancak elimizden bir \u015fey gelmiyordu.<\/p>\n<p style=\"color: #000000\">Nas\u0131l gelsin ki?<\/p>\n<p style=\"color: #000000\">IMF ve Avrupa\u2019ya bu kadar bor\u00e7lu<\/p>\n<p style=\"color: #000000\">Ve muhta\u00e7 iken ne diye bilirdik ki!<\/p>\n<p style=\"color: #000000\">\u0130sve\u00e7\u2019e kar\u015f\u0131 sesimizi \u00e7\u0131karabilir miydik?<\/p>\n<p style=\"color: #000000\">\u00c7\u0131karamad\u0131k ve bu bize \u00e7ok pahal\u0131ya mal oldu. 40 y\u0131ld\u0131r u\u011fra\u015ft\u0131\u011f\u0131m\u0131z PKK belas\u0131 ba\u015f\u0131m\u0131za sar\u0131ld\u0131.<\/p>\n<p style=\"color: #000000\">\n<p style=\"color: #000000\">\u015e\u0130MD\u0130 NASIL \u00d6D\u00dcYORUZ?<\/p>\n<p style=\"color: #000000\">\u015eimdi de<\/p>\n<p style=\"color: #000000\">FET\u00d6\u2019 n\u00fcn ilk dura\u011f\u0131 yine Yunanistan\u2026 Oradan da Avrupa\u2019n\u0131n de\u011fi\u015fik yerlerine da\u011f\u0131l\u0131yorlar.<\/p>\n<p style=\"color: #000000\">Di\u011fer yandan<\/p>\n<p style=\"color: #000000\">Yunanistan bir m\u00fcstemleke gibi topraklar\u0131n\u0131 ABD\u2019ye a\u00e7arak<\/p>\n<p style=\"color: #000000\">\u00dclkeyi ba\u015ftan aya\u011fa ABD silahlar\u0131 ile donat\u0131lmas\u0131na g\u00f6z yumdu. (\u0130tiraz edecek g\u00fcc\u00fc de yok ya.. o da ayr\u0131 mesele)<\/p>\n<p style=\"color: #000000\">Bu arada<\/p>\n<p style=\"color: #000000\">Amerikan ve Yunan donanmas\u0131<\/p>\n<p style=\"color: #000000\">Ege Adalar\u0131 aras\u0131nda tatbikat yaparak bize g\u00f6zda\u011f\u0131 vermeye \u00e7al\u0131\u015f\u0131yor.<\/p>\n<p style=\"color: #000000\">En son<\/p>\n<p style=\"color: #000000\">Ba\u015fbakanlar\u0131 Mi\u00e7otakis\u2019in Amerika kongresinde yapt\u0131\u011f\u0131 konu\u015fma barda\u011f\u0131 ta\u015f\u0131ran son damla oldu.<\/p>\n<p style=\"color: #000000\">Bunun \u00fczerine Cumhurba\u015fkan\u0131m\u0131z;<\/p>\n<p style=\"color: #000000\">\u201cArt\u0131k benim i\u00e7in Mi\u00e7otakis diye biri yok..\u201d demek zorunda kald\u0131.<\/p>\n<p style=\"color: #000000\">(Cumhurba\u015fkan\u0131m\u0131z<\/p>\n<p style=\"color: #000000\">Yunanistan ile olan sorunlar\u0131 ikili olarak \u00e7\u00f6zmek istiyordu ama Mi\u00e7otakis ABD\u2019yi arkas\u0131na alarak \u00e7\u00f6zmek isteyince b\u00f6yle bir a\u00e7\u0131klama yapt\u0131.)<\/p>\n<p style=\"color: #000000\">\n<p style=\"color: #000000\">\u015e\u0130MD\u0130 GELEL\u0130M<\/p>\n<p style=\"color: #000000\">KILI\u00c7DARO\u011eLU NEDEN \u0130SVE\u00c7\u2019E<\/p>\n<p style=\"color: #000000\">AK\u015eENER DE<\/p>\n<p style=\"color: #000000\">NEDEN NATO\u2019YA SES ETMED\u0130KLER\u0130NE\u2026<\/p>\n<p style=\"color: #000000\">K\u0131l\u0131\u00e7daro\u011flu \u0130sve\u00e7\u2019e<\/p>\n<p style=\"color: #000000\">Neden PKK\u2019ya yard\u0131m ve yatakl\u0131k yapt\u0131\u011f\u0131n\u0131.. neden PYD\u2019ye silah ve m\u00fchimmat yard\u0131m\u0131 yapt\u0131\u011f\u0131n\u0131 sordu\u011fu anda o s\u00f6z\u00fcn alt\u0131nda kal\u0131r.<\/p>\n<p style=\"color: #000000\">Neden?<\/p>\n<p style=\"color: #000000\">\u00c7\u00fcnk\u00fc \u0130sve\u00e7 d\u00f6n\u00fcp ona \u015funu sormaz m\u0131?<\/p>\n<p style=\"color: #000000\">\u201cSiz<\/p>\n<p style=\"color: #000000\">T\u00fcrkiye\u2019de ba\u015fta b\u00fcy\u00fck\u015fehirler olmak \u00fczere bir\u00e7ok belediyeyi HDP ile yapt\u0131\u011f\u0131n\u0131z ittifakla kazanmad\u0131n\u0131z m\u0131?<\/p>\n<p style=\"color: #000000\">Yine<\/p>\n<p style=\"color: #000000\">\u00d6n\u00fcm\u00fczdeki 2023 se\u00e7imlerine HDP ittifak\u0131 ile gitmiyor musunuz? HDP PKK \u2018n\u0131n siyasi kolu de\u011fil mi? \u201d dese ne diyecek?<\/p>\n<p style=\"color: #000000\">Kar\u015f\u0131s\u0131ndaki CHP se\u00e7meni de\u011fil ki, \u201cyok \u00f6yle bir \u015fey!\u201d desin de inand\u0131rs\u0131n.(CHP se\u00e7meni de bu yalanlara inanm\u0131yor ama HDP\u2019siz se\u00e7im kazanma \u015fanslar\u0131 olmad\u0131\u011f\u0131n\u0131 bildikleri i\u00e7in sineye \u00e7ekiyorlar)<\/p>\n<p style=\"color: #000000\">\n<p style=\"color: #000000\">Gelelim Ak\u015fener\u2019e:<\/p>\n<p style=\"color: #000000\">\u0130yi Parti genel ba\u015fkan\u0131 Ak\u015fener<\/p>\n<p style=\"color: #000000\">15 Temmuz \u015fanl\u0131 direni\u015finden \u00f6nce ba\u015fbakan olaca\u011f\u0131n\u0131 s\u00f6ylemi\u015fti.<\/p>\n<p style=\"color: #000000\">Durup dururken<\/p>\n<p style=\"color: #000000\">Ve o zamanlar daha bir partinin lideri bile de\u011filken neden bunu s\u00f6yledi?<\/p>\n<p style=\"color: #000000\">Bu hep bir muamma olarak kald\u0131.<\/p>\n<p style=\"color: #000000\">(Ak\u015fener\u2019in \u015fu andaki Sultan Abd\u00fclhamid kar\u015f\u0131tl\u0131\u011f\u0131na da bir\u00e7ok \u0130yi parti m\u00fcntesibi bir mana veremiyor)<\/p>\n<p style=\"color: #000000\">\n<p style=\"color: #000000\">15 TEMMUZ\u2019DA<\/p>\n<p style=\"color: #000000\">STK\u2019DAN NATO UNSURLARI TEM\u0130ZLEND\u0130<\/p>\n<p style=\"color: #000000\">Asl\u0131nda<\/p>\n<p style=\"color: #000000\">15 Temmuz\u2019da<\/p>\n<p style=\"color: #000000\">T\u00fcrk Silahl\u0131 Kuvvetlerinde yuvalanm\u0131\u015f olan NATO unsurlar\u0131 temizlendi.<\/p>\n<p style=\"color: #000000\">Biz STK\u2019dan temizlenenlerin hep FET\u00d6\u2019c\u00fc oldu\u011funu d\u00fc\u015f\u00fcn\u00fcyoruz<\/p>\n<p style=\"color: #000000\">Halbuki FET\u00d6 kim ki!?<\/p>\n<p style=\"color: #000000\">STK\u2019dan as\u0131l temizlenenler NATO unsurlar\u0131d\u0131r.<\/p>\n<p style=\"color: #000000\">\n<p style=\"color: #000000\">\u015eimdi<\/p>\n<p style=\"color: #000000\">Hem Ak\u015fener, hem Babacan, hem de K\u0131l\u0131\u00e7daro\u011flu<\/p>\n<p style=\"color: #000000\">FET\u00d6 ile iltisaklar\u0131ndan dolay\u0131 g\u00f6revden al\u0131nanlar\u0131 geri iade edeceklerini s\u00f6yl\u00fcyorlar.<\/p>\n<p style=\"color: #000000\">Bu durumda hi\u00e7 NATO\u2019ya veya \u0130sve\u00e7\u2019e ses \u00e7\u0131karabilirler mi?<\/p>\n<p style=\"color: #000000\">\n<p style=\"color: #000000\">Bundan dolay\u0131<\/p>\n<p style=\"color: #000000\">Ne Ak\u015fener ne de K\u0131l\u0131\u00e7daro\u011flu<\/p>\n<p style=\"color: #000000\">\u00dclkeyi ilgilendiren \u00f6nemli meselelerde konu\u015ftuklar\u0131n\u0131 g\u00f6remezsiniz.<\/p>\n<p style=\"color: #000000\">Konu\u015ftuklar\u0131nda da<\/p>\n<p style=\"color: #000000\">Sade suya tirit kabilinden ne oldu\u011fu anla\u015f\u0131lmaz \u015feyler s\u00f6ylerler ki, bat\u0131l\u0131 dostlar\u0131 zaman\u0131 geldi\u011finde o konu\u015ftuklar\u0131n\u0131 \u00f6nlerine koymas\u0131n.<\/p>\n<p style=\"color: #000000\">\n<p style=\"color: #000000\">HAYAT PAHALILI\u011eI VE SUR\u0130YEL\u0130LER<\/p>\n<p style=\"color: #000000\">ONLARA YETER DE ARTAR B\u0130LE<\/p>\n<p style=\"color: #000000\">&#8211; Peki,<\/p>\n<p style=\"color: #000000\">Bu durumda nas\u0131l siyaset yapacaklar?<\/p>\n<p style=\"color: #000000\">&#8211; Hayat pahal\u0131l\u0131\u011f\u0131, g\u00f6\u00e7menler, Suriyeliler onlara yeter de artar bile. Di\u015flerine g\u00f6re bulmu\u015flar bir mevzu, \u00e7i\u011fneyip \u00e7i\u011fneyip duruyorlar. Nas\u0131l olsa bu konular\u0131n m\u00fc\u015fterisi \u00e7ok\u2026 Ne gerek var NATO \u0130sve\u00e7, PKK vb. gibi \u00fclkemizi ilgilendiren \u00f6nemli mevzulara girmeye. Nas\u0131l olsa o i\u015fleri \u201cTayyip\u201d hallediyor.<\/p>\n<p style=\"color: #000000\">\n<p style=\"color: #000000\">23.05.2022<\/p>\n<p style=\"color: #000000\">Emin Batu<\/p>\n","protected":false},"excerpt":{"rendered":"<p>Malum oldu\u011fu \u00fczere \u0130sve\u00e7 ve Finlandiya\u2019n\u0131n NATO\u2019ya \u00fcye olmak istemeleri krize d\u00f6n\u00fc\u015fm\u00fc\u015f durumda. Avrupa ve Amerika\u2019n\u0131n o kibirli hesaplar\u0131na g\u00f6re Finlandiya ve \u0130sve\u00e7 gibi \u00e7ok medeni(!) ve bar\u0131\u015f\u00e7\u0131l(!) iki \u00fclkenin NATO\u2019ya girmesi Ya\u011fdan k\u0131l \u00e7eker gibi kolay olacakt\u0131. \u2026 AMA O DA NE! Onlar Bu i\u015fe Rusya ne der Avrupa\u2019n\u0131n di\u011fer \u00fclkeleri ne der diye &hellip;<\/p>\n","protected":false},"author":14,"featured_media":47535,"comment_status":"open","ping_status":"open","sticky":false,"template":"","format":"standard","meta":{"om_disable_all_campaigns":false,"_themeisle_gutenberg_block_has_review":false,"_joinchat":[],"footnotes":""},"categories":[56,38,43],"tags":[],"class_list":["post-44094","post","type-post","status-publish","format-standard","has-post-thumbnail","","category-emin","category-guncel","category-yazarlar"],"_links":{"self":[{"href":"https:\/\/akincilardergisi.com\/tr\/wp-json\/wp\/v2\/posts\/44094","targetHints":{"allow":["GET"]}}],"collection":[{"href":"https:\/\/akincilardergisi.com\/tr\/wp-json\/wp\/v2\/posts"}],"about":[{"href":"https:\/\/akincilardergisi.com\/tr\/wp-json\/wp\/v2\/types\/post"}],"author":[{"embeddable":true,"href":"https:\/\/akincilardergisi.com\/tr\/wp-json\/wp\/v2\/users\/14"}],"replies":[{"embeddable":true,"href":"https:\/\/akincilardergisi.com\/tr\/wp-json\/wp\/v2\/comments?post=44094"}],"version-history":[{"count":0,"href":"https:\/\/akincilardergisi.com\/tr\/wp-json\/wp\/v2\/posts\/44094\/revisions"}],"wp:featuredmedia":[{"embeddable":true,"href":"https:\/\/akincilardergisi.com\/tr\/wp-json\/wp\/v2\/media\/47535"}],"wp:attachment":[{"href":"https:\/\/akincilardergisi.com\/tr\/wp-json\/wp\/v2\/media?parent=44094"}],"wp:term":[{"taxonomy":"category","embeddable":true,"href":"https:\/\/akincilardergisi.com\/tr\/wp-json\/wp\/v2\/categories?post=44094"},{"taxonomy":"post_tag","embeddable":true,"href":"https:\/\/akincilardergisi.com\/tr\/wp-json\/wp\/v2\/tags?post=44094"}],"curies":[{"name":"wp","href":"https:\/\/api.w.org\/{rel}","templated":true}]}}