{"id":44072,"date":"2022-05-13T12:54:18","date_gmt":"2022-05-13T09:54:18","guid":{"rendered":"http:\/\/akincilardergisi.com\/dergi\/?p=44072"},"modified":"2023-11-04T11:12:41","modified_gmt":"2023-11-04T08:12:41","slug":"kurt-postuna-burunmus-cakallar","status":"publish","type":"post","link":"https:\/\/akincilardergisi.com\/tr\/kurt-postuna-burunmus-cakallar\/","title":{"rendered":"Kurt postuna b\u00fcr\u00fcnm\u00fc\u015f \u00e7akallar"},"content":{"rendered":"<div class=\"authors detail\">\n<div class=\"picture\"><img decoding=\"async\" src=\"https:\/\/pamukovahaber.com\/images\/resize\/100\/656x400\/haberler\/2021\/02\/cakallar_ezan_okurken_neden_uluyorlar_h4328_3b99b.jpg\" alt=\"\u00c7akallar ezan okunurken neden uluyorlar,\" \/><\/div>\n<div class=\"picture\"><\/div>\n<\/div>\n<div class=\"news-detail\">\n<div class=\"article\">\n<div class=\"news-content\">\n<p>\u0130slam medeniyet ve k\u00fclt\u00fcr\u00fcn\u00fcn karakteri ve d\u00fc\u015f\u00fcnce tarz\u0131 Mevlana\u2019n\u0131n ifadesiyle; \u2019\u2019Ya oldu\u011fun gibi g\u00f6r\u00fcn veya g\u00f6r\u00fcnd\u00fc\u011f\u00fcn gibi ol\u2019\u2019 \u00f6l\u00e7\u00fcs\u00fcd\u00fcr. \u2018\u2019Birg\u00fcn siz bizim putlar\u0131m\u0131za tap\u0131n, birg\u00fcn de biz sizin rabbinize tapal\u0131m\u2019\u2019 anlay\u0131\u015f\u0131 \u0130slam toplumunda asla kabul g\u00f6rmez.<\/p>\n<p>G\u00fcn\u00fcm\u00fcz ideolojik hareket ve partilerinin temel d\u00fc\u015f\u00fcnceleri ve hayata bak\u0131\u015flar\u0131 nas\u0131lsa onu \u00f6ylece ortaya koyup insanlardan oy istemeleri, toplumun kar\u015f\u0131s\u0131na \u00f6yle \u00e7\u0131kmalar\u0131 do\u011fru ve d\u00fcr\u00fcst olan bir davran\u0131\u015ft\u0131r. Birg\u00fcn M\u00fcnaf\u0131k birg\u00fcn Kafir, birg\u00fcn M\u00fcsl\u00fcman bir g\u00fcn H\u0131ristiyan gibi g\u00f6r\u00fcnme kaypakl\u0131\u011f\u0131 kimi parti ve hareketlerin, lider ve \u00f6nderlerin ahlaki yap\u0131s\u0131n\u0131 ve kimli\u011fini de ortaya koyuyor.<\/p>\n<p>H\u0131rs, \u00f6fke, kin ve nefret siyaseti, ge\u00e7mi\u015fini k\u00f6t\u00fcleyerek, gelece\u011fini tehlikeye atarak muhalefet yapma al\u0131\u015fkanl\u0131\u011f\u0131 bir s\u00fcr\u00fc soytar\u0131l\u0131\u011f\u0131 da beraberinde getiriyor. \u2018\u2019Ne olursa olsun, nas\u0131l olursa olsun, yeter ki; Tayyip ba\u015ftan gitsin\u2019\u2019 mant\u0131\u011f\u0131yla nas\u0131l Abdulhamid\u2019i tahttan indirdilerse; biz de ayn\u0131 \u015fekilde yapaca\u011f\u0131z ve Erdo\u011fan\u2019\u0131 ba\u015ftan indirece\u011fiz\u2019\u2019 ifade ve iddias\u0131 114 y\u0131l \u00f6nceki ihanetin g\u00fcn\u00fcm\u00fcze yans\u0131mas\u0131 bug\u00fcn Kurt postuna b\u00fcr\u00fcnm\u00fc\u015f \u00e7akallar temsil ediliyor.<\/p>\n<p>D\u00fcn; \u2018\u2019\u00f6zg\u00fcrl\u00fck, e\u015fitlik, demokrasi, diktat\u00f6re kar\u015f\u0131 m\u00fccadele olarak\u2019\u2019 sembolle\u015ftirilen isyan ve ihanet hareketinin hedefi Abdulhamithan idi. Bug\u00fcn; aynen d\u00fcn oldu\u011fu gibi, ayn\u0131 sloganlarla, ayn\u0131 bat\u0131 u\u015fa\u011f\u0131 ikiy\u00fczl\u00fc d\u00f6nmeler, yerli m\u00fcnaf\u0131klar ve ahmaklarca temsil edilen ihanet hareketi ne id\u00fc\u011f\u00fc belirsiz parlamenter demokrasi etraf\u0131nda toplanan \u00e7akallar taraf\u0131ndan Cumhurba\u015fkan\u0131 Tayyip Erdo\u011fan\u2019\u0131 hedef g\u00f6steriyor. Ayr\u0131 zaman dilimlerinde meydana gelen bu iki hareketin arkas\u0131nda yine Bat\u0131 medeniyetinin e\u015fkiyalar\u0131 vah\u015fetin \u00e7ocuklar\u0131 \u0130ngilizler, Frans\u0131zlar, ABD, Almanya vs. var.<\/p>\n<p>\u0130ttihat\u00e7\u0131lar\u0131n Abdulhamithan\u0131 tahtan indirme ve s\u00fcrg\u00fcne g\u00f6nderme karar\u0131n\u0131; Ermeni Ayan Aram Efendi, Dra\u00e7 Milletvekili Arnavut Esad Toptani, Selanik Milletvekili Yahudi Emanuel Karasso,Mason Arif Hikmet Pa\u015fa Abdulhamid\u2019in makam odas\u0131nda tehditler ve hakaretler savurarak y\u00fcz\u00fcne okudular. Bu \u015ferefsizlerin hepsinin g\u00fcn\u00fcm\u00fczdeki uzant\u0131lar\u0131 alt\u0131 ayakl\u0131 masan\u0131n etraf\u0131nda toplanan birbirine benzemez dostlar\u0131n i\u00e7inde var. Yani, tarih bu topraklarda 114 y\u0131l sonra canl\u0131 canl\u0131 g\u00f6z\u00fcm\u00fcz\u00fcn \u00f6n\u00fcnde bir daha tekrar ediyor. Yanl\u0131\u015flar g\u00f6z g\u00f6re g\u00f6re bir daha i\u015flenmek, ihanetler bir daha bu milletin \u00fczerine bela ve musibetler olarak ya\u011fd\u0131r\u0131lmak isteniyor.<\/p>\n<p>\u2018\u2019\u00a0 Ben 33 sene milletimin, devletimin selameti i\u00e7in \u00e7al\u0131\u015ft\u0131m. Hakim\u2019 im Allah ve beni yarg\u0131layacakta Rasulullaht\u0131r.\u2019\u2019 diyen y\u00fcce Hakan Abdulhamit\u2019in yerinde bug\u00fcn, \u2018\u2019 Biz bu yola kefenimizi yan\u0131m\u0131za alarak \u00e7\u0131kt\u0131k\u2019\u2019 diyen bir Erdo\u011fan var.<\/p>\n<p>Abdulhamit\u2019in darbeyle ba\u015ftan indirilmesi ile y\u0131k\u0131lan sadece Osmanl\u0131 imparatorlu\u011fu de\u011fil t\u00fcm \u0130slam co\u011frafyas\u0131, ihanete u\u011frayan sadece Osmanl\u0131 de\u011fil t\u00fcm \u0130slam \u00fcmmeti idi. Do\u011fudan Bat\u0131ya, Kuzeyden G\u00fcneye t\u00fcm M\u00fcsl\u00fcman milletler ve co\u011frafyalar o zamandan bu zamana emperyalist bat\u0131l\u0131lar\u0131n bask\u0131, zul\u00fcm, i\u015fgal ve istilas\u0131 alt\u0131nda inim inim inlediler. Hala da o bela ve musibetin alt\u0131ndan aya\u011fa kalk\u0131p kendilerine gelebilmi\u015f de\u011filler. Onun i\u00e7in T\u00fcrk ve \u0130slam \u00fclkeleri bug\u00fcn bat\u0131l\u0131 itlerin, kurt postuna b\u00fcr\u00fcnen \u00e7akallar\u0131n, emperyalizmin u\u015fa\u011f\u0131 uyuz k\u00f6peklerin bask\u0131s\u0131 ve boyunduru\u011fu alt\u0131nda inliyor.<\/p>\n<p>D\u00fcn; bat\u0131l\u0131lar taraf\u0131ndan y\u00f6netilen ve y\u00f6nlendirilen yahudi, ermeni, rum bozmas\u0131, d\u00f6nmeler ve yerli m\u00fcnaf\u0131klar\u0131n sahneye koyduklar\u0131 ihanetleri ayn\u0131 \u015fekilde bug\u00fcn de; yapacaklar\u0131n\u0131 s\u00f6yleyen ikiy\u00fczl\u00fc f\u0131r\u0131ldak politikac\u0131lar var.<\/p>\n<p>Milliyet\u00e7i ge\u00e7inen hainlerle, mafya bozuntusu parti ba\u015fkanlar\u0131yla, \u00e7apulcu sokak kabaday\u0131lar\u0131yla, milletin i\u00e7inde serseri may\u0131nlar gibi dola\u015fan milletvekili k\u0131l\u0131kl\u0131 manukyan\u0131n \u00e7ocuklar\u0131yla, halk ad\u0131na halk d\u00fc\u015fmanl\u0131\u011f\u0131 yapan ter\u00f6ristler, ajanlar, provakat\u00f6rlerle ayn\u0131 ittifak i\u00e7inde yer alan aln\u0131 secde\u2019 li ahmaklar, bat\u0131ya u\u015fakl\u0131k, emperyalizme ma\u015fal\u0131k yapmak i\u00e7in adeta birbirleriyle yar\u0131\u015f\u0131yorlar.<\/p>\n<p>Milletimiz Bat\u0131 emperyalizmine u\u015fakl\u0131k yapan, kendi tarih ve medeniyetinden kopuk bir \u00fclke isteyen yuvarlak masa \u00e7ocuklar\u0131 ile tarih ve k\u00fclt\u00fcr\u00fcn\u00fc, medeniyet ve ahlak\u0131n\u0131, \u00fclkesini ve co\u011frafyas\u0131n\u0131 referans alan T\u00fcrkiye sevdal\u0131lar\u0131n\u0131 elbette ay\u0131rt edecek feraset ve cesarete sahiptir.<\/p>\n<p>Kuyru\u011funu ap\u0131\u015f aras\u0131na s\u0131k\u0131\u015ft\u0131ran, ars\u0131z, y\u00fczs\u00fcz kirli \u00e7akallar ile Anadolu\u2019nun yi\u011fit, kahraman aslanlar\u0131 aras\u0131nda yurdumuzun her k\u00f6\u015fesi ve buca\u011f\u0131nda s\u00fcrmekte olan bu m\u00fccadelede aziz milletimiz; aslanlar\u0131n\u0131 bat\u0131n\u0131n le\u015f kargalar\u0131 ve akbabalar\u0131na yem ettirmeyecek, vatan\u0131, milleti, din, ve k\u00fclt\u00fcr\u00fc i\u00e7in can\u0131n\u0131 feda etmekten \u00e7ekinmeyen evlatlar\u0131n\u0131n bat\u0131n\u0131n kurt postuna b\u00fcr\u00fcnm\u00fc\u015f \u00e7akallar\u0131na bo\u011fdurmayacakt\u0131r. \u015eimdiye kadar yapmad\u0131\u011f\u0131 ve bundan sonra da yapmayaca\u011f\u0131 gibi\u2026<\/p>\n<p>\u0130haneti yapan hainler, onlara yard\u0131m ve yatakl\u0131k edenler ahmaklard\u0131r. Bu i\u015fte kazananlar ise; kuklalar\u0131n\u0131 istedikleri gibi parmaklar\u0131nda oynatan kuklac\u0131lard\u0131r.<\/p>\n<p>Arif Altunba\u015f,\u00a0<a class=\"link_keywords\" style=\"color: #98171c\" title=\"Haber\" href=\"https:\/\/www.haber7.com\/\" target=\"_blank\" rel=\"noopener\">Haber<\/a>\u00a07<\/p>\n<\/div>\n<\/div>\n<\/div>\n<div class=\"comments\">\n<h4>Yorumlar<i>3<\/i><\/h4>\n<\/div>\n","protected":false},"excerpt":{"rendered":"<p>\u0130slam medeniyet ve k\u00fclt\u00fcr\u00fcn\u00fcn karakteri ve d\u00fc\u015f\u00fcnce tarz\u0131 Mevlana\u2019n\u0131n ifadesiyle; \u2019\u2019Ya oldu\u011fun gibi g\u00f6r\u00fcn veya g\u00f6r\u00fcnd\u00fc\u011f\u00fcn gibi ol\u2019\u2019 \u00f6l\u00e7\u00fcs\u00fcd\u00fcr. \u2018\u2019Birg\u00fcn siz bizim putlar\u0131m\u0131za tap\u0131n, birg\u00fcn de biz sizin rabbinize tapal\u0131m\u2019\u2019 anlay\u0131\u015f\u0131 \u0130slam toplumunda asla kabul g\u00f6rmez. G\u00fcn\u00fcm\u00fcz ideolojik hareket ve partilerinin temel d\u00fc\u015f\u00fcnceleri ve hayata bak\u0131\u015flar\u0131 nas\u0131lsa onu \u00f6ylece ortaya koyup insanlardan oy istemeleri, toplumun &hellip;<\/p>\n","protected":false},"author":2,"featured_media":45528,"comment_status":"open","ping_status":"open","sticky":false,"template":"","format":"standard","meta":{"om_disable_all_campaigns":false,"_themeisle_gutenberg_block_has_review":false,"_joinchat":[],"footnotes":""},"categories":[49,38,43],"tags":[],"class_list":["post-44072","post","type-post","status-publish","format-standard","has-post-thumbnail","","category-arif","category-guncel","category-yazarlar"],"_links":{"self":[{"href":"https:\/\/akincilardergisi.com\/tr\/wp-json\/wp\/v2\/posts\/44072","targetHints":{"allow":["GET"]}}],"collection":[{"href":"https:\/\/akincilardergisi.com\/tr\/wp-json\/wp\/v2\/posts"}],"about":[{"href":"https:\/\/akincilardergisi.com\/tr\/wp-json\/wp\/v2\/types\/post"}],"author":[{"embeddable":true,"href":"https:\/\/akincilardergisi.com\/tr\/wp-json\/wp\/v2\/users\/2"}],"replies":[{"embeddable":true,"href":"https:\/\/akincilardergisi.com\/tr\/wp-json\/wp\/v2\/comments?post=44072"}],"version-history":[{"count":0,"href":"https:\/\/akincilardergisi.com\/tr\/wp-json\/wp\/v2\/posts\/44072\/revisions"}],"wp:featuredmedia":[{"embeddable":true,"href":"https:\/\/akincilardergisi.com\/tr\/wp-json\/wp\/v2\/media\/45528"}],"wp:attachment":[{"href":"https:\/\/akincilardergisi.com\/tr\/wp-json\/wp\/v2\/media?parent=44072"}],"wp:term":[{"taxonomy":"category","embeddable":true,"href":"https:\/\/akincilardergisi.com\/tr\/wp-json\/wp\/v2\/categories?post=44072"},{"taxonomy":"post_tag","embeddable":true,"href":"https:\/\/akincilardergisi.com\/tr\/wp-json\/wp\/v2\/tags?post=44072"}],"curies":[{"name":"wp","href":"https:\/\/api.w.org\/{rel}","templated":true}]}}