{"id":43759,"date":"2021-12-10T14:10:42","date_gmt":"2021-12-10T12:10:42","guid":{"rendered":"http:\/\/akincilardergisi.com\/dergi\/?p=43759"},"modified":"2023-11-05T13:40:38","modified_gmt":"2023-11-05T10:40:38","slug":"abdulhamit-han-ve-erdogan-cizgisi","status":"publish","type":"post","link":"https:\/\/akincilardergisi.com\/tr\/abdulhamit-han-ve-erdogan-cizgisi\/","title":{"rendered":"Abdulhamit Han ve Erdo\u011fan \u00e7izgisi!"},"content":{"rendered":"<div class=\"authors detail\">\n<div class=\"picture\"><\/div>\n<div class=\"picture\"><\/div>\n<div class=\"picture\"><\/div>\n<\/div>\n<div class=\"news-detail\">\n<div class=\"article\">\n<div class=\"news-content\">\n<p>Abdulhamit Handan sonra bu vatana ve millete en fazla hizmeti dokunan iktidar\u0131n ba\u015fkan Erdo\u011fan d\u00f6nemi oldu\u011funu, bu y\u00fczden de T\u00fcrkiye\u2019nin b\u00fct\u00fcn i\u00e7 ve d\u0131\u015f \u015fer g\u00fc\u00e7lerin hedefi haline geldi\u011fini, onu y\u0131pratmak ve y\u0131kmak i\u00e7in emperyalist g\u00fc\u00e7lerin \u00e7e\u015fitli yollardan Erdo\u011fan ve T\u00fcrkiye\u2019ye s\u00fcrekli sald\u0131rd\u0131\u011f\u0131n\u0131 g\u00f6r\u00fcyoruz.<\/p>\n<p>ABD ve AB\u2019 \u0131n ete\u011finin alt\u0131na s\u0131\u011f\u0131narak muhalefet ad\u0131na i\u00e7eriden vatan\u0131m\u0131z\u0131, milletimizi ve gelece\u011fimizi hedef alan bu sald\u0131r\u0131lar d\u00fcn olu\u011fu gibi ayn\u0131 \u015fekilde Abdulhamit Han\u2019\u0131 devirmek i\u00e7in ayn\u0131 usul, ayn\u0131 d\u00fc\u015fmanl\u0131k, ayn\u0131 kara propaganda, oyun ve taktiklerle bir as\u0131r \u00f6nce meydana geldi\u011fi gibi milletin g\u00f6z\u00fc \u00f6n\u00fcnde bu \u00fclkede ger\u00e7ekle\u015fiyor. Millet olarak ge\u00e7mi\u015ften ciddi dersler almad\u0131\u011f\u0131m\u0131z i\u00e7in tarih bug\u00fcn de aynen tekrar ediyor.<\/p>\n<p>&#8220;Tayyip gitmeden bu \u00fclke d\u00fczelmez\u2019\u2019 diyen Abdulhamit Han kar\u015f\u0131tlar\u0131n\u0131n babalar\u0131 ve atalar\u0131 d\u00fcn de; Abdulhamit gitmeden bu \u00fclke d\u00fczelmez\u2019\u2019 diyorlard\u0131. Dindar\u0131 dinsizi, \u015feyhi-\u015feyhulislam\u0131, yazar\u0131 politikac\u0131s\u0131, alimi zalimi, Ermeni\u2019si Rum\u2019u, Yahudi\u2019si H\u0131ristiyan\u2019 \u0131, Mason\u2019 u Sabetayist\u2019 i, muhafazakar ve milliyet\u00e7i g\u00f6r\u00fcn\u00fcm\u00fcndeki ittihat\u00e7\u0131lar\u0131n millet ad\u0131na kurduklar\u0131 zillet ittifak\u0131yla birlikte hareket ederek koskoca \u0130mparatorlu\u011funu 11 y\u0131lda par\u00e7alay\u0131p y\u0131kt\u0131lar. \u0130\u015fgaller, katliamlar, g\u00f6\u00e7ler, a\u00e7l\u0131k ve yoksulluklarla imtihan\u0131n her t\u00fcrl\u00fcs\u00fcn\u00fc ya\u015fad\u0131k. Bu onurlu millet bir avu\u00e7 Anadolu topra\u011f\u0131na s\u0131k\u0131\u015f\u0131p kald\u0131. Kendi yurtlar\u0131m\u0131zda yabanc\u0131 ve esir olduk.<\/p>\n<p>D\u0131\u015far\u0131dan T\u00fcrkiye d\u00fc\u015fmanlar\u0131 ve onlar\u0131n yanda\u015flar\u0131 i\u00e7eriden; CHP, PKK, HDP, \u0130P, SP ve di\u011fer bile\u015fenlerin ittifak\u0131yla \u00fclkemiz ku\u015fat\u0131larak, elleri ve kollar\u0131 ba\u011flan\u0131p esir al\u0131nmak isteniyor. B\u00fct\u00fcn ayak oyunlar\u0131, g\u00f6z boyama denemeleri, yalan ve iftira senaryolar\u0131, mahvolduk bittik edebiyatlar\u0131 her \u015fey apa\u00e7\u0131k ortada. Kenar mahalle \u00e7ocuklar\u0131n\u0131n bile tenezz\u00fcl etmedi\u011fi;\u00a0 yalan, iftira, kara propaganda ve (bat\u0131 patentli) suni bunal\u0131m senaryolar\u0131yla bir ka\u015f\u0131k suda f\u0131rt\u0131nalar kopar\u0131larak T\u00fcrkiye gemisi karaya oturtulmak isteniyor. Bu i\u015f i\u00e7in millet ad\u0131na, millete kar\u015f\u0131 yola \u00e7\u0131kt\u0131\u011f\u0131n\u0131 s\u00f6yleyen Osmanl\u0131n\u0131n k\u0131l\u0131\u00e7 art\u0131\u011f\u0131 ittihat\u00e7\u0131lar milletin d\u00fc\u015fmanlar\u0131yla ittifak ederek; \u2018\u2019Tayyip gitsin de, kim gelirse gelsin\u2019\u2019 diye yapmad\u0131klar\u0131 seviyesizlik, ahlaks\u0131zl\u0131k ve d\u00fc\u015fmanl\u0131k yok. Cennet mekan Abdulhamid Han\u2019a ve Osmanl\u0131ya uygulanan d\u00fc\u015fmanl\u0131\u011f\u0131n ayn\u0131s\u0131 bug\u00fcn de; Erdo\u011fan\u2019a ve T\u00fcrkiye\u2019ye kar\u015f\u0131 yerli m\u00fcnaf\u0131klar ve d\u0131\u015f g\u00fc\u00e7ler taraf\u0131ndan uygulan\u0131yor.<\/p>\n<p>Abdulhamit Han\u2019\u0131 darbe ile ala\u015fa\u011f\u0131 eden Selanik\u2019ten yola \u00e7\u0131kan Osmanl\u0131 Hareket Ordusuydu. Yani, \u0130ttihat\u00e7\u0131lar\u0131n komutas\u0131ndaki o \u015fanl\u0131 Osmanl\u0131 ordusu\u2026 Yani, bizim insan\u0131m\u0131z ve karde\u015flerimiz. Bug\u00fcn millet ittifak\u0131 \u015femsiyesi alt\u0131nda kand\u0131r\u0131lmaya, oyuna getirilmeye \u00e7al\u0131\u015f\u0131lan da aynen d\u00fcnk\u00fc karde\u015flerimiz gibi bir intihar hareketinin fig\u00fcranlar\u0131 ve canl\u0131 bombalar\u0131 yap\u0131lmaya \u00e7al\u0131\u015f\u0131l\u0131yor. Biden\u2019 in dedi\u011fi gibi; \u2018\u2019Bu sefer darbe ile de\u011fil de, muhalefeti destekleyerek\u2019\u2019 Tayyip Erdo\u011fan\u2019\u0131 y\u0131kmaya \u00e7al\u0131\u015f\u0131yorlar.<\/p>\n<p>Ne ac\u0131d\u0131r ki, koskoca Osmanl\u0131 Sultan\u0131 Abdulhamit Han\u0131 \u0130stanbul\u2019da tutuklayan ve ellerini kollar\u0131n\u0131 ba\u011flay\u0131p Selanik\u2019 e g\u00f6z hapsine g\u00f6t\u00fcrenlerden birisi Yahudi, di\u011feri H\u0131ristiyan ve \u00f6tekisi ise, Ermeni, di\u011feri masondur. Tam 33 y\u0131l Osmanl\u0131dan bir avu\u00e7 toprak kapt\u0131rmayan, devleti ve milletini can\u0131 gibi koruyan ve y\u00f6neten o dev adam 5 zibidi \u015ferefsiz c\u00fccenin eliyle (*) esir edildi. Sonra onunla ve ailesi ile kedi ve fare gibi oynad\u0131lar. Onurunu ve \u015ferefini ayaklar\u0131 alt\u0131na al\u0131p \u00e7i\u011fnediler. Ve nihayet o ittihat\u00e7\u0131 ahmaklar 600 y\u0131ll\u0131k ulu bir imparatorlu\u011fu 11 y\u0131lda par\u00e7alatt\u0131r\u0131p, y\u0131k\u0131p \u0130ngiliz\u2019e teslim ettiler.<\/p>\n<p>D\u00fcn, Abdulhamit Han\u2019a yap\u0131lan d\u00fc\u015fmanl\u0131k ve ihanetler bug\u00fcn de; aynen Ba\u015fkan Erdo\u011fan\u2019a ve onun y\u00f6netti\u011fi T\u00fcrkiye\u2019ye yani benim- senin vatan\u0131na yap\u0131l\u0131yor. Kimler taraf\u0131ndan? Elbette; d\u00fcnk\u00fc ittihat\u00e7\u0131 al\u00e7aklar\u0131n izini s\u00fcren, d\u00fc\u015fmanlar\u0131m\u0131za \u00f6zenen ve a\u015f\u0131k olanlar taraf\u0131ndan\u2026 M\u00fcsl\u00fcman, muhafazakar ve milliyet\u00e7i g\u00f6r\u00fcnen yerli m\u00fcnaf\u0131klar, T\u00fcrkiye\u2019yi Suriyele\u015ftirmek isteyen bat\u0131nilerin g\u00fcn\u00fcm\u00fczdeki temsilcileri ve taklit\u00e7ileri taraf\u0131ndan\u2026<\/p>\n<p>Erdo\u011fan\u2019\u0131 anlamak i\u00e7in onun her g\u00fcn i\u00e7inde ya\u015fad\u0131\u011f\u0131 durumu anlamak ve g\u00f6rmek akl\u0131, vicdan\u0131 ve iman\u0131 olan bir insan i\u00e7in ders olarak yeter. Erdo\u011fan\u2019\u0131n kim ve nas\u0131l bir adam oldu\u011funu anlamak i\u00e7in, T\u00fcrkiye\u2019yi \u00e7epe\u00e7evre saran d\u00fc\u015fmanlara ve onlar\u0131n ittifak ettikleri yerli m\u00fcnaf\u0131klara bak\u0131n ve kim kimin dostudur daha iyi g\u00f6receksiniz.<\/p>\n<p>\u0130mam\u0131 \u015eafi diyor ki; \u2018\u2019 D\u00fc\u015fmanlar\u0131n\u0131z oklar\u0131n\u0131 kime do\u011fru \u00e7evrilmi\u015fse, o sizin dostunuzdur.\u2019\u2019 Ey Millet! Ey millet ittifak\u0131 yapt\u0131\u011f\u0131n\u0131 sananlar! Sizin oklar\u0131n\u0131z ne tarafa \u00e7evrilmi\u015f? T\u00fcrkiye d\u00fc\u015fmanlar\u0131na do\u011fru mu, yoksa ; T\u00fcrkiye\u2019nin Cumhurba\u015fkan\u0131 ve dostlar\u0131na do\u011fru mu? Allah\u2019\u0131n ve peygamberin dostlar\u0131 taraf\u0131na m\u0131, \u015feytan\u0131n ve Ta\u011fut\u2019 un dostlar\u0131 taraf\u0131na m\u0131?<\/p>\n<p>Tayyip Erdo\u011fan ve T\u00fcrkiye kar\u015f\u0131s\u0131nda d\u00fc\u015fmandan daha d\u00fc\u015fman davranan ve hareket eden devlet dairesi basan \u015fehir e\u015fkiyalar\u0131, y\u0131llarca d\u00fc\u015fmanlar\u0131m\u0131za askerlik yapan ve askerimize kur\u015fun s\u0131kan ma\u011fara \u00e7akallar\u0131, milletimize kar\u015f\u0131 \u00fc\u00e7 maymunu oynayan politika bezirganlar\u0131 sizin oklar\u0131n\u0131z neden Erdo\u011fan\u2019\u0131 ni\u015fan alm\u0131\u015f durumda da Amerika\u2019y\u0131, Esed\u2019 i, \u0130srail\u2019 i, PKK\u2019 y\u0131 ve HDP\u2019 yi de\u011fil.<\/p>\n<p>Erdo\u011fan gitsin de kim gelirse gelsin moduna girenler!<\/p>\n<p>S\u00f6yleyin siz! Hangi Nemrut da\u011f\u0131n\u0131n r\u00fczgar\u0131, hangi Firavun piramidin mumyalar\u0131, hangi emperyalizmin kuklalar\u0131,\u00a0 hangi cehenneme odun ta\u015f\u0131yan hamallars\u0131n\u0131z?<\/p>\n<p>Bu muhalefetin i\u00e7inizde d\u00f6rt tane koyunu g\u00fcdecek bir \u00e7oban var m\u0131? Din; d\u00fc\u015fman\u0131, vatan; d\u00fc\u015fman\u0131, millet; d\u00fc\u015fman\u0131, \u0131rz ve namus; d\u00fc\u015fman\u0131, \u015fehit ve \u015fehit ailesi; d\u00fc\u015fman\u0131, cami ve cemaat, \u0130slam ve Kur\u2019an d\u00fc\u015fman\u0131 \u00e7apulcularla M\u00fcsl\u00fcman bir millet ve T\u00fcrkiye y\u00f6netilir mi?<\/p>\n<p>B\u0131rak\u0131n, d\u00fc\u015f kurup iktidara gelmeyi de derin uykular\u0131n\u0131zdan uyan\u0131n! \u0130hanet, namludan \u00e7\u0131kan kur\u015fun gibidir. Daha sonra \u00f6z\u00fcr ve af dilemek ve geri d\u00f6n\u00fc\u015f\u00fc olmaz. Bu millete ve \u00fclkeye kaybettirir ve kaybedersiniz.<\/p>\n<p>Arif Altunba\u015f,\u00a0<a class=\"link_keywords\" style=\"color: #98171c;\" title=\"Haber\" href=\"https:\/\/www.haber7.com\/\" target=\"_blank\" rel=\"noopener\">Haber<\/a>\u00a07<\/p>\n<p>NOT; Meclis-i Mebusan\u2019\u0131n ald\u0131\u011f\u0131 karar ile Yahudi Emanuel Karasu, Ermeni Aram Efendi, Arnavut Esad Toptani, G\u00fcrc\u00fc Arif Hikmet Pa\u015fa ittihat ve terakki milletvekili ba\u015f mabeyinci Cevdet Beydan olu\u015fan 5 mason Abdul Hamit Han\u2019\u0131 tahttan indirdi. Ve Selanik\u2019e s\u00fcrg\u00fcn etti.<\/p>\n<p>Abdulhamit Han\u0131n tahtan indirilmesinden hemen sonra Osmanl\u0131da ilk defa \u2018\u2019B\u00fcy\u00fck Osmanl\u0131 Mason locas\u0131\u2019\u2019 kuruldu. Ba\u015f\u0131na \u0130ttihat ve Terakkinin \u00f6nde giden ismi me\u015fhur mason Talat Pa\u015fa getirildi.<\/p>\n<\/div>\n<\/div>\n<\/div>\n<div class=\"comments\">\n<h4>Yorumlar<i>2<\/i><\/h4>\n<\/div>\n","protected":false},"excerpt":{"rendered":"<p>Abdulhamit Handan sonra bu vatana ve millete en fazla hizmeti dokunan iktidar\u0131n ba\u015fkan Erdo\u011fan d\u00f6nemi oldu\u011funu, bu y\u00fczden de T\u00fcrkiye\u2019nin b\u00fct\u00fcn i\u00e7 ve d\u0131\u015f \u015fer g\u00fc\u00e7lerin hedefi haline geldi\u011fini, onu y\u0131pratmak ve y\u0131kmak i\u00e7in emperyalist g\u00fc\u00e7lerin \u00e7e\u015fitli yollardan Erdo\u011fan ve T\u00fcrkiye\u2019ye s\u00fcrekli sald\u0131rd\u0131\u011f\u0131n\u0131 g\u00f6r\u00fcyoruz. ABD ve AB\u2019 \u0131n ete\u011finin alt\u0131na s\u0131\u011f\u0131narak muhalefet ad\u0131na i\u00e7eriden vatan\u0131m\u0131z\u0131, &hellip;<\/p>\n","protected":false},"author":2,"featured_media":48521,"comment_status":"open","ping_status":"open","sticky":false,"template":"","format":"standard","meta":{"om_disable_all_campaigns":false,"_themeisle_gutenberg_block_has_review":false,"_joinchat":[],"footnotes":""},"categories":[49,38,43],"tags":[],"class_list":["post-43759","post","type-post","status-publish","format-standard","has-post-thumbnail","","category-arif","category-guncel","category-yazarlar"],"_links":{"self":[{"href":"https:\/\/akincilardergisi.com\/tr\/wp-json\/wp\/v2\/posts\/43759","targetHints":{"allow":["GET"]}}],"collection":[{"href":"https:\/\/akincilardergisi.com\/tr\/wp-json\/wp\/v2\/posts"}],"about":[{"href":"https:\/\/akincilardergisi.com\/tr\/wp-json\/wp\/v2\/types\/post"}],"author":[{"embeddable":true,"href":"https:\/\/akincilardergisi.com\/tr\/wp-json\/wp\/v2\/users\/2"}],"replies":[{"embeddable":true,"href":"https:\/\/akincilardergisi.com\/tr\/wp-json\/wp\/v2\/comments?post=43759"}],"version-history":[{"count":0,"href":"https:\/\/akincilardergisi.com\/tr\/wp-json\/wp\/v2\/posts\/43759\/revisions"}],"wp:featuredmedia":[{"embeddable":true,"href":"https:\/\/akincilardergisi.com\/tr\/wp-json\/wp\/v2\/media\/48521"}],"wp:attachment":[{"href":"https:\/\/akincilardergisi.com\/tr\/wp-json\/wp\/v2\/media?parent=43759"}],"wp:term":[{"taxonomy":"category","embeddable":true,"href":"https:\/\/akincilardergisi.com\/tr\/wp-json\/wp\/v2\/categories?post=43759"},{"taxonomy":"post_tag","embeddable":true,"href":"https:\/\/akincilardergisi.com\/tr\/wp-json\/wp\/v2\/tags?post=43759"}],"curies":[{"name":"wp","href":"https:\/\/api.w.org\/{rel}","templated":true}]}}