{"id":43572,"date":"2021-10-07T09:05:59","date_gmt":"2021-10-07T06:05:59","guid":{"rendered":"http:\/\/akincilardergisi.com\/dergi\/?p=43572"},"modified":"2023-11-07T15:56:13","modified_gmt":"2023-11-07T12:56:13","slug":"yavas-yavas-sivisanlar","status":"publish","type":"post","link":"https:\/\/akincilardergisi.com\/tr\/yavas-yavas-sivisanlar\/","title":{"rendered":"YAVA\u015e YAVA\u015e SIVI\u015eANLAR"},"content":{"rendered":"<p>Kim ne derse desin,<\/p>\n<p>Cumhurba\u015fkan\u0131m\u0131z<\/p>\n<p>Art\u0131k basit bir particilik yar\u0131\u015f\u0131n\u0131n \u00f6tesinde<\/p>\n<p>\u00c7ok daha b\u00fcy\u00fck ve mukaddes bir davan\u0131n m\u00fccadelesini vermektedir.<\/p>\n<p>Bu b\u00fcy\u00fck m\u00fccadeleyi anlamayan<\/p>\n<p>Veya<\/p>\n<p>Bu yolda y\u00fcr\u00fcmeyi g\u00f6ze alamayanlar<\/p>\n<p>T\u00fcrl\u00fc bahanelerle yava\u015f yava\u015f s\u0131v\u0131\u015fmaya ba\u015flad\u0131klar\u0131n\u0131 m\u00fc\u015fahede etmekteyiz.<\/p>\n<p>&nbsp;<\/p>\n<p>BAHANELER HAZIR<\/p>\n<p>Gemiyi terk ederken de d\u00fcr\u00fcst\u00e7e;<\/p>\n<p>\u201cArkada\u015f! Ben bu kadar a\u011f\u0131r bir y\u00fck\u00fc kald\u0131ramam..\u201d demiyor da<\/p>\n<p>Kusur aramaya \u00e7al\u0131\u015f\u0131yorlar.<\/p>\n<p>&#8211;\u00a0\u00a0\u00a0\u00a0\u00a0\u00a0\u00a0 Akparti benim hi\u00e7 k\u0131ymetimi bilmiyor! Benim gibi bir milletvekili nereden bulacak? Neymi\u015f efendim, \u00fc\u00e7 d\u00f6nem s\u0131n\u0131rlamas\u0131 varm\u0131\u015f.<\/p>\n<p>Partiye girerken t\u00fcz\u00fc\u011f\u00fc biliyordum<\/p>\n<p>Ama<\/p>\n<p>\u00dc\u00e7 d\u00f6nemin b\u00f6yle \u00e7abucak ge\u00e7ece\u011fini nereden bileyim?<\/p>\n<p>&nbsp;<\/p>\n<p>Bence \u201cTayyip\u201d hata yap\u0131yor.<\/p>\n<p>Benim gibi bir milletvekilini nereden bulacak? Bana taa nerelerden teklif geliyor bir bilse\u2026<\/p>\n<p>&#8211;\u00a0\u00a0\u00a0\u00a0\u00a0\u00a0\u00a0 Cumhurba\u015fkan\u0131m\u0131z\u0131n bu kadar i\u015fi aras\u0131nda bir de sana nereden teklif gelmi\u015f onu mu takip edecek? Ama ben merak ettim.. senin gibi k\u0131ymetli bir politikac\u0131ya nerelerden teklif geliyormu\u015f?<\/p>\n<p>&#8211;\u00a0\u00a0\u00a0\u00a0\u00a0\u00a0\u00a0 CHP-HDP-\u0130PP-KLP-TTP-TUKAKA hepsinden teklif geliyor ama cevap vermiyorum.. kafam kar\u0131\u015fm\u0131\u015f vaziyette.<\/p>\n<p>\u00c7\u00fcnk\u00fc<\/p>\n<p>Memlekette bu kadar parti oldu\u011funu bilmiyordum.<\/p>\n<p>Yoksa\u2026 Yoksa ben de bir parti mi kursam? Ba\u015f\u0131na ge\u00e7er parti lideri olurum. \u201cTayyip\u201d adamlar\u0131n\u0131 g\u00f6nderir cumhur ittifak\u0131na davet eder. Ayyy!.. D\u00fc\u015f\u00fcnmesi bile ne ho\u015f. B\u00f6yle bir \u015fey olsa i\u00e7imin ya\u011flar\u0131 nas\u0131l erir biliyor musun?<\/p>\n<p>Ama yok yok..\u00fc\u00e7 d\u00f6nem \u015fart\u0131n\u0131 kald\u0131r\u0131rsa gitmekten vazge\u00e7erim. Aksi halde\u2026<\/p>\n<p>&#8211;\u00a0\u00a0\u00a0\u00a0\u00a0\u00a0\u00a0 Aksi halde?<\/p>\n<p>&#8211;\u00a0\u00a0\u00a0\u00a0\u00a0\u00a0\u00a0 K\u00fcserim!.. Sand\u0131\u011fa da gidip oy moy da kullanmam. \u0130\u015fte bu kadar!<\/p>\n<p>&nbsp;<\/p>\n<p>TAY\u0130N<\/p>\n<p>&#8211;\u00a0\u00a0\u00a0\u00a0\u00a0\u00a0\u00a0 Peki, arkada\u015f senin derdin ne?<\/p>\n<p>&#8211;\u00a0\u00a0\u00a0\u00a0\u00a0\u00a0\u00a0 Ben kaymakam idim. Vali yard\u0131mc\u0131s\u0131 oldum, sonra vali\u2026 Bir tayin istedim o da olmad\u0131. K\u00fcst\u00fcm\u2026<\/p>\n<p>&nbsp;<\/p>\n<p>\u0130HALE<\/p>\n<p>&#8211;\u00a0\u00a0\u00a0\u00a0\u00a0\u00a0\u00a0 Ya sen?<\/p>\n<p>&#8211;\u00a0\u00a0\u00a0\u00a0\u00a0\u00a0\u00a0 Ben de bir ihaleye girdim vermediler. Hep Cengiz hep Cengiz\u2026 Ba\u015fka m\u00fctaahit mi yok bu memlekette?<\/p>\n<p>&#8211;\u00a0\u00a0\u00a0\u00a0\u00a0\u00a0\u00a0 \u0130yi ama sen de bu zamana kadar bir\u00e7ok ihale ald\u0131n.. bu arada karun kadar da zenginle\u015ftin. Daha ne istiyorsun? Hem ihale almak i\u00e7in belediyeler de var. Oradan da alabilirsin!<\/p>\n<p>&#8211;\u00a0\u00a0\u00a0\u00a0\u00a0\u00a0\u00a0 Ya hu sen deli misin? Sanki i\u015f mi yap\u0131yorlar da ihale olsun? \u0130kincisi ihale olsa bile beni hi\u00e7 o kap\u0131dan i\u00e7eri sokarlar m\u0131?<\/p>\n<p>&#8211;\u00a0\u00a0\u00a0\u00a0\u00a0\u00a0\u00a0 Bunlar\u0131 biliyorsun da ne diye k\u00fcst\u00fcn?<\/p>\n<p>&#8211;\u00a0\u00a0\u00a0\u00a0\u00a0\u00a0\u00a0 Ben k\u00fcsmedim ama muhaliflere cevap yeti\u015ftiremedi\u011fim i\u00e7in y\u0131ld\u0131m. Hem AKP kar\u015f\u0131t\u0131 olmak da \u00e7ok keyifliymi\u015f\u2026 \u0130nkar ve ret \u00e7ok kolay i\u015flermi\u015f.. ama savunmak o kadar kolay m\u0131? Partini ve liderini savunmak i\u00e7in bir s\u00fcr\u00fc bilgi birikim laz\u0131m<\/p>\n<p>H\u00e2lbuki<\/p>\n<p>\u201cNe bu zamlar?\u201d deyip bir s\u00fcr\u00fc laf sayd\u0131r\u0131nca hem rahatl\u0131yor hem de muhaliflerden gelen sald\u0131r\u0131lardan korunuyorum.<\/p>\n<p>&#8211;\u00a0\u00a0\u00a0\u00a0\u00a0\u00a0\u00a0 \u2026\u2026..!!!!!<\/p>\n<p>&nbsp;<\/p>\n<p>Buna benzer<\/p>\n<p>Menfaati kesildi\u011finde s\u0131rt\u0131n\u0131 d\u00f6nenler oldu\u011fu gibi<\/p>\n<p>Cumhurba\u015fkan\u0131m\u0131z\u0131n<\/p>\n<p>Verdi\u011fi b\u00fcy\u00fck m\u00fccadeleyi takdir eden<\/p>\n<p>Derin milletimizin nabz\u0131 atmaya devam ediyor.<\/p>\n<p>Ancak<\/p>\n<p>Onlar b\u00f6yle ortal\u0131kta olur olmaz bir \u015fekilde konu\u015fmaz<\/p>\n<p>H\u0131n\u00e7lar\u0131n\u0131 sand\u0131kta almak \u00fczere biriktiriyorlar.<\/p>\n<p>&nbsp;<\/p>\n<p>Bu arada<\/p>\n<p>\u201cB\u00fcy\u00fck \u015fehirleri ald\u0131m!..\u201d diyerek b\u00f6b\u00fcrlenmek kolay<\/p>\n<p>Ama<\/p>\n<p>B\u00fcy\u00fck \u015fehirlerde insanlar\u0131 yollarda peri\u015fan etmenin<\/p>\n<p>Elbette sand\u0131kta bir kar\u015f\u0131l\u0131\u011f\u0131 olacakt\u0131r.<\/p>\n<p>Milletimizi<\/p>\n<p>Bir \u015fey bilmiyor, anlam\u0131yor sanmak kadar b\u00fcy\u00fck bir gaflet olamaz.<\/p>\n<p>&nbsp;<\/p>\n<p>Emin Batur<\/p>\n","protected":false},"excerpt":{"rendered":"<p>Kim ne derse desin, Cumhurba\u015fkan\u0131m\u0131z Art\u0131k basit bir particilik yar\u0131\u015f\u0131n\u0131n \u00f6tesinde \u00c7ok daha b\u00fcy\u00fck ve mukaddes bir davan\u0131n m\u00fccadelesini vermektedir. Bu b\u00fcy\u00fck m\u00fccadeleyi anlamayan Veya Bu yolda y\u00fcr\u00fcmeyi g\u00f6ze alamayanlar T\u00fcrl\u00fc bahanelerle yava\u015f yava\u015f s\u0131v\u0131\u015fmaya ba\u015flad\u0131klar\u0131n\u0131 m\u00fc\u015fahede etmekteyiz. &nbsp; BAHANELER HAZIR Gemiyi terk ederken de d\u00fcr\u00fcst\u00e7e; \u201cArkada\u015f! Ben bu kadar a\u011f\u0131r bir y\u00fck\u00fc kald\u0131ramam..\u201d demiyor &hellip;<\/p>\n","protected":false},"author":14,"featured_media":48521,"comment_status":"open","ping_status":"open","sticky":false,"template":"","format":"standard","meta":{"om_disable_all_campaigns":false,"_themeisle_gutenberg_block_has_review":false,"_joinchat":[],"footnotes":""},"categories":[56,38,43],"tags":[],"class_list":["post-43572","post","type-post","status-publish","format-standard","has-post-thumbnail","","category-emin","category-guncel","category-yazarlar"],"_links":{"self":[{"href":"https:\/\/akincilardergisi.com\/tr\/wp-json\/wp\/v2\/posts\/43572","targetHints":{"allow":["GET"]}}],"collection":[{"href":"https:\/\/akincilardergisi.com\/tr\/wp-json\/wp\/v2\/posts"}],"about":[{"href":"https:\/\/akincilardergisi.com\/tr\/wp-json\/wp\/v2\/types\/post"}],"author":[{"embeddable":true,"href":"https:\/\/akincilardergisi.com\/tr\/wp-json\/wp\/v2\/users\/14"}],"replies":[{"embeddable":true,"href":"https:\/\/akincilardergisi.com\/tr\/wp-json\/wp\/v2\/comments?post=43572"}],"version-history":[{"count":0,"href":"https:\/\/akincilardergisi.com\/tr\/wp-json\/wp\/v2\/posts\/43572\/revisions"}],"wp:featuredmedia":[{"embeddable":true,"href":"https:\/\/akincilardergisi.com\/tr\/wp-json\/wp\/v2\/media\/48521"}],"wp:attachment":[{"href":"https:\/\/akincilardergisi.com\/tr\/wp-json\/wp\/v2\/media?parent=43572"}],"wp:term":[{"taxonomy":"category","embeddable":true,"href":"https:\/\/akincilardergisi.com\/tr\/wp-json\/wp\/v2\/categories?post=43572"},{"taxonomy":"post_tag","embeddable":true,"href":"https:\/\/akincilardergisi.com\/tr\/wp-json\/wp\/v2\/tags?post=43572"}],"curies":[{"name":"wp","href":"https:\/\/api.w.org\/{rel}","templated":true}]}}