{"id":43280,"date":"2021-07-29T09:49:33","date_gmt":"2021-07-29T06:49:33","guid":{"rendered":"http:\/\/akincilardergisi.com\/dergi\/?p=43280"},"modified":"2023-11-07T15:56:15","modified_gmt":"2023-11-07T12:56:15","slug":"kilicdaroglu-bir-yandan-dunyaya-meydan-okurken-diger-yandan-baris-guvercini-edasiyla-suriye-ile-oturup-konusmaktan-bahsediyor","status":"publish","type":"post","link":"https:\/\/akincilardergisi.com\/tr\/kilicdaroglu-bir-yandan-dunyaya-meydan-okurken-diger-yandan-baris-guvercini-edasiyla-suriye-ile-oturup-konusmaktan-bahsediyor\/","title":{"rendered":"KILI\u00c7DARO\u011eLU B\u0130R YANDAN D\u00dcNYAYA MEYDAN OKURKEN D\u0130\u011eER YANDAN BARI\u015e G\u00dcVERC\u0130N\u0130 EDASIYLA SUR\u0130YE \u0130LE OTURUP KONU\u015eMAKTAN BAHSED\u0130YOR"},"content":{"rendered":"<p style=\"text-align: justify\">\u00d6nce<\/p>\n<p style=\"text-align: justify\">B\u0131\u00e7k\u0131nlara has bir \u00fcslupla;<\/p>\n<p style=\"text-align: justify\">&#8211;\u00a0\u00a0\u00a0\u00a0\u00a0\u00a0\u00a0 Yok \u00f6yle!<\/p>\n<p style=\"text-align: justify\">Erdo\u011fan\u2019la kar\u0131\u015ft\u0131r\u0131lmamas\u0131 gerekti\u011fini, \u00e7ok \u00e7etin m\u00fczakereler i\u00e7in haz\u0131r olmalar\u0131n\u0131 s\u00f6yledi.<\/p>\n<p style=\"text-align: justify\">Kime s\u00f6yledi?<\/p>\n<p style=\"text-align: justify\">Akparti iktidar\u0131n\u0131 devirmek i\u00e7in yard\u0131m istedi\u011fi ABD Ba\u015fkan\u0131 Biden\u2019a, Avrupa liderlerine<\/p>\n<p style=\"text-align: justify\">Yani k\u0131saca t\u00fcm d\u00fcnyaya<\/p>\n<p style=\"text-align: justify\">Zalo\u011flu R\u00fcstem edas\u0131yla racon kesti.<\/p>\n<p style=\"text-align: justify\">D\u00fcnyaya bu \u015fekilde meydan okuyan K\u0131l\u0131\u00e7daro\u011flu<\/p>\n<p style=\"text-align: justify\">Suriye meselesinde ise Be\u015f\u015far Esad ile masaya oturup konu\u015fmaktan bahsediyor.<\/p>\n<p style=\"text-align: justify\">\u201cNERDEN BAKSAN TUTARSIZLIK<\/p>\n<p style=\"text-align: justify\">NERDEN BAKSAN AHMAK\u00c7A\u201d<\/p>\n<p style=\"text-align: justify\">Ana muhalefet lideri<\/p>\n<p style=\"text-align: justify\">Son zamanlarda yapt\u0131\u011f\u0131 her konu\u015fmada bir s\u00fcr\u00fc \u00e7am deviriyor.<\/p>\n<p style=\"text-align: justify\">Fonda\u015f medya da \u201cHey ne yap\u0131yorsun?\u201d falan demeyince<\/p>\n<p style=\"text-align: justify\">O da \u00e7amlar\u0131 devire devire ilerliyor.<\/p>\n<p style=\"text-align: justify\">Sen hem bat\u0131 \u00fclkelerinden yard\u0131m isteyeceksin<\/p>\n<p style=\"text-align: justify\">Hem onlara posta koyacaks\u0131n.<\/p>\n<p style=\"text-align: justify\">\u201cBu ne yaman \u00e7eli\u015fki?\u201d<\/p>\n<p style=\"text-align: justify\">HANG\u0130 SUR\u0130YE?<\/p>\n<p style=\"text-align: justify\">\u201cSuriye ile oturup konu\u015faca\u011f\u0131z!\u201d diyor.<\/p>\n<p style=\"text-align: justify\">\u0130yi ama Suriye diye bir devlet var m\u0131 ki?<\/p>\n<p style=\"text-align: justify\">Diyelim ki, var!<\/p>\n<p style=\"text-align: justify\">Peki,<\/p>\n<p style=\"text-align: justify\">Be\u015f\u015far Esad\u2019\u0131n Rusya ve \u0130ran\u2019\u0131n m\u00fcsaadesi olmadan seninle oturup konu\u015fabilir mi?<\/p>\n<p style=\"text-align: justify\">Sava\u015ftan \u00f6nce<\/p>\n<p style=\"text-align: justify\">N\u00fcfusu 23-25 milyon tahmin edilen Suriye\u2019nin yar\u0131s\u0131 (12 milyon civar\u0131nda) yurt d\u0131\u015f\u0131na ka\u00e7m\u0131\u015f.<\/p>\n<p style=\"text-align: justify\">Kalan\u0131n yar\u0131s\u0131 da<\/p>\n<p style=\"text-align: justify\">Muhaliflerin kontrol etti\u011fi b\u00f6lgelerde ya\u015f\u0131yor. (PKK\/PYD-YPD.. Tahrir-\u00fc\u015f \u015eam ve Kuzey Suriye\u2019de bizim olu\u015fturdu\u011fumuz g\u00fcvenli b\u00f6lgede\u2026)<\/p>\n<p style=\"text-align: justify\">Zindanlardaki<\/p>\n<p style=\"text-align: justify\">100 binlerce mahk\u00fbmu da eklersek<\/p>\n<p style=\"text-align: justify\">K\u0131l\u0131\u00e7daro\u011flu\u2019nun bahsetti\u011fi Suriye devletinin elinde sadece 7-8 milyonluk bir n\u00fcfus kal\u0131yor.<\/p>\n<p style=\"text-align: justify\">Bu kalanlar\u0131n da imk\u00e2n\u0131 olsa yar\u0131s\u0131 \u00fclkeyi terk eder.<\/p>\n<p style=\"text-align: justify\">\u0130\u015fte! K\u0131l\u0131\u00e7daro\u011flu<\/p>\n<p style=\"text-align: justify\">T\u00fcrkiye\u2019yi b\u00f6yle bir rejimle muhatap etmek istiyor.<\/p>\n<p style=\"text-align: justify\">T\u00dcRK\u0130YE H\u0130MAYES\u0130NDE YA\u015eAYAN SUR\u0130YEL\u0130LER<\/p>\n<p style=\"text-align: justify\">SUR\u0130YE DEVLET\u0130N\u0130N HAK\u0130M OLDU\u011eU N\u00dcFUSTAN FAZLA<\/p>\n<p style=\"text-align: justify\">Sadece T\u00fcrkiye\u2019nin olu\u015fturdu\u011fu g\u00fcvenli b\u00f6lgede<\/p>\n<p style=\"text-align: justify\">Yani<\/p>\n<p style=\"text-align: justify\">F\u0131rat Kalkan\u0131, Zeytindal\u0131 ve Bar\u0131\u015f P\u0131nar\u0131 harek\u00e2tlar\u0131nda, olu\u015fturdu\u011fumuz g\u00fcvenli belgede ya\u015fayan n\u00fcfus ile T\u00fcrkiye\u2019de ya\u015fayan Suriyelileri eklerseniz<\/p>\n<p style=\"text-align: justify\">Suriye h\u00fck\u00fcmetinin \u015fu anda kontrol etti\u011fi n\u00fcfustan daha fazla bir n\u00fcfus bizim himayemizde ya\u015f\u0131yor.<\/p>\n<p style=\"text-align: justify\">SUR\u0130YE\u2019Y\u0130 DO\u011eRU OKUMAK<\/p>\n<p style=\"text-align: justify\">K\u0131l\u0131\u00e7daro\u011flu Suriye rejimi ile masaya oturmak istiyor<\/p>\n<p style=\"text-align: justify\">Tamam ama<\/p>\n<p style=\"text-align: justify\">Bir kere Suriye rejiminin buna yetkisi var m\u0131?<\/p>\n<p style=\"text-align: justify\">&#8211;\u00a0\u00a0\u00a0\u00a0\u00a0\u00a0\u00a0 Yok!<\/p>\n<p style=\"text-align: justify\">\u015eu anda Suriye rejiminin kontrol etti\u011fi b\u00f6lgede Be\u015f\u015far Esad\u2019\u0131n de\u011fil<\/p>\n<p style=\"text-align: justify\">Rusya ve \u0130ran\u2019\u0131n borusu \u00f6t\u00fcyor.<\/p>\n<p style=\"text-align: justify\">Be\u015f\u015far Esad\u2019\u0131n Suriye\u2019de<\/p>\n<p style=\"text-align: justify\">Atanm\u0131\u015f bir vali kadar bile yetkisi yok.<\/p>\n<p style=\"text-align: justify\">Nitekim<\/p>\n<p style=\"text-align: justify\">Suriye\u2019ye giden Rusya lideri Putin\u2019in yan\u0131nda y\u00fcr\u00fcmek istedi\u011finde<\/p>\n<p style=\"text-align: justify\">Rus generalin onu nas\u0131l geri \u00e7ekti\u011fi hat\u0131ralardad\u0131r.<\/p>\n<p style=\"text-align: justify\">Yani<\/p>\n<p style=\"text-align: justify\">K\u0131l\u0131\u00e7daro\u011flu Be\u015f\u015far ile konu\u015fmaya \u00e7ok hevesli<\/p>\n<p style=\"text-align: justify\">Ama<\/p>\n<p style=\"text-align: justify\">Be\u015f\u015far\u2019\u0131n Suriye\u2019de bir me\u015fruiyeti kalmam\u0131\u015f.<\/p>\n<p style=\"text-align: justify\">\u00dclke n\u00fcfusunun %75\u2019i ya yurt d\u0131\u015f\u0131na ka\u00e7m\u0131\u015f veya kendi kontrol\u00fcnde de\u011fil.<\/p>\n<p style=\"text-align: justify\">K\u0131l\u0131\u00e7daro\u011flu \u0130lla konu\u015fmak istiyorsa<\/p>\n<p style=\"text-align: justify\">Rusya ve \u0130ran\u2019la konu\u015fsun.<\/p>\n<p style=\"text-align: justify\">E, bunu da Cumhurba\u015fkan\u0131m\u0131z yap\u0131yor zaten.<\/p>\n<p style=\"text-align: justify\">Demek ki,<\/p>\n<p style=\"text-align: justify\">Bo\u015f konu\u015fup meseleyi k\u00f6p\u00fcrtmenin manas\u0131 da yok\u2026<\/p>\n<p style=\"text-align: justify\">KILI\u00c7DARO\u011eLU<\/p>\n<p style=\"text-align: justify\">YEN\u0130 BORALTAN K\u00d6PR\u00dcLER\u0130 M\u0130<\/p>\n<p style=\"text-align: justify\">\u0130HDAS ETMEK \u0130ST\u0130YOR?<\/p>\n<p style=\"text-align: justify\">Diyelim ki;<\/p>\n<p style=\"text-align: justify\">CHP\u2019nin istedi\u011fi oldu ve Suriyelileri Be\u015f\u015far Esad\u2019a teslim ettik.<\/p>\n<p style=\"text-align: justify\">Bu durumda<\/p>\n<p style=\"text-align: justify\">Yeni Boraltan K\u00f6pr\u00fcs\u00fc facialar\u0131na sebep olmaz m\u0131y\u0131z?<\/p>\n<p style=\"text-align: justify\">Hat\u0131rlanacak olursa,<\/p>\n<p style=\"text-align: justify\">CHP\u2019nin tek parti iktidar\u0131 zaman\u0131nda<\/p>\n<p style=\"text-align: justify\">Azerbaycan T\u00fcrklerini Ruslara teslim ederek<\/p>\n<p style=\"text-align: justify\">Kur\u015funa dizilmelerine sebep olmu\u015ftu.<\/p>\n<p style=\"text-align: justify\">K\u0131l\u0131\u00e7daro\u011flu \u015fimdi<\/p>\n<p style=\"text-align: justify\">Ayn\u0131 trajediyi tekrar etmek mi istiyor?<\/p>\n<p style=\"text-align: justify\">Z\u0130NDAN BORSASI<\/p>\n<p style=\"text-align: justify\">\u015eu anda<\/p>\n<p style=\"text-align: justify\">Suriye zindanlar\u0131nda<\/p>\n<p style=\"text-align: justify\">100 binlerce Suriyeli var.<\/p>\n<p style=\"text-align: justify\">Bunlar\u0131n ak\u0131beti bilinmiyor.<\/p>\n<p style=\"text-align: justify\">Sadece bir \u00f6rnek vermek gerekirse;<\/p>\n<p style=\"text-align: justify\">O\u011flunun hangi zindanda yatt\u0131\u011f\u0131n\u0131 \u00f6\u011frenmek isteyen bir anne<\/p>\n<p style=\"text-align: justify\">Bor\u00e7 har\u00e7 alarak 5.000 dolar\u0131 denkle\u015ftiriyor.<\/p>\n<p style=\"text-align: justify\">Bu paray\u0131<\/p>\n<p style=\"text-align: justify\">O\u011flunun sa\u011f m\u0131 \u00f6l\u00fc m\u00fc, ya\u015f\u0131yorsa hangi zindanda yatt\u0131\u011f\u0131n\u0131 \u00f6\u011frenmek i\u00e7in arac\u0131lar vas\u0131tas\u0131yla fidye olarak veriyor<\/p>\n<p style=\"text-align: justify\">Ama<\/p>\n<p style=\"text-align: justify\">Maalesef bu kadar y\u00fckl\u00fc bir para vermesine ra\u011fmen (Suriye\u2019de memur maa\u015f\u0131 50-60 $ )bir netice alamam\u0131\u015ft\u0131r.<\/p>\n<p style=\"text-align: justify\">\u201cKA\u00c7 SREBREN\u0130TSA KATL\u0130AMI \u00c7IKACAK?\u201d<\/p>\n<p style=\"text-align: justify\">Bu aile gibi y\u00fczbinlerce var.<\/p>\n<p style=\"text-align: justify\">K\u0131l\u0131\u00e7daro\u011flu bu ve bunun gibi aileleri Suriye\u2019ye geri g\u00f6nderebilir mi?<\/p>\n<p style=\"text-align: justify\">&#8211;\u00a0\u00a0\u00a0\u00a0\u00a0\u00a0\u00a0 M\u00fcmk\u00fcn de\u011fil g\u00f6nderemez!<\/p>\n<p style=\"text-align: justify\">\u0130ntihar eder de bu \u015fartlarda kimse gitmez. (\u0130leride durum d\u00fczelirse neden gitmesinler ki? Mal\u0131 m\u00fclk\u00fc orada\u2026)<\/p>\n<p style=\"text-align: justify\">Gidenlerden de ka\u00e7 Boraltan k\u00f6pr\u00fcs\u00fc \u00e7\u0131kaca\u011f\u0131n\u0131 Allah bilir.<\/p>\n<p style=\"text-align: justify\">Osman Atalay karde\u015fim<\/p>\n<p style=\"text-align: justify\">\u201cSuriye\u2019de sava\u015f bitti\u011finde<\/p>\n<p style=\"text-align: justify\">Bakal\u0131m ka\u00e7 tane Srebrenista katliam\u0131 \u00e7akacak?\u201d demi\u015fti.<\/p>\n<p style=\"text-align: justify\">B\u00f6yle katil bir rejimin h\u00fck\u00fcm s\u00fcrd\u00fc\u011f\u00fc bir \u00fclkeye, \u00e7oluk \u00e7ocu\u011funu al\u0131p da kim gider?<\/p>\n<p style=\"text-align: justify\">&#8211;\u00a0\u00a0\u00a0\u00a0\u00a0\u00a0\u00a0 Kimse gitmez!<\/p>\n<p style=\"text-align: justify\">Peki, K\u0131l\u0131\u00e7daro\u011flu bunu bilmiyor mu?<\/p>\n<p style=\"text-align: justify\">&#8211;\u00a0\u00a0\u00a0\u00a0\u00a0\u00a0\u00a0 Biliyor!<\/p>\n<p style=\"text-align: justify\">Ama siyaset i\u015fte!.. Prim yapt\u0131\u011f\u0131n\u0131 g\u00f6rd\u00fck\u00e7e \u0131s\u0131t\u0131p \u0131s\u0131t\u0131p g\u00fcndeme getiriyor.<\/p>\n<p style=\"text-align: justify\">\u00c7\u00fcnk\u00fc<\/p>\n<p style=\"text-align: justify\">Belediye ba\u015fkan\u0131 bile kamuoyu \u00f6n\u00fcnde yabanc\u0131lara (Asl\u0131nda Suriyeliler demek istiyor) suyu 10 kat\u0131na verelim diyor ve kendi taban\u0131ndan tepki alm\u0131yor.<\/p>\n<p style=\"text-align: justify\">CHP\u2019nin okumu\u015f ve kamu idaresine gelmi\u015f olan biri bile b\u00f6yle konu\u015fursa<\/p>\n<p style=\"text-align: justify\">Cahil olan\u0131n\u0131n ne yapaca\u011f\u0131n\u0131 art\u0131k siz hesap edin.<\/p>\n<p style=\"text-align: justify\">HDP PUSUDA BEKLEY\u0130P<\/p>\n<p style=\"text-align: justify\">SES\u0130N\u0130 \u00c7IKARMIYOR<\/p>\n<p style=\"text-align: justify\">VEYA<\/p>\n<p style=\"text-align: justify\">KOBAN\u0130 OLAYLARI NEDEN \u00c7IKTI?<\/p>\n<p style=\"text-align: justify\">Hat\u0131rlanacak olursa HDP<\/p>\n<p style=\"text-align: justify\">2014 y\u0131l\u0131nda \u201cK\u00fcrtler Suriye\u2019de \u00f6ld\u00fcr\u00fcl\u00fcyor!\u201d diyerek<\/p>\n<p style=\"text-align: justify\">G\u00fcneydo\u011fu\u2019da olaylar \u00e7\u0131karm\u0131\u015f \u015fehirlerimizi yakm\u0131\u015ft\u0131.<\/p>\n<p style=\"text-align: justify\">Neden?<\/p>\n<p style=\"text-align: justify\">\u00c7\u00fcnk\u00fc o zaman DAE\u015e (I\u015e\u0130D) sald\u0131r\u0131lar\u0131ndan ka\u00e7an Suriyeli K\u00fcrtler s\u0131n\u0131r\u0131m\u0131za dayanm\u0131\u015f, h\u00fckumet de onlar\u0131 i\u00e7eri olma konusunda bir ara teredd\u00fct etmi\u015fti.<\/p>\n<p style=\"text-align: justify\">Bunun \u00fczerine HDP<\/p>\n<p style=\"text-align: justify\">Taraftarlar\u0131n\u0131 soka\u011fa \u00e7a\u011f\u0131rm\u0131\u015f ve bildi\u011fimiz o me\u015fum olaylar meydana gelmi\u015fti.<\/p>\n<p style=\"text-align: justify\">&#8211;\u00a0\u00a0\u00a0\u00a0\u00a0\u00a0\u00a0 SUR\u0130YEL\u0130LER\u0130N KOBAN\u0130\u2019DEN G\u0130R\u0130\u015e YAPMASINA K\u0130MSEN\u0130N \u0130T\u0130RAZI OLMU\u015e MUYDU?<\/p>\n<p style=\"text-align: justify\">&#8211;\u00a0\u00a0\u00a0\u00a0\u00a0\u00a0\u00a0 Hay\u0131r!<\/p>\n<p style=\"text-align: justify\">Ne K\u0131l\u0131\u00e7daro\u011flu<\/p>\n<p style=\"text-align: justify\">\u00a0\u00a0\u00a0\u00a0\u00a0\u00a0\u00a0\u00a0\u00a0\u00a0\u00a0 Ne de Fonda\u015f medyadan hi\u00e7bir kimse \u00e7\u0131k\u0131p \u201cSuriyelileri i\u00e7eri almayal\u0131m!\u201d diyen olmam\u0131\u015ft\u0131. Tam aksine \u201czavall\u0131 insanlar\u0131 tel \u00f6rg\u00fc arkas\u0131nda ne diye bekletiyorsunuz!?\u201d demi\u015flerdi.<\/p>\n<p style=\"text-align: justify\">&#8211;\u00a0\u00a0\u00a0\u00a0\u00a0\u00a0\u00a0 Peki,<\/p>\n<p style=\"text-align: justify\">\u00a0\u00a0\u00a0\u00a0\u00a0\u00a0\u00a0\u00a0\u00a0\u00a0 O g\u00fcnden bug\u00fcne Suriye\u2019de g\u00fcvenlik a\u00e7\u0131s\u0131ndan de\u011fi\u015fen bir \u015fey oldu mu?<\/p>\n<p style=\"text-align: justify\">&#8211;\u00a0\u00a0\u00a0\u00a0\u00a0\u00a0\u00a0 Hay\u0131r! Daha k\u00f6t\u00fc oldu.<\/p>\n<p style=\"text-align: justify\">&#8211;\u00a0\u00a0\u00a0\u00a0\u00a0\u00a0\u00a0 Buna ra\u011fmen HDP neden K\u0131l\u0131\u00e7daro\u011flu\u2019na itiraz etmiyor?<\/p>\n<p style=\"text-align: justify\">&#8211;\u00a0\u00a0\u00a0\u00a0\u00a0\u00a0\u00a0 Millet \u0130ttifak\u0131na zarar gelmesin diye<\/p>\n<p style=\"text-align: justify\">&#8211;\u00a0\u00a0\u00a0\u00a0\u00a0\u00a0\u00a0 H\u00fckumet<\/p>\n<p style=\"text-align: justify\">Can g\u00fcvenli\u011finin olmad\u0131\u011f\u0131 Suriye\u2019ye geri g\u00f6nderme karar\u0131 alsa ne olur?<\/p>\n<p style=\"text-align: justify\">&#8211;\u00a0\u00a0\u00a0\u00a0\u00a0\u00a0\u00a0 \u00a0HDP \u0131rk\u00e7\u0131 bir politika g\u00fctt\u00fc\u011f\u00fc i\u00e7in<\/p>\n<p style=\"text-align: justify\">Suriyelileri sorun etmez<\/p>\n<p style=\"text-align: justify\">Ama<\/p>\n<p style=\"text-align: justify\">Bunlar\u0131n i\u00e7indeki K\u00fcrtleri d\u00fc\u015f\u00fcnerek itiraz eder<\/p>\n<p style=\"text-align: justify\">Ve<\/p>\n<p style=\"text-align: justify\">Bunun hesab\u0131n\u0131 K\u0131l\u0131\u00e7daro\u011flu\u2019ndan sorar.<\/p>\n<p style=\"text-align: justify\">&#8211;\u00a0\u00a0\u00a0\u00a0\u00a0\u00a0\u00a0 Neden?<\/p>\n<p style=\"text-align: justify\">HDP Suriye\u2019de YPG\/PKK\u2019n\u0131n hakim oldu\u011fu b\u00f6lgelerde K\u00fcrtleri iskan etmek istese de (HDP s\u0131rt\u0131n\u0131 bu \u00f6rg\u00fctlere dayad\u0131\u011f\u0131n\u0131 s\u00f6ylemi\u015fti) ABD\u2019nin deste\u011fi olmadan o b\u00f6lgelerde Suriye rejimine kar\u015f\u0131 koyamaz.<\/p>\n<p style=\"text-align: justify\">Yani<\/p>\n<p style=\"text-align: justify\">Bu sefer K\u00fcrt b\u00f6lgeleri rejimin varil bombalar\u0131yla kar\u015f\u0131 kar\u015f\u0131ya kalabilir.<\/p>\n<p style=\"text-align: justify\">Bundan dolay\u0131 ABD<\/p>\n<p style=\"text-align: justify\">PYD\/YPG-PKK\u2019n\u0131n kontrol etti\u011fi b\u00f6lgelere durmadan silah y\u0131\u011f\u0131yor.<\/p>\n<p style=\"text-align: justify\">&#8211;\u00a0\u00a0\u00a0\u00a0\u00a0\u00a0\u00a0 Peki, ABD<\/p>\n<p style=\"text-align: justify\">Afganistan\u2019da verdi\u011fi karar gibi Suriye\u2019den de \u00e7ekiliverirse K\u00fcrtler Be\u015f\u015far Esad\u2019\u0131n insaf\u0131na kalmaz m\u0131?<\/p>\n<p style=\"text-align: justify\">&#8211;\u00a0\u00a0\u00a0\u00a0\u00a0\u00a0\u00a0 Evet kal\u0131r\u2026 Cumhurba\u015fkan\u0131m\u0131z da bu y\u00fczden<\/p>\n<p style=\"text-align: justify\">Akparti\u2019nin puan kaybetme pahas\u0131na da olsa bu bi\u00e7are insanlar\u0131 Be\u015f\u015far Esad\u2019\u0131n insaf\u0131na terk etmemek i\u00e7in m\u00fccadele veriyor.<\/p>\n<p style=\"text-align: justify\">Ancak<\/p>\n<p style=\"text-align: justify\">Be\u015f\u015far gider ve Suriye g\u00fcvenli bir \u00fclke haline gelirse<\/p>\n<p style=\"text-align: justify\">Siz Suriyelileri burada tutmak isteseniz de (bir k\u0131sm\u0131 hari\u00e7) onlar geri gider.<\/p>\n<p style=\"text-align: justify\">FONDA\u015e MEDYA<\/p>\n<p style=\"text-align: justify\">CUMHURBA\u015eKANIMIZI ZORDA BIRAKMAK \u0130\u00c7\u0130N<\/p>\n<p style=\"text-align: justify\">SUR\u0130YE\u2019DEN DE BESLEN\u0130YOR OLAB\u0130L\u0130R M\u0130?<\/p>\n<p style=\"text-align: justify\">Neden olmas\u0131n!<\/p>\n<p style=\"text-align: justify\">Bug\u00fcn T\u00fcrkiye\u2019de karga\u015fa ve i\u00e7 sava\u015f olmas\u0131n\u0131 Amerika\u2019dan \u00e7ok Suriye rejimi ister.<\/p>\n<p style=\"text-align: justify\">Binaenaleyh<\/p>\n<p style=\"text-align: justify\">Suriye\u2019ye hamilik edenler<\/p>\n<p style=\"text-align: justify\">Kesenin a\u011fz\u0131n\u0131 a\u00e7m\u0131\u015f olamaz m\u0131?<\/p>\n<p style=\"text-align: justify\">Bence<\/p>\n<p style=\"text-align: justify\">Amerika\u2019dan gelen paralar kadar<\/p>\n<p style=\"text-align: justify\">Arap \u00fclkelerinden gelen paran\u0131n<\/p>\n<p style=\"text-align: justify\">Hangi<\/p>\n<p style=\"text-align: justify\">Fonda\u015f medyaya aktar\u0131ld\u0131\u011f\u0131n\u0131 tespit etmek \u00e7ok daha \u00f6nemli\u2026<\/p>\n<p style=\"text-align: justify\">\u00c7\u00fcnk\u00fc<\/p>\n<p style=\"text-align: justify\">Amerika ve \u0130ngiltere\u2019nin<\/p>\n<p style=\"text-align: justify\">Para verip konu\u015fturdu\u011fu \/yazd\u0131rd\u0131\u011f\u0131 bir medya ordusu oldu\u011funu el yordam\u0131 ile de olsa biliyorduk.<\/p>\n<p style=\"text-align: justify\">Yani<\/p>\n<p style=\"text-align: justify\">\u015eu anda belgelerin ortaya \u00e7\u0131kmas\u0131 bizi \u00e7ok \u015fa\u015f\u0131rtmad\u0131,<\/p>\n<p style=\"text-align: justify\">Ancak \u015funu bilmek laz\u0131m;<\/p>\n<p style=\"text-align: justify\">Bu belgeler ve mezk\u00fbr paralar buzda\u011f\u0131n\u0131n sadece g\u00f6r\u00fcnen k\u0131sm\u0131.<\/p>\n<p style=\"text-align: justify\">\u0130\u015fin as\u0131l \u00f6nemli k\u0131sm\u0131 \u00e7ok daha derinlerde.<\/p>\n<p style=\"text-align: justify\">Orada<\/p>\n<p style=\"text-align: justify\">Dizi film, sosyal medya y\u00f6netimi, \u00fcniversiteler, sinema filmleri vb. gibi mecralara k\u00fclliyetli miktarda para aktar\u0131larak halk\u0131m\u0131z\u0131n hayata, d\u00fcnyaya ve olaylara bak\u0131\u015f \u015fekli<\/p>\n<p style=\"text-align: justify\">Aynen gavurlar\u0131n bak\u0131\u015f a\u00e7\u0131s\u0131 \u015fekline d\u00f6n\u00fc\u015ft\u00fcr\u00fcl\u00fcyor.<\/p>\n<p style=\"text-align: justify\">As\u0131l tehlike bu!<\/p>\n<p style=\"text-align: justify\">Bu mecralar vas\u0131tas\u0131yla<\/p>\n<p style=\"text-align: justify\">Bizim kerim kimli\u011fimizi o kadar bozdular ki,<\/p>\n<p style=\"text-align: justify\">Suriyeli bir ailenin ate\u015f alt\u0131na veya zindana girmesini \u00f6nemsemeyen bir nesil yeti\u015ftiriyorlar.<\/p>\n<p style=\"text-align: justify\">Bunun \u00f6nlemini almam\u0131z laz\u0131m.<\/p>\n<p style=\"text-align: justify\">Allah<\/p>\n<p style=\"text-align: justify\">\u0130stikametimizi bozmas\u0131n,<\/p>\n<p style=\"text-align: justify\">\u00dclkemizi kar\u0131\u015ft\u0131rmak isteyenlere f\u0131rsat vermesin.<\/p>\n<p style=\"text-align: justify\">Amin\u2026<\/p>\n<p style=\"text-align: justify\">Emin Batur<\/p>\n","protected":false},"excerpt":{"rendered":"<p>\u00d6nce B\u0131\u00e7k\u0131nlara has bir \u00fcslupla; &#8211;\u00a0\u00a0\u00a0\u00a0\u00a0\u00a0\u00a0 Yok \u00f6yle! Erdo\u011fan\u2019la kar\u0131\u015ft\u0131r\u0131lmamas\u0131 gerekti\u011fini, \u00e7ok \u00e7etin m\u00fczakereler i\u00e7in haz\u0131r olmalar\u0131n\u0131 s\u00f6yledi. Kime s\u00f6yledi? Akparti iktidar\u0131n\u0131 devirmek i\u00e7in yard\u0131m istedi\u011fi ABD Ba\u015fkan\u0131 Biden\u2019a, Avrupa liderlerine Yani k\u0131saca t\u00fcm d\u00fcnyaya Zalo\u011flu R\u00fcstem edas\u0131yla racon kesti. D\u00fcnyaya bu \u015fekilde meydan okuyan K\u0131l\u0131\u00e7daro\u011flu Suriye meselesinde ise Be\u015f\u015far Esad ile masaya oturup konu\u015fmaktan &hellip;<\/p>\n","protected":false},"author":14,"featured_media":48521,"comment_status":"open","ping_status":"open","sticky":false,"template":"","format":"standard","meta":{"om_disable_all_campaigns":false,"_themeisle_gutenberg_block_has_review":false,"_joinchat":[],"footnotes":""},"categories":[56,38,43],"tags":[],"class_list":["post-43280","post","type-post","status-publish","format-standard","has-post-thumbnail","","category-emin","category-guncel","category-yazarlar"],"_links":{"self":[{"href":"https:\/\/akincilardergisi.com\/tr\/wp-json\/wp\/v2\/posts\/43280","targetHints":{"allow":["GET"]}}],"collection":[{"href":"https:\/\/akincilardergisi.com\/tr\/wp-json\/wp\/v2\/posts"}],"about":[{"href":"https:\/\/akincilardergisi.com\/tr\/wp-json\/wp\/v2\/types\/post"}],"author":[{"embeddable":true,"href":"https:\/\/akincilardergisi.com\/tr\/wp-json\/wp\/v2\/users\/14"}],"replies":[{"embeddable":true,"href":"https:\/\/akincilardergisi.com\/tr\/wp-json\/wp\/v2\/comments?post=43280"}],"version-history":[{"count":0,"href":"https:\/\/akincilardergisi.com\/tr\/wp-json\/wp\/v2\/posts\/43280\/revisions"}],"wp:featuredmedia":[{"embeddable":true,"href":"https:\/\/akincilardergisi.com\/tr\/wp-json\/wp\/v2\/media\/48521"}],"wp:attachment":[{"href":"https:\/\/akincilardergisi.com\/tr\/wp-json\/wp\/v2\/media?parent=43280"}],"wp:term":[{"taxonomy":"category","embeddable":true,"href":"https:\/\/akincilardergisi.com\/tr\/wp-json\/wp\/v2\/categories?post=43280"},{"taxonomy":"post_tag","embeddable":true,"href":"https:\/\/akincilardergisi.com\/tr\/wp-json\/wp\/v2\/tags?post=43280"}],"curies":[{"name":"wp","href":"https:\/\/api.w.org\/{rel}","templated":true}]}}