{"id":43165,"date":"2021-05-23T10:37:26","date_gmt":"2021-05-23T07:37:26","guid":{"rendered":"http:\/\/akincilardergisi.com\/dergi\/?p=43165"},"modified":"2025-08-28T07:31:34","modified_gmt":"2025-08-28T04:31:34","slug":"semitist-fasizm","status":"publish","type":"post","link":"https:\/\/akincilardergisi.com\/tr\/semitist-fasizm\/","title":{"rendered":"Semitist Fa\u015fizm"},"content":{"rendered":"<div class=\"authors detail\">\n<div class=\"picture\"><a style=\"color: #000000\" title=\"Arif Altunba\u015f\" href=\"https:\/\/www.haber7.com\/yazarlar\/arif-altunbas\"><img decoding=\"async\" title=\"Semitist Fa\u015fizm\" src=\"https:\/\/i12.haber7.net\/haber7\/columnists\/\/bw\/905.png\" alt=\"Semitist Fa\u015fizm\" \/><\/a><\/div>\n<div class=\"content\">\n<div class=\"social\"><\/div>\n<\/div>\n<\/div>\n<div class=\"news-detail\">\n<div class=\"article\">\n<div class=\"news-content\">\n<p>\u0130srail\u2019in Filistin&#8217;i i\u015fgaline ve oradaki zulm\u00fcne kar\u015f\u0131 tav\u0131r alan, s\u00f6z s\u00f6yleyen, eylem geli\u015ftiren kim olursa olsun Siyonizm ve onun u\u015faklar\u0131 taraf\u0131ndan her zaman Antisemitist ( Yahudi kar\u015f\u0131t\u0131) su\u00e7lamas\u0131yla \u00a0lin\u00e7 edilmek istenen bir d\u00fcnyada ya\u015f\u0131yoruz. \u00a0Irk\u00e7\u0131 \u0130srail rejiminin Filistin&#8217;deki i\u015fgal ve katliamlar\u0131na y\u00fcksek sesle kar\u015f\u0131 \u00e7\u0131kan T\u00fcrkiye Cumhurba\u015fkan\u0131 Ba\u015fkan Erdo\u011fan\u2019\u0131n Siyonist kuklas\u0131 ABD devlet ba\u015fkan\u0131 Joe Biden ve baz\u0131 Avrupal\u0131 devletlerce antisemitist olarak hedef haline getirilme tiraj\u0131 komedisini ya\u015fad\u0131\u011f\u0131m\u0131z gibi&#8230;<\/p>\n<p>\u0130\u015fgal eden, \u00f6ld\u00fcren, say\u0131s\u0131z zul\u00fcmler, seri katliamlar ve bask\u0131nlar yapan semitist fa\u015fizim hakl\u0131 g\u00f6sterilen, desteklenen, arkas\u0131nda durulan, alk\u0131\u015flanan bir taraf. Evlerinden, yurtlar\u0131ndan \u00e7\u0131kar\u0131lan, vatans\u0131z, ekmeksiz a\u015fs\u0131z, i\u015fsiz, e\u015fsiz,\u00a0 \u00e7oluk ve \u00e7ocuksuz b\u0131rak\u0131lan, ambargolarla d\u00fcnyan\u0131n en b\u00fcy\u00fck hapishanesi haline getirilen mazlum Filistin halk\u0131 su\u00e7lu, ter\u00f6rist ve sald\u0131rgan olarak nitelenen ve cezaland\u0131r\u0131lan ba\u015fka bir taraf. \u0130\u015fte; bat\u0131 emperyalizminin, kolanyal i\u015fgalcilerin, semitist fa\u015fistlerin adaleti ve insanl\u0131k anlay\u0131\u015f\u0131\u00a0 bu\u2026<\/p>\n<p>\u00d6nceki ABD ba\u015fkan\u0131 Trump ne kadar vah\u015fi ve barbar idi ise; ah\u0131 gitmi\u015f vah\u0131 kalm\u0131\u015f Biden\u2019nin de ondan hi\u00e7bir fark\u0131 yok. \u00a0Ad\u0131, \u0131rk\u0131, rengi, dini, devleti, ne olursa olsun; \u2018\u2019Ehli k\u00fcf\u00fcr bir millettir\u2019\u2019 s\u00f6z\u00fcm\u00fcz her \u00e7a\u011fda ve zamanda eskimez bir hakikat olarak, bug\u00fcn de; bizi en g\u00fc\u00e7l\u00fc bir \u015fekilde Kabil soylulara kar\u015f\u0131 uyarmakta ve uyan\u0131k olmam\u0131z\u0131 \u00f6\u011f\u00fctlemektedir. S\u00f6m\u00fcrgeci bat\u0131 emperyalizminin ve semitist fa\u015fizmin zerre kadar insaf ve merhameti yok. Bu korkun\u00e7 anlay\u0131\u015f bat\u0131 medeniyet ve k\u00fclt\u00fcr\u00fcn\u00fcn ruhunu olu\u015fturan \u015feytani bir mayay\u0131 ve onun \u00fcr\u00fcn\u00fc olan katil, barbar ve hukuk tan\u0131maz, g\u00fcce tapan bat\u0131 d\u00fcnyas\u0131n\u0131n bug\u00fcnk\u00fc duru\u015funu anlat\u0131yor.<\/p>\n<p>1.ve 2. D\u00fcnya sava\u015f\u0131nda Avrupal\u0131 Yahudileri Almanya, Polonya ve \u0130spanya gibi di\u011fer Avrupa \u00fclkelerinde katleden Avrupal\u0131 Fa\u015fistler bug\u00fcn Bremen M\u0131z\u0131kac\u0131lar\u0131 gibi hep bir a\u011f\u0131zdan Kud\u00fcs&#8217;te ve Filistin&#8217;de insanl\u0131k su\u00e7u i\u015fleyen Semitist Fa\u015fistleri desteklemeleri hi\u00e7te \u015fa\u015f\u0131rt\u0131c\u0131 de\u011fil. Apartaiht \u0130srail rejimi Avrupa fa\u015fizmindern \u00e7ok \u015feyler \u00f6\u011frenmi\u015f. D\u00fcn; Avrupal\u0131 Yahudilere kar\u015f\u0131 uygulana zulm\u00fc onlar bug\u00fcn de; Filistinli M\u00fcsl\u00fcmanlara kar\u015f\u0131 uyguluyor.\u00a0 Yapt\u0131klar\u0131 uluslararas\u0131 say\u0131s\u0131z kanun ihlalleri, insanl\u0131k su\u00e7lar\u0131, i\u015fgaller, zul\u00fcm ve katliamlar, \u015fimdiye kadar oldu\u011fu gibi, bu g\u00fcn de; \u2018\u2019\u0130srail&#8217;in kendini savunma hakk\u0131\u2019\u2019 olarak g\u00f6r\u00fcl\u00fcyor ve kabul g\u00f6r\u00fcyor. BM\u2019 yi kuran, y\u00f6neten ve onu daima \u00e7\u0131karlar\u0131 i\u00e7in bir ara\u00e7 olarak kullanan \u2018\u20195 Birle\u015fmi\u015f Kafir\u2019\u2019in ikiy\u00fczl\u00fcl\u00fc\u011f\u00fcn\u00fcn ac\u0131 bir meyvesidir bu. \u0130nsanl\u0131k BM\u2019nin bir zul\u00fcm , s\u00f6m\u00fcr\u00fc ve \u0130\u015fgal aparat\u0131 oldu\u011funu, veto hakk\u0131na sahip bu 5 \u00fclkenin ortak \u00e7\u0131karlar\u0131na hizmet etti\u011fini, Ba\u015fkan Erdo\u011fan&#8217;\u0131n neden \u2018\u2019D\u00fcnya 5\u2019ten b\u00fcy\u00fckt\u00fcr\u2019\u2019 dedi\u011fini \u015fimdi daha iyi anl\u0131yoruz.<\/p>\n<p>T\u00fcrk Millet ve \u0130slam \u00dcmmeti olarak zulme ve s\u00f6m\u00fcr\u00fcye kar\u015f\u0131 olan tarih bilincimiz, bug\u00fcn ve yar\u0131nlar\u0131m\u0131z\u0131n in\u015fa ve ihyas\u0131 s\u0131ras\u0131nda birer mihenk ta\u015f\u0131, omurgal\u0131 bir duru\u015f olarakhep akl\u0131m\u0131zda kalacak. Bu ya\u015fad\u0131klar\u0131m\u0131z ve tecr\u00fcbelerimiz her zaman ve \u00e7a\u011fda ufuklar\u0131m\u0131z\u0131n \u015fafaklar\u0131nda i\u015faret \u00a0levhalar\u0131 gibi bize hep y\u00f6n g\u00f6sterecek.<\/p>\n<p>Hitler, Missolini,\u00a0 Salazar, Pinochek, Franco gibi Avrupal\u0131 diktat\u00f6rler ve fa\u015fistlerin rol model olarak ald\u0131klar\u0131 bilin\u00e7alt\u0131 kahramanlar\u0131 tarih \u00f6ncesinde yerk\u00fcreyi i\u015fgal ve zulm\u00fcyle \u00a0kas\u0131p kavuran \u0130skender, Hz. \u0130say\u0131 \u00e7arm\u0131ha geren barbar Romal\u0131lard\u0131r.. Bug\u00fcn bu paganist ruh d\u00fcnyay\u0131 y\u00f6netmekte, y\u00f6nlendirmekte ve kendi hegemonyas\u0131 alt\u0131nda tutmak i\u00e7in Yahudi H\u0131ristiyan Ateist farketmeden hep birlikte hareket etmektedir. BM, AB, NATO\u2026gibi birle\u015fmi\u015f kafirlerin kurdu\u011fu ve kontrolleri alt\u0131nda tuttu\u011fu b\u00fct\u00fcn kurum ve kurulu\u015flar d\u00fcnyaya bar\u0131\u015f ve huzuru getirmek i\u00e7in de\u011fil kurucu bu 5 \u00fclke ve yanda\u015flar\u0131n\u0131n kendi aralar\u0131nda d\u00fcnyay\u0131 payla\u015fma, s\u00f6m\u00fcrme ve y\u00f6netme arzular\u0131na hizmet etmektedir.<\/p>\n<p>Ba\u015fta ABD ve AB \u00fclkeleri olmak \u00fczere bu be\u015f \u00fclkenin hepsi de d\u00fcnya siyonistlerinin kurdu\u011fu fa\u015fist \u0130srail devletinin i\u015fgal, istila ve zul\u00fcmlerini pe\u015finen onaylamak zorundad\u0131r. Aksi takdirde yat\u0131r\u0131m kaynaklar\u0131 kesilir, pazarlar\u0131n\u0131 kaybederek \u00fcrettiklerini satamaz hale gelirler.\u00a0 Zaman zaman bu be\u015f \u00fclke\u00a0 kendi aralar\u0131nda ikiye \u00fc\u00e7e ayr\u0131lm\u0131\u015f, kampla\u015fm\u0131\u015f gibi g\u00f6r\u00fcnseler de ortak noktalar\u0131 kendi menfaat ve \u00e7\u0131karlar\u0131 da birle\u015firler. Bunlar\u0131n dostluklar\u0131 da, d\u00fc\u015fmanl\u0131klar\u0131 da \u00e7\u0131karlar\u0131 kadard\u0131r. ABD her ne kadar \u00c7in ve Rusya&#8217;n\u0131n d\u00fc\u015fman\u0131 gibi g\u00f6r\u00fcnse de, ortak \u00e7\u0131karlar\u0131nda anla\u015f\u0131nca hepsi de birbirinin can dostudur.<\/p>\n<p>\u00c7in, Rusya, ABD, \u0130ngiltere, Fransa ve onlar\u0131n g\u00f6r\u00fcnmeyen ve oyun kuran ortaklar\u0131 da para babalar\u0131 ve ak\u0131l hocalar\u0131 Siyonistlerdir. Hepsinin ortak d\u00fc\u015fman\u0131 ise M\u00fcsl\u00fcmanlar, M\u00fcsl\u00fcman \u00fclkeler ve \u0130slam co\u011frafyas\u0131 oldu\u011funu bizzat ya\u015fay\u0131p g\u00f6r\u00fcyoruz.<\/p>\n<p>Bakmay\u0131n siz bug\u00fcn emperyalizme za\u011farl\u0131k yapan petrol dolar zengini Arap \u00e7ad\u0131r ve a\u015firet devletlerine, efendilerine hizmet eden diktat\u00f6r bozuntular\u0131na . Hepsinin de ABD ve Siyonizme, Avrupa ve \u0130srail\u2019in kolonyal valileri gibi \u00e7al\u0131\u015ft\u0131klar\u0131na, at sinekleri gibi onlar\u0131n kuyruklar\u0131nda s\u00fcr\u00fcnd\u00fcklerine bakmay\u0131n. Emperyalizmin onursuz, \u015fahsiyetsiz krallar\u0131na, sultanlar\u0131na, emirlerine, prenslerine\u2026 bakmay\u0131n! Hepsi de kendi yollar\u0131n\u0131n sonunu g\u00f6rd\u00fckleri i\u00e7in korku ve deh\u015fet i\u00e7inde ABD\u2019nin kuca\u011f\u0131na oturmu\u015flar, \u0130srail&#8217;in ete\u011finin alt\u0131na s\u0131\u011f\u0131nm\u0131\u015flar, onlara g\u00f6n\u00fcll\u00fc k\u00f6lelik yapmakta adeta yar\u0131\u015fmakta olduklar\u0131na bakmay\u0131n. Bu \u00fclkelerin ger\u00e7ek sahipleri M\u00fcsl\u00fcmanlar bu firavun soylu kabiller gibi d\u00fc\u015f\u00fcnm\u00fcyorlar. Bunu iyi bilin, anlay\u0131n ve akl\u0131n\u0131zdan \u00e7\u0131karmay\u0131n! Bir g\u00fcn mazlumun hakk\u0131 sorulunca, hesap g\u00fcn\u00fc gelince bu M\u00fcsl\u00fcmanlar\u0131n hepsi birer tufan kesilecek&#8230;\u00a0 Bu Nemrut soylular\u0131 ABD\u2019nin kuca\u011f\u0131ndan, \u0130srail&#8217;in etekleri alt\u0131ndan \u00e7ekip alacaklar&#8230; Muntakim olan Allah&#8217;\u0131n ad\u0131na hepsinden ince ince, derin derin hesap soracaklar\u2026Bug\u00fcnleri g\u00f6recek ve ya\u015fayaca\u011f\u0131z in\u015fallah\u2026<\/p>\n<p>Ey! K\u00f6r, sa\u011f\u0131r ve dilsiz insan Haklar\u0131 savunucular\u0131, Ey! \u0130nsanl\u0131k ad\u0131na kurulan insanl\u0131k d\u00fc\u015fman\u0131 kurum ve\u00a0 kurulu\u015flar\u0131n yetkilileri, Ey! Vicdanlar\u0131 \u00e7\u00f6lle\u015fmi\u015f, adalet duygular\u0131 kurumu\u015f ikiy\u00fczl\u00fcler; d\u00fcnyan\u0131n her yerinden kovulan Yahudilere yap\u0131lan k\u00f6t\u00fc muameleler ile Filistin&#8217;de vatanlar\u0131ndan kovulan Filistinliler aras\u0131nda ne fark var? Holokostlar ile\u00a0 d\u00fcnyan\u0131n en b\u00fcy\u00fck a\u00e7\u0131k bir hapishanesi haline getirilmi\u015f Gazze aras\u0131nda ne fark var? Gaz f\u0131r\u0131nlar\u0131nda yak\u0131lan Yahudilerle Nepalm bombalar\u0131yla katledilen masum Filistinli \u00e7ocuklar ve\u00a0<a class=\"link_keywords\" style=\"color: #98171c\" title=\"Yasemin Kad\u0131n Sitesi\" href=\"https:\/\/www.yasemin.com\/\" target=\"_blank\" rel=\"noopener\">kad\u0131n<\/a>lar aras\u0131nda ne fark var? Hitler fa\u015fizmince yakaland\u0131\u011f\u0131 yerde kur\u015funa dizilip \u00f6ld\u00fcr\u00fclen masum Yahudilerle\u00a0 Kud\u00fcs&#8217;te, Gazze&#8217;de, Bat\u0131 \u015eeria da 60 y\u0131ld\u0131r sistematik olarak i\u015fkence, katliam, s\u00fcrg\u00fcn, hapis ve sorgusuz infazlarla \u00f6ld\u00fcr\u00fclen masum Filistinli M\u00fcsl\u00fcmanlar aras\u0131nda ne fark var? Fark bizimkiler; M\u00fcsl\u00fcman ( elhamdulillah), sizinkiler kabil soylu Yahudi ve Hristiyan oldu\u011fundan, de\u011fil mi?<\/p>\n<p>Ey \u0130srail zul\u00fcm ve katliam\u0131n\u0131 destekleyen, alk\u0131\u015flayan ABD ve Avrupa devletleri! Siz d\u00fcn; 2. D\u00fcnya sava\u015f\u0131nda Hitler Fa\u015fizmini y\u0131kmak i\u00e7in Avrupa&#8217;n\u0131n, \u00f6zellikle Almanya&#8217;n\u0131n \u015fehirlerine att\u0131\u011f\u0131n\u0131z milyonlarca bomba gibi \u0130srail\u2019in semitist fa\u015fistleride \u00a0bug\u00fcn; Masum filistin halk\u0131\u00a0 ve Gazze \u00fczerine ya\u011fmur gibi f\u00fcze ve bombalar\u0131n\u0131 ya\u011fd\u0131r\u0131p masum insanlar\u0131 katlediyor. ABD ve Avrupa&#8217;da oldu\u011fu gibi Filistin&#8217;de de bir soyk\u0131r\u0131m ve katliama ortak oldu\u011funuzu biliyorsunuz, de\u011fil mi?<\/p>\n<p>Ey d\u00fcnya liderleri! Siz, \u0130srail&#8217;in semitist fa\u015fizmi, Yahudi i\u015fgali, zulm\u00fc ve katliamlar\u0131 hakk\u0131nda konu\u015fmay\u0131n sak\u0131n! T\u00fcrkiye Cumhurba\u015fkan\u0131 Recep Tayyip Erdo\u011fan gibi Antisemitist damgas\u0131n\u0131 yer, hedef haline getirilirsiniz. Han\u0131m han\u0131m ot urun i\u015fgal etti\u011finiz yerlerde\u2026 ABD\u2019nin kuca\u011f\u0131nda, \u0130srail&#8217;in etekleri alt\u0131nda\u2026<\/p>\n<p>Ey zalim, gas\u0131p, fas\u0131k ve u\u015fak Arap liderleri \u0130srail\u2019e bir \u00e7ift s\u00f6z s\u00f6ylemeyin siz, sak\u0131n! Dokunmay\u0131n C\u0131sss\u2026 Antisemitist damgas\u0131 yer, yanars\u0131n\u0131z\u2026 Siz ey! \u015eeytan\u0131n askerleri, kabil soylu caniler\u2026<\/p>\n<p>\u0627\u0650\u0646\u0651\u064e \u0627\u0644\u0644\u0651\u0670\u0647\u064e \u064a\u064f\u062d\u0650\u0628\u0651\u064f \u0627\u0644\u0651\u064e\u0630\u06ea\u064a\u0646\u064e \u064a\u064f\u0642\u064e\u0627\u062a\u0650\u0644\u064f\u0648\u0646\u064e \u0641\u06ea\u064a \u0633\u064e\u0628\u06ea\u064a\u0644\u0650\u0647\u06ea \u0635\u064e\u0641\u0651\u064b\u0627 \u0643\u064e\u0627\u064e\u0646\u0651\u064e\u0647\u064f\u0645\u0652 \u0628\u064f\u0646\u0652\u064a\u064e\u0627\u0646\u064c \u0645\u064e\u0631\u0652\u0635\u064f\u0648\u0635\u064c \u2018\u2019Do\u011frusu Allah, kendi u\u011frunda, kenetlenmi\u015f bir duvar gibi, saf halinde \u00e7arp\u0131\u015fanlar\u0131 sever.\u2019\u2019 Saf; 4<\/p>\n<p><strong>Arif Altunba\u015f,\u00a0<a class=\"link_keywords\" style=\"color: #98171c\" title=\"Haber\" href=\"https:\/\/www.haber7.com\/\" target=\"_blank\" rel=\"noopener\">Haber<\/a> 7\u00a0 https:\/\/www.haber7.com\/yazarlar\/arif-altunbas\/3102388-semitist-fasizm<\/strong><\/p>\n<p><strong>T\u00fcrkiye Yazarlar Birli\u011f<\/strong>i\u00a0 \u00a0 <strong>\u00a0link: https:\/\/www.tyb.org.tr\/arif-altunbas-semitist-fasizm-49507h.htm<\/strong><\/p>\n<\/div>\n<\/div>\n<\/div>\n","protected":false},"excerpt":{"rendered":"<p>\u0130srail\u2019in Filistin&#8217;i i\u015fgaline ve oradaki zulm\u00fcne kar\u015f\u0131 tav\u0131r alan, s\u00f6z s\u00f6yleyen, eylem geli\u015ftiren kim olursa olsun Siyonizm ve onun u\u015faklar\u0131 taraf\u0131ndan her zaman Antisemitist ( Yahudi kar\u015f\u0131t\u0131) su\u00e7lamas\u0131yla \u00a0lin\u00e7 edilmek istenen bir d\u00fcnyada ya\u015f\u0131yoruz. \u00a0Irk\u00e7\u0131 \u0130srail rejiminin Filistin&#8217;deki i\u015fgal ve katliamlar\u0131na y\u00fcksek sesle kar\u015f\u0131 \u00e7\u0131kan T\u00fcrkiye Cumhurba\u015fkan\u0131 Ba\u015fkan Erdo\u011fan\u2019\u0131n Siyonist kuklas\u0131 ABD devlet ba\u015fkan\u0131 Joe &hellip;<\/p>\n","protected":false},"author":2,"featured_media":52344,"comment_status":"open","ping_status":"open","sticky":false,"template":"","format":"standard","meta":{"om_disable_all_campaigns":false,"_themeisle_gutenberg_block_has_review":false,"_joinchat":[],"footnotes":""},"categories":[49,1,43],"tags":[],"class_list":["post-43165","post","type-post","status-publish","format-standard","has-post-thumbnail","","category-arif","category-genel","category-yazarlar"],"_links":{"self":[{"href":"https:\/\/akincilardergisi.com\/tr\/wp-json\/wp\/v2\/posts\/43165","targetHints":{"allow":["GET"]}}],"collection":[{"href":"https:\/\/akincilardergisi.com\/tr\/wp-json\/wp\/v2\/posts"}],"about":[{"href":"https:\/\/akincilardergisi.com\/tr\/wp-json\/wp\/v2\/types\/post"}],"author":[{"embeddable":true,"href":"https:\/\/akincilardergisi.com\/tr\/wp-json\/wp\/v2\/users\/2"}],"replies":[{"embeddable":true,"href":"https:\/\/akincilardergisi.com\/tr\/wp-json\/wp\/v2\/comments?post=43165"}],"version-history":[{"count":2,"href":"https:\/\/akincilardergisi.com\/tr\/wp-json\/wp\/v2\/posts\/43165\/revisions"}],"predecessor-version":[{"id":52345,"href":"https:\/\/akincilardergisi.com\/tr\/wp-json\/wp\/v2\/posts\/43165\/revisions\/52345"}],"wp:featuredmedia":[{"embeddable":true,"href":"https:\/\/akincilardergisi.com\/tr\/wp-json\/wp\/v2\/media\/52344"}],"wp:attachment":[{"href":"https:\/\/akincilardergisi.com\/tr\/wp-json\/wp\/v2\/media?parent=43165"}],"wp:term":[{"taxonomy":"category","embeddable":true,"href":"https:\/\/akincilardergisi.com\/tr\/wp-json\/wp\/v2\/categories?post=43165"},{"taxonomy":"post_tag","embeddable":true,"href":"https:\/\/akincilardergisi.com\/tr\/wp-json\/wp\/v2\/tags?post=43165"}],"curies":[{"name":"wp","href":"https:\/\/api.w.org\/{rel}","templated":true}]}}