{"id":43138,"date":"2021-04-15T00:00:02","date_gmt":"2021-04-14T21:00:02","guid":{"rendered":"http:\/\/akincilardergisi.com\/dergi\/?p=43138"},"modified":"2023-11-07T15:56:17","modified_gmt":"2023-11-07T12:56:17","slug":"istedikleri-oldu-mu","status":"publish","type":"post","link":"https:\/\/akincilardergisi.com\/tr\/istedikleri-oldu-mu\/","title":{"rendered":"\u0130STED\u0130KLER\u0130 OLDU MU?"},"content":{"rendered":"<p>&#8211; Amiral ve mon\u015ferlerin istedi\u011fi oldu mu?<\/p>\n<p>&#8211; Evet, maalesef oldu<\/p>\n<p>&#8211;\u00a0 Nas\u0131l yani?<\/p>\n<p>&#8211;\u00a0 Meseleye \u015f\u00f6yle bakal\u0131m:<\/p>\n<p>Mesela Fransa\u2019da 103 Amiral gece yar\u0131s\u0131 b\u00f6yle bir bildiri yay\u0131nlasa Fransa\u2019n\u0131n duvar\u0131ndan bir ta\u015f d\u00fc\u015f\u00fcr\u00fcr m\u00fcyd\u00fc?<\/p>\n<p>&#8211; Hay\u0131r!<\/p>\n<p>&#8211; Neden?<\/p>\n<p>&#8211; \u00c7\u00fcnk\u00fc<\/p>\n<p>Fransa\u2019da oturmu\u015f bir sistem var. Kald\u0131 ki, Fransa\u2019n\u0131n dahil oldu\u011fu Avrupa Birli\u011fi var ki, ne amiraller b\u00f6yle bir bildiri yay\u0131nlayabilir, ne birlik b\u00f6yle darbe olaylar\u0131na m\u00fcsaade eder, ne de oradaki muhalefet bu darbeci kafalara prim verir. Buna ra\u011fmen b\u00f6yle bir bildiri yay\u0131nlanm\u0131\u015f olsayd\u0131, o darbeciler kamuoyu \u00f6n\u00fcnde rezil r\u00fcsvay olurdu.<\/p>\n<p>Ancak\u2026<\/p>\n<p>-Yani Fransa hi\u00e7bir \u015fey kaybetmemi\u015f olurdu diyorsun \u00f6yle mi?<\/p>\n<p>-Hay\u0131r! \u0130\u015f \u00f6yle de\u011fil i\u015fte\u2026<\/p>\n<p>Ancak<\/p>\n<p>B\u00f6yle bir \u015fey vuku buldu\u011fu zaman Avrupa ve d\u00fcnyan\u0131n di\u011fer \u00fclkelerinin Fransa\u2019ya bak\u0131\u015f\u0131 eskisi gibi olmayacakt\u0131. \u201cAte\u015f olmayan yerden duman \u00e7\u0131kmaz..\u201d derlerdi.<\/p>\n<p>&#8211; Yani?<\/p>\n<p>&#8211; Yani prestiji sars\u0131l\u0131rd\u0131.<\/p>\n<p>ERKETE VE BAD\u0130GARDLAR<\/p>\n<p>&#8211; Bizde de \u00f6nce mon\u015ferler sonra amirallerin yay\u0131nlad\u0131\u011f\u0131 bildiri<\/p>\n<p>\u00dclkemize<\/p>\n<p>Bu y\u00f6n\u00fcyle mi zarar vermi\u015f oldu?<\/p>\n<p>-Evet! Yani baz\u0131 mahfiller i\u00e7in maksat has\u0131l oldu\u2026<\/p>\n<p>-Biraz a\u00e7ar m\u0131s\u0131n\u0131z?<\/p>\n<p>-Bug\u00fcn \u0130slam alemi bilhassa ba\u015fs\u0131zl\u0131\u011f\u0131n (lidersizli\u011fin, Halifesizli\u011fin, \u0130mam-\u0131 Kebir-i olmaman\u0131n) s\u0131k\u0131nt\u0131s\u0131n\u0131 \u00e7ok feci bir \u015fekilde \u00e7ekiyor.<\/p>\n<p>Ayr\u0131nt\u0131ya girmiyorum,<\/p>\n<p>Asya\u2019da, Afrika\u2019da, Ortado\u011fu\u2019da \u0130slam \u00fcmmetinin ya\u015fad\u0131\u011f\u0131 trajedi ortada. Ya \u00fclkeleri igal edilmi\u015f<\/p>\n<p>M\u00fcstevliler kendi aralar\u0131nda<\/p>\n<p>B\u00fcy\u00fck par\u00e7ay\u0131 kimin g\u00f6t\u00fcrece\u011finin kavgas\u0131n\u0131 veriyor<\/p>\n<p>Veya<\/p>\n<p>\u00dclkenin ba\u015f\u0131na bir kukla ge\u00e7irerek<\/p>\n<p>Bug\u00fcne kadar s\u00f6m\u00fcrd\u00fckleri yetmiyormu\u015f gibi<\/p>\n<p>\u015eimdi de<\/p>\n<p>Y\u00f6neticilerine \u201cerkete\u201d g\u00f6revi vererek \u00fclkeleri soyuyorlar.<\/p>\n<p>Baz\u0131 b\u00f6lgelerde de<\/p>\n<p>Y\u00f6neticilere \u201cBadyguard\u201d g\u00f6revi vermi\u015f pis i\u015flerini yap\u0131yorlar.<\/p>\n<p>&nbsp;<\/p>\n<p>T\u00dcRK\u0130YE Z\u0130NC\u0130RLER\u0130N\u0130 KIRDI<\/p>\n<p>&#8211;\u00a0\u00a0\u00a0\u00a0\u00a0\u00a0\u00a0\u00a0 Bunlar\u0131 anlatarak s\u00f6z\u00fc nereye getirmek istiyorsunuz?<\/p>\n<p>&#8211;\u00a0\u00a0\u00a0\u00a0\u00a0\u00a0\u00a0\u00a0 \u00d6nce \u00fclkemizin konumunu s\u00f6yleyeyim sonra s\u00f6z\u00fc ba\u011flayaca\u011f\u0131m.<\/p>\n<p>&#8211;\u00a0\u00a0\u00a0\u00a0\u00a0\u00a0\u00a0\u00a0 Buyurun!<\/p>\n<p>&#8211;\u00a0\u00a0\u00a0\u00a0\u00a0\u00a0\u00a0\u00a0 \u0130slam alemi a\u015fa\u011f\u0131-yukar\u0131 bu durumdayken \u00fclkemiz zincirlerini b\u00fcy\u00fck \u00f6l\u00e7\u00fcde k\u0131rarak, m\u00fcstevlilerin yaygaras\u0131na pabu\u00e7 b\u0131rakmadan, ba\u011f\u0131ms\u0131zl\u0131k yolunda b\u00fcy\u00fck ad\u0131mlarla ilerliyor.<\/p>\n<p>&#8211;\u00a0\u00a0\u00a0\u00a0\u00a0\u00a0\u00a0\u00a0 Bunun \u0130slam d\u00fcnyas\u0131 ile ba\u011flant\u0131s\u0131 nedir?<\/p>\n<p>&#8211;\u00a0\u00a0\u00a0\u00a0\u00a0\u00a0\u00a0\u00a0 \u0130slam d\u00fcnyas\u0131n\u0131n<\/p>\n<p>Okumu\u015f kesimi, ayd\u0131n, t\u00fcccar, sanayici, bilim insanlar\u0131 vs. \u00fclkelerinin yukar\u0131da anlatt\u0131\u011f\u0131m durumu ile T\u00fcrkiye\u2019nin yakalad\u0131\u011f\u0131 sinerjinin fark\u0131nda\u2026<\/p>\n<p>&#8211;\u00a0\u00a0\u00a0\u00a0\u00a0\u00a0\u00a0\u00a0 Dinliyorum!<\/p>\n<p>&#8211;\u00a0\u00a0\u00a0\u00a0\u00a0\u00a0\u00a0\u00a0 \u015eimdi s\u00f6z\u00fcm\u00fc yukar\u0131da bahsetti\u011fim mevzuya ba\u011fl\u0131yorum:<\/p>\n<p>\u0130slam d\u00fcnyas\u0131ndaki bu elit kesim,<\/p>\n<p>Ba\u015fta sermayelerini olmak \u00fczere<\/p>\n<p>T\u00fcm birikim ve tecr\u00fcbelerini<\/p>\n<p>T\u00fcrkiye\u2019ye getirmek istiyorlar.<\/p>\n<p>\u00c7\u00fcnk\u00fc<\/p>\n<p>\u00dclkemizi ba\u011f\u0131ms\u0131z g\u00f6r\u00fcyor<\/p>\n<p>\u00c7oluk \u00e7ocu\u011fu ile rahat edebileceklerini d\u00fc\u015f\u00fcn\u00fcyorlar.<\/p>\n<p>&nbsp;<\/p>\n<p>B\u0130NGO!<\/p>\n<p>&#8211;\u00a0\u00a0\u00a0\u00a0\u00a0\u00a0\u00a0\u00a0 Anlad\u0131m! Bu elit kesim tam rotay\u0131 T\u00fcrkiye\u2019ye do\u011fru k\u0131racakken amiraller \u201cbingo!\u201d dedi.<\/p>\n<p>&#8211;\u00a0\u00a0\u00a0\u00a0\u00a0\u00a0\u00a0\u00a0 Hay\u0131r! Bu i\u015f amirallerle ba\u015flamad\u0131.<\/p>\n<p>&#8211;\u00a0\u00a0\u00a0\u00a0\u00a0\u00a0\u00a0\u00a0 Ya ne zaman ba\u015flad\u0131?<\/p>\n<p>&#8211;\u00a0\u00a0\u00a0\u00a0\u00a0\u00a0\u00a0\u00a0 Bunun i\u00e7in en az 15 y\u0131l \u00f6ncesine gitmemiz gerekir.<\/p>\n<p>Dolar\u0131n 1 lira civar\u0131nda oldu\u011fu bir d\u00f6nemde ne olmu\u015ftu?<\/p>\n<p>&#8211;\u00a0\u00a0\u00a0\u00a0\u00a0\u00a0\u00a0\u00a0 \u2026\u2026..!<\/p>\n<p>&#8211;\u00a0\u00a0\u00a0\u00a0\u00a0\u00a0\u00a0\u00a0 T\u00fcrkiye\u2019nin ekonomik y\u00f6nden rahatlad\u0131\u011f\u0131, istikrar\u0131n sa\u011fland\u0131\u011f\u0131 bir zamanda Akparti\u2019yi kapatma davas\u0131 a\u00e7\u0131lm\u0131\u015ft\u0131.<\/p>\n<p>&#8211;\u00a0\u00a0\u00a0\u00a0\u00a0\u00a0\u00a0\u00a0 \u201cBingo!\u201d o zaman m\u0131 dendi?<\/p>\n<p>&#8211;\u00a0\u00a0\u00a0\u00a0\u00a0\u00a0\u00a0\u00a0 Evet!<\/p>\n<p>Asl\u0131nda ondan \u00f6ncesi de var. \u00d6zal ve Erbakan Hocan\u0131n d\u00f6nemlerinde de benzer \u015feyler oldu<\/p>\n<p>Ama oras\u0131 \u015fimdilik kals\u0131n.<\/p>\n<p>O zamanlarda da<\/p>\n<p>\u0130slam d\u00fcnyas\u0131ndan bize do\u011fru bir y\u00f6neli\u015f oldu\u011fu anda, bir yerlerden emir gelir.. i\u00e7imizden birileri \u201cBingo!\u201d diyerek, \u00fclke menfaatlerine ayk\u0131r\u0131 i\u015flere kalk\u0131\u015f\u0131r<\/p>\n<p>\u00dclkemize yat\u0131r\u0131m yapmak isteyen<\/p>\n<p>Bilhassa Arap sermayederlerine adeta \u015funu demeye \u00e7al\u0131\u015f\u0131rlard\u0131:<\/p>\n<p>\u201cSizin ne i\u015finiz var T\u00fcrkiye\u2019de?<\/p>\n<p>\u015eurada Avrupa, orada Amerika gibi istikrarl\u0131 \u00fclkeler dururken, kendinizi ve sermayenizi gelip neden riske at\u0131yorsunuz? T\u00fcrkiye g\u00f6rd\u00fc\u011f\u00fcn\u00fcz gibi eski T\u00fcrkiye, var\u0131n gidin yolunuza\u2026\u201d der<\/p>\n<p>Korkan sermaye sahipleri de<\/p>\n<p>Avrupa ve Amerika\u2019da kendine ba\u015fka bir liman arard\u0131.<\/p>\n<p>Ama \u015fimdi\u2026<\/p>\n<p>&nbsp;<\/p>\n<p>T\u00dcRK\u0130YE ESK\u0130 T\u00dcRK\u0130YE DE\u011e\u0130L<\/p>\n<p>BUNLAR SADECE<\/p>\n<p>UZATMALARI OYNUYOR<\/p>\n<p>Ama \u015fimdi.. onlar da i\u015fin fark\u0131nda T\u00fcrkiye eski T\u00fcrkiye de\u011fil.<\/p>\n<p>T\u00fcrkiye\u2019yi yolundan \u00e7eviremeyeceklerinin fark\u0131ndalar.. etkin olam\u0131yor uzatmalar\u0131 oynuyorlar.<\/p>\n<p>Ancak<\/p>\n<p>\u00d6nlem al\u0131nmazsa,<\/p>\n<p>D\u00fcn amiraller darbe bildirisi yay\u0131nlad\u0131ysa, yar\u0131n \u00fcniversite camias\u0131, ob\u00fcr g\u00fcn sermaye sahipleri vs. bildiri yay\u0131nlamaya kalkarlar.<\/p>\n<p>Netice al\u0131rlar m\u0131?<\/p>\n<p>Hay\u0131r!<\/p>\n<p>O eski g\u00fcnler ge\u00e7ti art\u0131k.<\/p>\n<p>Dikkat edilirse art\u0131k bir \u201cGezi kalk\u0131\u015fmas\u0131\u201d bir \u201cHendek olaylar\u0131\u201d bir \u201c15 Temmuz darbesi\u201d yapacak g\u00fc\u00e7leri kalmad\u0131.<\/p>\n<p>Bundan dolay\u0131<\/p>\n<p>Emekli amiralleri sahaya s\u00fcr\u00fcyorlar.<\/p>\n<p>Bununla da sadece prestijimizi zedelerler.<\/p>\n<p>Bilmiyorlar ki,<\/p>\n<p>Art\u0131k bu i\u015fin d\u00f6n\u00fc\u015f\u00fc yok.<\/p>\n<p>&nbsp;<\/p>\n<p>Allah\u2019\u0131n izniyle<\/p>\n<p>T\u00fcrkiye dev ad\u0131mlarla yoluna devam edecek<\/p>\n<p>Ve<\/p>\n<p>\u0130slam d\u00fcnyas\u0131n\u0131n m\u00fcstenedgah\u0131 ve lideri olacak.<\/p>\n<p>Emin Batur<\/p>\n","protected":false},"excerpt":{"rendered":"<p>&#8211; Amiral ve mon\u015ferlerin istedi\u011fi oldu mu? &#8211; Evet, maalesef oldu &#8211;\u00a0 Nas\u0131l yani? &#8211;\u00a0 Meseleye \u015f\u00f6yle bakal\u0131m: Mesela Fransa\u2019da 103 Amiral gece yar\u0131s\u0131 b\u00f6yle bir bildiri yay\u0131nlasa Fransa\u2019n\u0131n duvar\u0131ndan bir ta\u015f d\u00fc\u015f\u00fcr\u00fcr m\u00fcyd\u00fc? &#8211; Hay\u0131r! &#8211; Neden? &#8211; \u00c7\u00fcnk\u00fc Fransa\u2019da oturmu\u015f bir sistem var. Kald\u0131 ki, Fransa\u2019n\u0131n dahil oldu\u011fu Avrupa Birli\u011fi var ki, ne &hellip;<\/p>\n","protected":false},"author":14,"featured_media":48521,"comment_status":"open","ping_status":"open","sticky":false,"template":"","format":"standard","meta":{"om_disable_all_campaigns":false,"_themeisle_gutenberg_block_has_review":false,"_joinchat":[],"footnotes":""},"categories":[56,38,43],"tags":[],"class_list":["post-43138","post","type-post","status-publish","format-standard","has-post-thumbnail","","category-emin","category-guncel","category-yazarlar"],"_links":{"self":[{"href":"https:\/\/akincilardergisi.com\/tr\/wp-json\/wp\/v2\/posts\/43138","targetHints":{"allow":["GET"]}}],"collection":[{"href":"https:\/\/akincilardergisi.com\/tr\/wp-json\/wp\/v2\/posts"}],"about":[{"href":"https:\/\/akincilardergisi.com\/tr\/wp-json\/wp\/v2\/types\/post"}],"author":[{"embeddable":true,"href":"https:\/\/akincilardergisi.com\/tr\/wp-json\/wp\/v2\/users\/14"}],"replies":[{"embeddable":true,"href":"https:\/\/akincilardergisi.com\/tr\/wp-json\/wp\/v2\/comments?post=43138"}],"version-history":[{"count":0,"href":"https:\/\/akincilardergisi.com\/tr\/wp-json\/wp\/v2\/posts\/43138\/revisions"}],"wp:featuredmedia":[{"embeddable":true,"href":"https:\/\/akincilardergisi.com\/tr\/wp-json\/wp\/v2\/media\/48521"}],"wp:attachment":[{"href":"https:\/\/akincilardergisi.com\/tr\/wp-json\/wp\/v2\/media?parent=43138"}],"wp:term":[{"taxonomy":"category","embeddable":true,"href":"https:\/\/akincilardergisi.com\/tr\/wp-json\/wp\/v2\/categories?post=43138"},{"taxonomy":"post_tag","embeddable":true,"href":"https:\/\/akincilardergisi.com\/tr\/wp-json\/wp\/v2\/tags?post=43138"}],"curies":[{"name":"wp","href":"https:\/\/api.w.org\/{rel}","templated":true}]}}