{"id":43016,"date":"2021-02-11T00:00:58","date_gmt":"2021-02-10T22:00:58","guid":{"rendered":"http:\/\/akincilardergisi.com\/dergi\/?p=43016"},"modified":"2023-11-07T15:56:19","modified_gmt":"2023-11-07T12:56:19","slug":"bogazici-olaylari-ayasofyanin-rovansi-mi-yoksa-fulbright-egitim-anlasmasina-dokunmasin-diye-iktidara-verilen-gozdagi-mi","status":"publish","type":"post","link":"https:\/\/akincilardergisi.com\/tr\/bogazici-olaylari-ayasofyanin-rovansi-mi-yoksa-fulbright-egitim-anlasmasina-dokunmasin-diye-iktidara-verilen-gozdagi-mi\/","title":{"rendered":"BO\u011eAZ\u0130\u00c7\u0130 OLAYLARI  AYASOFYA\u2019NIN R\u00d6VAN\u015eI MI  YOKSA  FULBRIGHT E\u011e\u0130T\u0130M ANLA\u015eMASINA  DOKUNMASIN D\u0130YE  \u0130KT\u0130DARA VER\u0130LEN G\u00d6ZDA\u011eI MI?"},"content":{"rendered":"<p>Bo\u011fazi\u00e7i \u00dcniversitesine rekt\u00f6r atamas\u0131 ile ba\u015flayan olaylar<\/p>\n<p>\u00d6nce \u00fcniversite bah\u00e7esi ile s\u0131n\u0131rl\u0131yken<\/p>\n<p>Bir m\u00fcddet sonra sokaklara, oradan Kad\u0131k\u00f6y\u2019e ta\u015f\u0131narak \u00fclke g\u00fcndemine oturdu.<\/p>\n<p>B\u00f6ylece maksad\u0131n rekt\u00f6r atamas\u0131 olmad\u0131\u011f\u0131, k\u0131sa s\u00fcrede anla\u015f\u0131ld\u0131.<\/p>\n<p>&nbsp;<\/p>\n<p>PEK\u0130,<\/p>\n<p>MAKSAT NE?<\/p>\n<p>Malum oldu\u011fu \u00fczere<\/p>\n<p>Cumhurba\u015fkan\u0131m\u0131z ve ekibi 10 y\u0131ldan fazla bir s\u00fcredir,<\/p>\n<p>Amerika\u2019n\u0131n i\u00e7imizdeki hortumlar\u0131n\u0131 kesmekle u\u011fra\u015f\u0131yor.<\/p>\n<p>Bunun i\u015fareti<\/p>\n<p>\u201cOne minute\u201d ile verilmi\u015fti.<\/p>\n<p>M\u0130T m\u00fcste\u015far\u0131m\u0131z\u0131n tutuklanmak istenmesiyle de i\u015f fiiliyata ge\u00e7ti<\/p>\n<p>Ve<\/p>\n<p>15 Temmuz destan\u0131yla Amerika\u2019n\u0131n i\u00e7imizdeki hortumlar\u0131 \u00f6nemli \u00f6l\u00e7\u00fcde kesildi.<\/p>\n<p>Amerika<\/p>\n<p>Y\u0131llar \u00f6nce (belki 100 y\u0131ldan fazla bir s\u00fcre \u00f6nce) itina ile i\u00e7imize d\u00f6\u015fedi\u011fi hortumlar\u0131n\u0131n tek tek kesildi\u011fini fark ettik\u00e7e rahats\u0131zlan\u0131yor, daha ileri gitmememiz i\u00e7in ihtar ediyordu.<\/p>\n<p>Ancak<\/p>\n<p>Cumhurba\u015fkan\u0131m\u0131z\u0131n liderli\u011findeki ekip<\/p>\n<p>Ba\u011f\u0131ms\u0131zl\u0131\u011f\u0131m\u0131za karar vermi\u015fti bir kere\u2026<\/p>\n<p>Tehditleri bo\u015funayd\u0131.<\/p>\n<p>&nbsp;<\/p>\n<p>Bunun \u00fczerine<\/p>\n<p>2012 y\u0131l\u0131nda ABD, M\u0130T m\u00fcste\u015far\u0131n\u0131 Fet\u00f6 eliyle tutuklatmaya kalkt\u0131, ba\u015faramad\u0131.<\/p>\n<p>Bundan sonra meydana gelen<\/p>\n<p>Gezi ve Hendek olaylar\u0131ndan, 17-25 Aral\u0131k kalk\u0131\u015fmas\u0131na\u2026<\/p>\n<p>15 Temmuz\u2019dan, d\u00f6vizle yap\u0131lmak istenen ekonomik sald\u0131r\u0131ya<\/p>\n<p>Ve<\/p>\n<p>B\u00fcg\u00fcnk\u00fc Bo\u011fazi\u00e7i \u00dcniversitesine rekt\u00f6r atamas\u0131na kadar olan olaylar\u0131n t\u00fcm\u00fc Atlantik \u00f6tesi senaryonun \u00fclkemizde sahneye konmas\u0131ndan ba\u015fka bir \u015fey de\u011fildr.<\/p>\n<p>&nbsp;<\/p>\n<p>S\u0130YASET, \u0130ST\u0130HBARAT, ASKER\u0130YE, E\u011e\u0130T\u0130M<\/p>\n<p>2009 y\u0131l\u0131nda Davos\u2019ta \u00e7ekilen rest<\/p>\n<p>Asl\u0131nda \u0130srail ba\u015fbakan\u0131na \u00e7ekilmedi,<\/p>\n<p>O \u201cone minute!\u201d direkt Amerika\u2019ya \u00e7ekildi<\/p>\n<p>Ve z\u0131mnen<\/p>\n<p>Siyasette \u201d bundan sonra kendi yolumuza bakar\u0131z..\u201d demekti o van minut\u2026<\/p>\n<p>&nbsp;<\/p>\n<p>Bunun \u00fczerine Amerika<\/p>\n<p>Van minut\u2019un r\u00f6van\u015f\u0131n\u0131 almak i\u00e7in<\/p>\n<p>Fet\u00f6c\u00fc savc\u0131lara M\u0130T m\u00fcste\u015far\u0131n\u0131 tutuklatmaya kalkt\u0131.<\/p>\n<p>Neden?<\/p>\n<p>&nbsp;<\/p>\n<p>\u00c7\u00fcnk\u00fc<\/p>\n<p>1959 y\u0131l\u0131nda \u0130ran, ABD, \u0130srail ve Milli istihbarat\u0131m\u0131z\u0131n o g\u00fcnk\u00fc ad\u0131 MAH (Milli a\u2019mala hizmet) ile bilgi al\u0131\u015f-veri\u015finde bulunmak \u00fczere i\u015fbirli\u011fi anla\u015fmas\u0131 yap\u0131lm\u0131\u015ft\u0131.<\/p>\n<p>Bu anla\u015fman\u0131n ABD ve \u0130srail lehine i\u015fleyen bir anla\u015fma oldu\u011funu s\u00f6ylemeye gerek yok.<\/p>\n<p>Bu i\u015f o kadar ileri gitmi\u015fti ki,<\/p>\n<p>Bir k\u0131s\u0131m \u00e7al\u0131\u015fanlar\u0131n maa\u015f\u0131n\u0131 ABD \u00f6d\u00fcyordu da bundan TC Ba\u015fbakan\u0131n\u0131n haberi bile olmuyordu.<\/p>\n<p>T\u00e2 ki,<\/p>\n<p>1974 K\u0131br\u0131s Bar\u0131\u015f Harekat\u0131\u2019na kadar.<\/p>\n<p>Bu tarihte<\/p>\n<p>ABD\u2019nin bize ambargo uygulamas\u0131 ile i\u015f anla\u015f\u0131ld\u0131.<\/p>\n<p>&nbsp;<\/p>\n<p>ECEV\u0130T<\/p>\n<p>D\u00f6nemin Ba\u015fbakan\u0131 Ecevit\u2019e \u00f6rt\u00fcl\u00fc \u00f6denekten istihbarat elemanlar\u0131n\u0131n maa\u015flar\u0131 \u00f6demesi talep edildi\u011finde, \u015fimdiye kadar maa\u015flar\u0131n\u0131 nereden ald\u0131klar\u0131n\u0131 soruyor. Kendisine maa\u015flar\u0131n ABD taraf\u0131nda \u00f6dendi\u011fi s\u00f6ylenince \u015fa\u015f\u0131r\u0131yor.<\/p>\n<p>Paray\u0131 verenin d\u00fcd\u00fc\u011f\u00fc \u00e7ald\u0131\u011f\u0131 gibi,<\/p>\n<p>Paray\u0131 verenin istihbarat bilgilerini alaca\u011f\u0131n\u0131 s\u00f6ylemeye gerek yok.<\/p>\n<p>Bundan dolay\u0131<\/p>\n<p>\u00dclkemizde meydana gelen askeri darbelerden,<\/p>\n<p>Bizim ba\u015fbakanlardan \u00f6nce ABD ba\u015fkanlar\u0131n\u0131n haberi olurdu.<\/p>\n<p>&nbsp;<\/p>\n<p>Askeriyede de durum bundan farkl\u0131 de\u011fildi.<\/p>\n<p>Nitekim<\/p>\n<p>15 Temmuz darbe giri\u015fimine kat\u0131lan subaylar\u0131n \u00e7o\u011fu kurmayl\u0131k e\u011fitimini ABD\u2019de ald\u0131klar\u0131 g\u00f6r\u00fclmektedir.<\/p>\n<p>&nbsp;<\/p>\n<p>Bu arada<\/p>\n<p>E\u011fitimde Amerika\u2019n\u0131n etkisinden pek bahsedilmez<\/p>\n<p>Ama<\/p>\n<p>E\u011fitimde Amerika\u2019n\u0131n i\u00e7imizde az\u0131msanmayacak bir etkisi var.<\/p>\n<p>&nbsp;<\/p>\n<p>FULBRIGHT<\/p>\n<p>Bunlardan en \u00f6nemelisi Amerika ile yap\u0131lan Fulbright mufredat e\u011fitim anla\u015fmas\u0131d\u0131r.<\/p>\n<p>\u00dclkemizin<\/p>\n<p>Orta\u00f6\u011fretim m\u00fcfredat\u0131n\u0131n Amerika taraf\u0131ndan belirlenmesi e\u011fitimde geri kalmam\u0131za sebep olmu\u015ftur.<\/p>\n<p>&nbsp;<\/p>\n<p>Cumhurba\u015fkan\u0131m\u0131z\u0131n<\/p>\n<p>Bu anla\u015fmay\u0131 fesh etmesi veya bu anla\u015fmadan \u00e7ekilmesi durumunda Amerika\u2019n\u0131n e\u011fitim ve \u00f6\u011fretimimiz \u00fczerindeki etkisi kaybolacak<\/p>\n<p>Ger\u00e7ekten \u201cMilli\u201d bir e\u011fitime kavu\u015fmu\u015f olaca\u011f\u0131z.<\/p>\n<p>&nbsp;<\/p>\n<p>Bo\u011fazi\u00e7i \u00dcniversitesindeki bu olaylar<\/p>\n<p>B\u00f6yle bir giri\u015fime kar\u015f\u0131, \u00f6n almak i\u00e7in tertiplenmi\u015f olabilir.<\/p>\n<p>Yoksa<\/p>\n<p>Kimin rekt\u00f6r olup olmad\u0131\u011f\u0131 bir \u00f6\u011frenciyi neden bu kadar ilgilendirsin ki?<\/p>\n<p>Amerikal\u0131 y\u00f6netici atand\u0131\u011f\u0131nda sesi \u00e7\u0131kmayan \u00f6\u011frenci ve \u00f6\u011fretim g\u00f6revlilerinin bu tavr\u0131 ba\u015fka nas\u0131l izah edilebilir?<\/p>\n<p>&nbsp;<\/p>\n<p>R\u00d6VAN\u015e MI?<\/p>\n<p>Malum oldu\u011fu \u00fczere Ayasofya Cemii Kebir\u2019in tekrar ibadete a\u00e7\u0131lmas\u0131<\/p>\n<p>Amerikan derin devletinin i\u00e7ine oturmu\u015ftu.<\/p>\n<p>Ancak<\/p>\n<p>O s\u0131ralarda derin Amerika netameli bir se\u00e7imle me\u015fgul oldu\u011fu<\/p>\n<p>Ve<\/p>\n<p>Trump\u2019\u0131n derin Amerika\u2019y\u0131 takmayan siyaseti nedeniyle bu a\u00e7\u0131l\u0131\u015fa fazla bir tepki verememi\u015flerdi<\/p>\n<p>Ama dedi\u011fim gibi;<\/p>\n<p>\u0130\u00e7lerine oturmu\u015ftu.<\/p>\n<p>&nbsp;<\/p>\n<p>\u015eimdi i\u015fler ray\u0131na oturdu\u011funa g\u00f6re,<\/p>\n<p>Kendi m\u00fclkleri g\u00f6rd\u00fckleri Bo\u011fazi\u00e7i \u00dcniversitesine<\/p>\n<p>Yerli ve milli bir rekt\u00f6r\u00fcn atanmas\u0131na itiraz ile i\u015fe ba\u015flad\u0131lar.<\/p>\n<p>&nbsp;<\/p>\n<p>Bundan sonra bu \u00fcniversitede<\/p>\n<p>\u0130smi bizden kafas\u0131 Amerikanla\u015fm\u0131\u015f mezunlar\u0131n verilmeyece\u011fi<\/p>\n<p>Amerika ve Amerikanc\u0131lar\u0131 fazlaca rahats\u0131z etmi\u015f g\u00f6r\u00fcn\u00fcyor.<\/p>\n<p>Bo\u011fazi\u00e7i \u00dcniversitesindeki olaylar\u0131 k\u00f6p\u00fcrtmeleri bundan.<\/p>\n<p>B\u00f6ylece bu vesileyle;<\/p>\n<p>1-\u00a0\u00a0\u00a0\u00a0 Ayasofya\u2019n\u0131n r\u00f6van\u015f\u0131n\u0131 almak<\/p>\n<p>2-\u00a0\u00a0\u00a0\u00a0 Fulbrigt m\u00fcfredat e\u011fitim anla\u015fmas\u0131na<\/p>\n<p>Dokunulmama y\u00f6n\u00fcnde g\u00f6zda\u011f\u0131 veriyor olabilirler.<\/p>\n<p>&nbsp;<\/p>\n<p>Ancak<\/p>\n<p>Amerika bir \u015feyi unutuyor.<\/p>\n<p>Bug\u00fcn ne d\u00fcnya dengeleri eskisi gibidir.. ne Amerika eski Amerika,<\/p>\n<p>Ne de T\u00fcrkiye eski T\u00fcrkiye\u2019dir.<\/p>\n<p>Binaenaleyh<\/p>\n<p>Ba\u011f\u0131ms\u0131zl\u0131k yolunda ilerleyen bir \u00fclkenin<\/p>\n<p>Ne Amerikan kafas\u0131 yeti\u015ftiren bir \u00fcniversiteye<\/p>\n<p>Ne de<\/p>\n<p>Fulbright anla\u015fmas\u0131 gibi bir anla\u015fmaya tahamm\u00fcl\u00fc olamaz.<\/p>\n<p>Amerika\u2019n\u0131n<\/p>\n<p>Art\u0131k bunu anlamas\u0131 laz\u0131m.<\/p>\n<p>&nbsp;<\/p>\n<p>10.02.2021<\/p>\n<p>Emin Batur<\/p>\n","protected":false},"excerpt":{"rendered":"<p>Bo\u011fazi\u00e7i \u00dcniversitesine rekt\u00f6r atamas\u0131 ile ba\u015flayan olaylar \u00d6nce \u00fcniversite bah\u00e7esi ile s\u0131n\u0131rl\u0131yken Bir m\u00fcddet sonra sokaklara, oradan Kad\u0131k\u00f6y\u2019e ta\u015f\u0131narak \u00fclke g\u00fcndemine oturdu. B\u00f6ylece maksad\u0131n rekt\u00f6r atamas\u0131 olmad\u0131\u011f\u0131, k\u0131sa s\u00fcrede anla\u015f\u0131ld\u0131. &nbsp; PEK\u0130, MAKSAT NE? Malum oldu\u011fu \u00fczere Cumhurba\u015fkan\u0131m\u0131z ve ekibi 10 y\u0131ldan fazla bir s\u00fcredir, Amerika\u2019n\u0131n i\u00e7imizdeki hortumlar\u0131n\u0131 kesmekle u\u011fra\u015f\u0131yor. Bunun i\u015fareti \u201cOne minute\u201d ile &hellip;<\/p>\n","protected":false},"author":14,"featured_media":48521,"comment_status":"open","ping_status":"open","sticky":false,"template":"","format":"standard","meta":{"om_disable_all_campaigns":false,"_themeisle_gutenberg_block_has_review":false,"_joinchat":[],"footnotes":""},"categories":[56,38,43],"tags":[],"class_list":["post-43016","post","type-post","status-publish","format-standard","has-post-thumbnail","","category-emin","category-guncel","category-yazarlar"],"_links":{"self":[{"href":"https:\/\/akincilardergisi.com\/tr\/wp-json\/wp\/v2\/posts\/43016","targetHints":{"allow":["GET"]}}],"collection":[{"href":"https:\/\/akincilardergisi.com\/tr\/wp-json\/wp\/v2\/posts"}],"about":[{"href":"https:\/\/akincilardergisi.com\/tr\/wp-json\/wp\/v2\/types\/post"}],"author":[{"embeddable":true,"href":"https:\/\/akincilardergisi.com\/tr\/wp-json\/wp\/v2\/users\/14"}],"replies":[{"embeddable":true,"href":"https:\/\/akincilardergisi.com\/tr\/wp-json\/wp\/v2\/comments?post=43016"}],"version-history":[{"count":0,"href":"https:\/\/akincilardergisi.com\/tr\/wp-json\/wp\/v2\/posts\/43016\/revisions"}],"wp:featuredmedia":[{"embeddable":true,"href":"https:\/\/akincilardergisi.com\/tr\/wp-json\/wp\/v2\/media\/48521"}],"wp:attachment":[{"href":"https:\/\/akincilardergisi.com\/tr\/wp-json\/wp\/v2\/media?parent=43016"}],"wp:term":[{"taxonomy":"category","embeddable":true,"href":"https:\/\/akincilardergisi.com\/tr\/wp-json\/wp\/v2\/categories?post=43016"},{"taxonomy":"post_tag","embeddable":true,"href":"https:\/\/akincilardergisi.com\/tr\/wp-json\/wp\/v2\/tags?post=43016"}],"curies":[{"name":"wp","href":"https:\/\/api.w.org\/{rel}","templated":true}]}}