{"id":42894,"date":"2020-12-17T08:21:17","date_gmt":"2020-12-17T06:21:17","guid":{"rendered":"http:\/\/akincilardergisi.com\/dergi\/?p=42894"},"modified":"2023-11-07T15:56:22","modified_gmt":"2023-11-07T12:56:22","slug":"iranlinin-bobregi-afganliya-olmaz-iran-kilit-turkiye-anahtardir-mezhep-eksenli-siyaset-geride-kaldi","status":"publish","type":"post","link":"https:\/\/akincilardergisi.com\/tr\/iranlinin-bobregi-afganliya-olmaz-iran-kilit-turkiye-anahtardir-mezhep-eksenli-siyaset-geride-kaldi\/","title":{"rendered":"\u201c\u0130RANLININ B\u00d6BRE\u011e\u0130 AFGANLIYA OLMAZ!..\u201d  \u201c\u0130RAN K\u0130L\u0130T T\u00dcRK\u0130YE ANAHTARDIR&#8230;\u201d  MEZHEP EKSENL\u0130 S\u0130YASET GER\u0130DE KALDI  \u00a0"},"content":{"rendered":"<p>Yazmay\u0131 d\u00fc\u015f\u00fcnd\u00fc\u011f\u00fcm \u00fc\u00e7 yaz\u0131n\u0131n ba\u015fl\u0131klar\u0131 bunlar\u2026<\/p>\n<p>Birinci ba\u015fl\u0131k<\/p>\n<p>\u0130ran sinemas\u0131n\u0131n g\u00fczel filmlerinden olan \u201cAzim\u2019in Annesi Rona\u201d adl\u0131 filmden,<\/p>\n<p>\u0130kinci ba\u015fl\u0131k<\/p>\n<p>\u0130ran ve T\u00fcrkiye\u2019nin bir araya gelmesiyle emperyalistlerin b\u00f6lgeye yakla\u015famayacaklar\u0131ndan<\/p>\n<p>Ve Suriye meselesi ba\u015fta olmak \u00fczere bir\u00e7ok meselenin hallolaca\u011f\u0131ndan\u2026<\/p>\n<p>\u00dc\u00e7\u00fcnc\u00fc ba\u015fl\u0131k ise,<\/p>\n<p>\u0130ran\u2019\u0131n bug\u00fcne kadar s\u00fcrd\u00fcrd\u00fc\u011f\u00fc Farisi-Mezhep\u00e7i politikan\u0131n, g\u00fcn\u00fcm\u00fcz ger\u00e7ekleri ile \u00f6rt\u00fc\u015fmedi\u011fini, asimetrik sava\u015flar\u0131n s\u00fcrd\u00fc\u011f\u00fc bir d\u00fcnyada bunu s\u00fcrd\u00fcrmenin hem \u0130ran halk\u0131 i\u00e7in, hem de b\u00f6lge halklar\u0131 i\u00e7in fayda getirmeyece\u011fini anlatmaya \u00e7al\u0131\u015faca\u011f\u0131m.<\/p>\n<p>&nbsp;<\/p>\n<p>\u201c\u0130RANLININ B\u00d6BRE\u011e\u0130 AFGANLIYA OLMAZ!\u201d<\/p>\n<p>F\u0131rsat bulduk\u00e7a \u0130ran filmlerini seyretmeye \u00e7al\u0131\u015f\u0131r\u0131m.<\/p>\n<p>Sanat de\u011feri y\u00fcksek ailecek seyredilecek filmlerdir \u0130ran filmleri\u2026<\/p>\n<p>Ayr\u0131ca<\/p>\n<p>Se\u00e7ilen mek\u00e2nlar, diyaloglar, replikler aynen biz\u2026 \u201cbiz\u201d derken 40-50 y\u0131l \u00f6nceki biz\u2026<\/p>\n<p>Filmlerde g\u00f6rd\u00fc\u011f\u00fcm kadar\u0131yla, \u0130ran halk\u0131n\u0131n hayat standard\u0131 T\u00fcrkiye\u2019ye g\u00f6re en az 40 y\u0131l geride. \u201cHayat standard\u0131\u201d derken, \u0130ranl\u0131lar\u0131n hastanede, hapishanede, polisin halka davran\u0131\u015f\u0131, mahk\u00fbmlar\u0131n sevk zinciri ile ta\u015f\u0131nmas\u0131, a\u015f\u0131r\u0131 b\u00fcrokrasi vs.yi kast ediyorum. Gelir seviyeleri de g\u00f6rd\u00fc\u011f\u00fcm kadar\u0131yla bizden daha geri\u2026<\/p>\n<p>&nbsp;<\/p>\n<p>Di\u011fer taraftan<\/p>\n<p>Konu olarak bizim film ve diziler gibi l\u00fcks hayat ya\u015fayanlar\u0131 ekrana getirmekten \u00e7ok, s\u0131radan insanlar\u0131n ger\u00e7ek hayat\u0131n\u0131 ortaya koydu\u011fu i\u00e7in ho\u015fuma gidiyor. Seyirci film bittikten sonra ya\u015fad\u0131\u011f\u0131 hayata \u015f\u00fckreder. Bizim dizileri ise (bir k\u0131sm\u0131 hari\u00e7) seyredenleri hayat\u0131na k\u00fcst\u00fcr\u00fcyor.<\/p>\n<p>&nbsp;<\/p>\n<p>Ancak \u0130ran filmleri<\/p>\n<p>\u00c7ok yava\u015f akt\u0131\u011f\u0131 i\u00e7in seyretmek sab\u0131r ister. (Son seyretti\u011fim Tilki ve Just 6.5 hari\u00e7. Bu filmlerde hem aksiyon hem de sosyal hayat ve devletin i\u015fleyi\u015fi hakk\u0131nda bilgiler vard\u0131)<\/p>\n<p>Yava\u015f akan filmlerde<\/p>\n<p>Bir m\u00fcddet sonra o yava\u015f ak\u0131\u015fa kapt\u0131r\u0131r, kendinizi birden filmin i\u00e7inde hissedersiniz.<\/p>\n<p>\u00c7\u00fcnk\u00fc oyuncular;<\/p>\n<p>Genci, ya\u015fl\u0131s\u0131, \u00e7ocu\u011fu rollerini o kadar g\u00fczel icra ediyorlar ki, sanki film de\u011fil gizli kamera ile \u00e7ekilmi\u015f bir dram seyretti\u011finizi san\u0131rs\u0131n\u0131z.<\/p>\n<p>&nbsp;<\/p>\n<p>Azim\u2019in Annesi Rona adl\u0131 film de onlardan biri.<\/p>\n<p>Y\u00f6netmen Jamshid Mahmoudi\u2019nin 2018 y\u0131l\u0131 yap\u0131m\u0131 olan film, Afganistan\u2019dan g\u00f6\u00e7\u00fcp \u0130ran\u2019a yerle\u015fen bir ailenin aile i\u00e7i dram\u0131n\u0131 anlat\u0131yor.<\/p>\n<p>&nbsp;<\/p>\n<p>Ancak filmde bir sahne var ki,<\/p>\n<p>\u0130ran\u2019\u0131n t\u00fcm \u0130slami s\u00f6ylemlerine ra\u011fmen Farisi refleksinin hayatta (veya y\u00f6netmeliklerde) ne kadar etkin oldu\u011funu g\u00f6steriyor.<\/p>\n<p>Biz \u0130ran\u2019\u0131n mezhep\u00e7ili\u011fini bile sorgularken, asl\u0131nda onun \u00e7ok \u00f6tesinde Farisi kimli\u011finin daha bask\u0131n oldu\u011funu bu film vas\u0131tas\u0131 ile \u00f6\u011freniyoruz.<\/p>\n<p>\u00c7\u00fcnk\u00fc<\/p>\n<p>Azim\u2019in namaz k\u0131larken g\u00f6r\u00fcnt\u00fcs\u00fcnden anla\u015f\u0131l\u0131yor ki, o da \u015eii<\/p>\n<p>Ama<\/p>\n<p>\u0130ran i\u00e7in demek ki, \u015eiilik de yeterli de\u011filmi\u015f. Farisi olmak esast\u0131r.<\/p>\n<p>&nbsp;<\/p>\n<p>Ayn\u0131 \u015fey<\/p>\n<p>S. Arabistan\u2019da da ge\u00e7erli.<\/p>\n<p>Uzun y\u0131llar \u00f6nce gelip S. Arabistan\u2019a yerle\u015fmi\u015f \u00d6zbek T\u00fcrkleri var. Bunlar Suud vatanda\u015f\u0131 ve bunlara \u201cBuhariler\u201d denir.<\/p>\n<p>Bunlara da Suudilerin nas\u0131l davrand\u0131\u011f\u0131n\u0131 anlatmak isterdim ama konu da\u011f\u0131lmas\u0131n diye bu kadarla iktifa ediyorum.<\/p>\n<p>Ancak \u015fu kadar\u0131n\u0131 s\u00f6yleyerek konuya devam edeyim.<\/p>\n<p>Her iki \u00fclke de \u0130slam prensiplerine g\u00f6re hareket ettiklerini s\u00f6ylerler<\/p>\n<p>Ama<\/p>\n<p>\u0130\u015f icraata geldi mi, \u0130slam\u2019\u0131n ayaklar alt\u0131na ald\u0131\u011f\u0131 \u0131rk\u00e7\u0131l\u0131k belirleyici bir fakt\u00f6r oluyor.<\/p>\n<p>&nbsp;<\/p>\n<p>Azim\u2019in hik\u00e2yesine devam edeyim:<\/p>\n<p>Azim di\u011fer t\u00fcm g\u00f6\u00e7menlerin ya\u015fad\u0131\u011f\u0131 zorluklar\u0131 ya\u015fayarak ekme\u011fini kazanmaya \u00e7al\u0131\u015fmaktad\u0131r. Gece vardiyas\u0131nda ya\u011fmur suyu kanallar\u0131nda vs. \u00e7al\u0131\u015fmakta&#8230;<\/p>\n<p>Bir g\u00fcn annesiyle motorla d\u00f6nerken kaza ge\u00e7irir.<\/p>\n<p>Hastaneye gittiklerinde<\/p>\n<p>Annesinde kaza ile ilgili bir \u015feyi olmad\u0131\u011f\u0131n\u0131 ancak tetkikleri yaparken annesinin b\u00f6breklerinin iflas etti\u011fini.. b\u00f6brek nakli yap\u0131lmad\u0131\u011f\u0131 takdirde 2-3 ayl\u0131k bir \u00f6mr\u00fcn\u00fcn kald\u0131\u011f\u0131n\u0131 s\u00f6yler doktor.<\/p>\n<p>&nbsp;<\/p>\n<p>\u0130\u015fte o dakikadan sonra kendinizi filmin i\u00e7inde hissedersiniz.<\/p>\n<p>Azim\u2019in hastane k\u00f6\u015felerinde, evde, i\u015finde, ya\u015fad\u0131\u011f\u0131 s\u0131k\u0131nt\u0131lar\u0131, \u00e7aresizli\u011fi.. film de\u011fil adeta ger\u00e7ek bir hadiseymi\u015f gibi seyrediyorsunuz.<\/p>\n<p>Oyuncular da, dedi\u011fim gibi i\u015fin hakk\u0131n\u0131 o kadar g\u00fczel veriyorlar ki, sanki sizde aralar\u0131nda ya\u015f\u0131yorsunuz gibi.<\/p>\n<p>&nbsp;<\/p>\n<p>Merak edenler filmi seyreder,<\/p>\n<p>Ben as\u0131l filmin beni \u015fok eden sahnesine gelmek istiyorum.<\/p>\n<p>Uzun u\u011fra\u015flardan sonra Azim annesi i\u00e7in b\u00f6bre\u011fini verecek birini bulur.<\/p>\n<p>\u0130\u015flemleri yapmak \u00fczere gittiklerinde<\/p>\n<p>G\u00f6revli<\/p>\n<p>B\u00f6bre\u011fini verecek \u0130ranl\u0131n\u0131n kimli\u011fini ister.<\/p>\n<p>Sonra Azim\u2019den kimlik ister.<\/p>\n<p>&#8211;\u00a0\u00a0\u00a0\u00a0\u00a0\u00a0\u00a0\u00a0 Afganl\u0131 m\u0131s\u0131n\u0131z?<\/p>\n<p>&#8211;\u00a0\u00a0\u00a0\u00a0\u00a0\u00a0\u00a0\u00a0 Evet!<\/p>\n<p>&#8211;\u00a0\u00a0\u00a0\u00a0\u00a0\u00a0\u00a0\u00a0 \u0130\u015flemlerinizi yapamam, bir Afganl\u0131 bulman\u0131z laz\u0131m<\/p>\n<p>&#8211;\u00a0\u00a0\u00a0\u00a0\u00a0\u00a0\u00a0\u00a0 Neden?<\/p>\n<p>&#8211;\u00a0\u00a0\u00a0\u00a0\u00a0\u00a0\u00a0\u00a0 Bir \u0130ranl\u0131n\u0131n b\u00f6bre\u011fi Afganl\u0131ya olmaz!<\/p>\n<p>O anda cemakan\u0131n arkas\u0131ndaki karga\u015fay\u0131 anlatmama gerek yok.<\/p>\n<p>Azim bir yandan annesi i\u00e7in \u00e7\u0131rp\u0131n\u0131rken<\/p>\n<p>B\u00f6bre\u011fini verecek ki\u015fi(sa\u011f\u0131r ve dilsizdir) daha fazla tepki g\u00f6steriyor.<\/p>\n<p>\u00c7\u00fcnk\u00fc o da \u00e7ok zor durumdad\u0131r ve bu paraya ihtiyac\u0131 vard\u0131r.<\/p>\n<p>&nbsp;<\/p>\n<p>BENZER B\u0130R OLAY YA\u015eAMI\u015eTIM<\/p>\n<p>\u0130slam devrimi iddias\u0131nda olan \u0130ran\u2019da durum bu!<\/p>\n<p>Yine \u0130slami bir rejime sahip oldu\u011funu s\u00f6yleyen<\/p>\n<p>Suudi Arabistan\u2019daki \u201cBuhari\u201d lerin \u00e7ekti\u011fi s\u0131k\u0131nt\u0131lar\u0131 yaz\u0131 uzamas\u0131n diye de\u011finmedim<\/p>\n<p>Ama<\/p>\n<p>\u015eu kadar bilinsin yeter.. Orada da esas olan M\u00fcsl\u00fcman olmak de\u011fil Suudili olmakt\u0131r.<\/p>\n<p>&nbsp;<\/p>\n<p>\u015eimdi gelelim \u00fclkemize:<\/p>\n<p>\u00c7uvald\u0131z\u0131 ba\u015fkas\u0131na saplad\u0131k, i\u011fneyi de az\u0131c\u0131k kendimize dokundural\u0131m.<\/p>\n<p>Yeni e\u011fitim d\u00f6nemi ba\u015f\u0131nda<\/p>\n<p>K\u0131z\u0131m\u0131 Anaokuluna kaydetmek i\u00e7in gitmi\u015ftim.<\/p>\n<p>Anaokulunu bir Arap han\u0131mefendi i\u015fletiyor.<\/p>\n<p>Kay\u0131t i\u015flemi devam ederken<\/p>\n<p>Han\u0131mefendi yar\u0131 endi\u015feli olarak<\/p>\n<p>\u00c7ocu\u011fumla birlikte Yemenli, Filistinli ve Suriyeli \u00e7ocuklar\u0131n da e\u011fitim alaca\u011f\u0131n\u0131 s\u00f6yledi.<\/p>\n<p>\u201cTamam!\u201d dedim.\u201d Ne var bunda?\u201d<\/p>\n<p>Kad\u0131nca\u011f\u0131z birden ferahlad\u0131.<\/p>\n<p>\u201cBir\u00e7ok T\u00fcrk aile burada Arap \u00e7ocuklar\u0131 okuyor diye kay\u0131t yapt\u0131rd\u0131ktan sonra \u00e7ocuklar\u0131n\u0131 geri ald\u0131..\u201d deyince, o kadar \u00fcz\u00fcld\u00fcm ki\u2026<\/p>\n<p>Ba\u015fak\u015fehir gibi m\u00fctedeyyin ve \u0130slami de\u011ferlere \u00f6nem veren ailelerin oturdu\u011fu bir muhitte bile durum b\u00f6yle ise Be\u015fikta\u015f, Kad\u0131k\u00f6y gibi muhitlerde kim bilir durum nas\u0131l.<\/p>\n<p>&nbsp;<\/p>\n<p>Sonra \u015fununla teselli oldum.<\/p>\n<p>Bizdeki bu \u0131rk\u00e7\u0131 refleksler halk\u0131n bir kesiminde var.<\/p>\n<p>Devlet ba\u015fkan\u0131m\u0131z bu gibi cahiliye kal\u0131nt\u0131lar\u0131n\u0131 \u015fiddetle ret ederek<\/p>\n<p>Defalarca<\/p>\n<p>\u201cBenim dinim ne S\u00fcnniliktir ne de \u015eiilik.. Benim dinim \u0130slam\u2019d\u0131r!\u201d demi\u015ftir.<\/p>\n<p>Yine d\u00fcnyan\u0131n d\u00f6rt bir taraf\u0131na yard\u0131m eli uzatmakla<\/p>\n<p>Ve<\/p>\n<p>D\u00f6rt milyon civar\u0131nda bi\u00e7areyi \u00fclkemizde misafir etmekle<\/p>\n<p>\u015e\u00fck\u00fcrler olsun ki, Devlet ba\u015fkan\u0131m\u0131z<\/p>\n<p>Esas olan \u0131rk\u00e7\u0131l\u0131\u011f\u0131n olmad\u0131\u011f\u0131n\u0131.. insanl\u0131k oldu\u011funu t\u00fcm d\u00fcnyaya g\u00f6stermi\u015ftir.<\/p>\n<p>&nbsp;<\/p>\n<p>Allah di\u011fer M\u00fcsl\u00fcmanlara da ayn\u0131 feraseti versin,<\/p>\n<p>\u00c2min!<\/p>\n<p>&nbsp;<\/p>\n<p>16.12.2020<\/p>\n<p>Emin Batur<\/p>\n","protected":false},"excerpt":{"rendered":"<p>Yazmay\u0131 d\u00fc\u015f\u00fcnd\u00fc\u011f\u00fcm \u00fc\u00e7 yaz\u0131n\u0131n ba\u015fl\u0131klar\u0131 bunlar\u2026 Birinci ba\u015fl\u0131k \u0130ran sinemas\u0131n\u0131n g\u00fczel filmlerinden olan \u201cAzim\u2019in Annesi Rona\u201d adl\u0131 filmden, \u0130kinci ba\u015fl\u0131k \u0130ran ve T\u00fcrkiye\u2019nin bir araya gelmesiyle emperyalistlerin b\u00f6lgeye yakla\u015famayacaklar\u0131ndan Ve Suriye meselesi ba\u015fta olmak \u00fczere bir\u00e7ok meselenin hallolaca\u011f\u0131ndan\u2026 \u00dc\u00e7\u00fcnc\u00fc ba\u015fl\u0131k ise, \u0130ran\u2019\u0131n bug\u00fcne kadar s\u00fcrd\u00fcrd\u00fc\u011f\u00fc Farisi-Mezhep\u00e7i politikan\u0131n, g\u00fcn\u00fcm\u00fcz ger\u00e7ekleri ile \u00f6rt\u00fc\u015fmedi\u011fini, asimetrik sava\u015flar\u0131n s\u00fcrd\u00fc\u011f\u00fc bir &hellip;<\/p>\n","protected":false},"author":14,"featured_media":48521,"comment_status":"open","ping_status":"open","sticky":false,"template":"","format":"standard","meta":{"om_disable_all_campaigns":false,"_themeisle_gutenberg_block_has_review":false,"_joinchat":[],"footnotes":""},"categories":[56,38,43],"tags":[],"class_list":["post-42894","post","type-post","status-publish","format-standard","has-post-thumbnail","","category-emin","category-guncel","category-yazarlar"],"_links":{"self":[{"href":"https:\/\/akincilardergisi.com\/tr\/wp-json\/wp\/v2\/posts\/42894","targetHints":{"allow":["GET"]}}],"collection":[{"href":"https:\/\/akincilardergisi.com\/tr\/wp-json\/wp\/v2\/posts"}],"about":[{"href":"https:\/\/akincilardergisi.com\/tr\/wp-json\/wp\/v2\/types\/post"}],"author":[{"embeddable":true,"href":"https:\/\/akincilardergisi.com\/tr\/wp-json\/wp\/v2\/users\/14"}],"replies":[{"embeddable":true,"href":"https:\/\/akincilardergisi.com\/tr\/wp-json\/wp\/v2\/comments?post=42894"}],"version-history":[{"count":0,"href":"https:\/\/akincilardergisi.com\/tr\/wp-json\/wp\/v2\/posts\/42894\/revisions"}],"wp:featuredmedia":[{"embeddable":true,"href":"https:\/\/akincilardergisi.com\/tr\/wp-json\/wp\/v2\/media\/48521"}],"wp:attachment":[{"href":"https:\/\/akincilardergisi.com\/tr\/wp-json\/wp\/v2\/media?parent=42894"}],"wp:term":[{"taxonomy":"category","embeddable":true,"href":"https:\/\/akincilardergisi.com\/tr\/wp-json\/wp\/v2\/categories?post=42894"},{"taxonomy":"post_tag","embeddable":true,"href":"https:\/\/akincilardergisi.com\/tr\/wp-json\/wp\/v2\/tags?post=42894"}],"curies":[{"name":"wp","href":"https:\/\/api.w.org\/{rel}","templated":true}]}}