{"id":42844,"date":"2020-12-12T00:00:26","date_gmt":"2020-12-11T22:00:26","guid":{"rendered":"http:\/\/akincilardergisi.com\/dergi\/?p=42844"},"modified":"2023-11-07T15:56:23","modified_gmt":"2023-11-07T12:56:23","slug":"once-zihinler-isgal-edildi","status":"publish","type":"post","link":"https:\/\/akincilardergisi.com\/tr\/once-zihinler-isgal-edildi\/","title":{"rendered":"\u00d6NCE Z\u0130H\u0130NLER \u0130\u015eGAL ED\u0130LD\u0130\u2026"},"content":{"rendered":"<p>&#8211;\u00a0\u00a0\u00a0\u00a0\u00a0\u00a0\u00a0\u00a0 Sonra?<\/p>\n<p>&#8211;\u00a0\u00a0\u00a0\u00a0\u00a0\u00a0\u00a0\u00a0 Sonra kendimize g\u00fcvenimizi kaybettik<\/p>\n<p>&#8211;\u00a0\u00a0\u00a0\u00a0\u00a0\u00a0\u00a0\u00a0 Sonra?<\/p>\n<p>&#8211;\u00a0\u00a0\u00a0\u00a0\u00a0\u00a0\u00a0\u00a0 Sonra m\u00fccadele azmimizi yitirdik<\/p>\n<p>Sonra da fark\u0131nda olmadan gavurun k\u0131l\u0131c\u0131n\u0131 sallamaya ba\u015flad\u0131k<\/p>\n<p>&#8211;\u00a0\u00a0\u00a0\u00a0\u00a0\u00a0\u00a0\u00a0 Nas\u0131l yani? Biraz a\u00e7ar m\u0131s\u0131n?<\/p>\n<p>\u015e\u00f6yle ki,<\/p>\n<p>Aram\u0131zda bat\u0131 medeniyetinin \u00fcst\u00fcn oldu\u011funu kabul etmi\u015f bir kitle var.<\/p>\n<p>Bunlar\u0131n partileri, sivil toplum kurulu\u015flar\u0131 ve g\u00fc\u00e7l\u00fc sermayeleri var. Bunlar gayet \u00f6rg\u00fctl\u00fc sald\u0131rgan ve alabildi\u011fine k\u00fcstaht\u0131rlar.<\/p>\n<p>Bu g\u00fcruh<\/p>\n<p>Bilhassa son y\u00fcz y\u0131lda iyice sald\u0131rgan hale gelmi\u015f, milletimizi sindirmek i\u00e7in yo\u011fun bir \u00e7al\u0131\u015fma i\u00e7ine girmi\u015flerdir.<\/p>\n<p>&nbsp;<\/p>\n<p>&#8211;\u00a0\u00a0\u00a0\u00a0\u00a0\u00a0\u00a0\u00a0 \u00d6rnek verebilir misin?<\/p>\n<p>&#8211;\u00a0\u00a0\u00a0\u00a0\u00a0\u00a0\u00a0\u00a0 Tabi. \u015eimdi bunlar bat\u0131y\u0131 \u00fcst\u00fcn kabul edince, bizim onlara kay\u0131ts\u0131z \u015farts\u0131z teslim olmam\u0131z gerekti\u011fini y\u00fcz-y\u00fczelli y\u0131l \u00f6nce o g\u00fcnk\u00fc medya organlar\u0131 vas\u0131tas\u0131 ile dile getirip halk\u0131n kafas\u0131n\u0131 kar\u0131\u015ft\u0131rd\u0131lar.<\/p>\n<p>Daha sonra<\/p>\n<p>Devleti ele ge\u00e7irince art\u0131k, halka sorma ihtiyac\u0131 duymadan bat\u0131n\u0131n kanunlar\u0131n\u0131, giyim ku\u015fam \u00f6rf adet yaz\u0131 ne varsa hepsini al\u0131p getirdiler.<\/p>\n<p>&nbsp;<\/p>\n<p>Bu millet as\u00eel ruhunu kaybetmedi\u011fi i\u00e7in<\/p>\n<p>1950\u2019den itibaren asl\u0131na d\u00f6nmek i\u00e7in tamirata ba\u015flad\u0131.<\/p>\n<p>&#8211;\u00a0\u00a0\u00a0\u00a0\u00a0\u00a0\u00a0\u00a0 Bug\u00fcne gelelim\u2026<\/p>\n<p>&#8211;\u00a0\u00a0\u00a0\u00a0\u00a0\u00a0\u00a0\u00a0 Peki, uzatmayay\u0131m. Ondan sonras\u0131 malum\u2026 Millet \u00f6z\u00fcne d\u00f6nmek istedik\u00e7e darbelerle, sa\u011f-sol \u00e7at\u0131\u015fmalar\u0131 ile \u00f6n\u00fcne bariyerler kondu.\u00a0\u00a0\u00a0\u00a0\u00a0\u00a0\u00a0\u00a0 15 Temmuz\u2019da nihayet bu i\u015fe son verip devletin, milletin emrinde oldu\u011fu d\u00fcsturuyla esasl\u0131 onar\u0131m s\u00fcrecine girildi.<\/p>\n<p>Ancak<\/p>\n<p>150 y\u0131ld\u0131r i\u015fgal edilen zihinler mevzuyu anlamakta zorland\u0131lar.<\/p>\n<p>&#8211;\u00a0\u00a0\u00a0\u00a0\u00a0\u00a0\u00a0\u00a0 Nas\u0131l?<\/p>\n<p>&#8211;\u00a0\u00a0\u00a0\u00a0\u00a0\u00a0\u00a0\u00a0 Y\u0131llarca bir \u015feyler yapamaman\u0131n ezikli\u011fi ile yeti\u015fmi\u015f nesiller yeni \u00fcrettiklerimizi bir t\u00fcrl\u00fc kabullenemediler<\/p>\n<p>&#8211;\u00a0\u00a0\u00a0\u00a0\u00a0\u00a0\u00a0\u00a0 \u00d6rnek verebilir misin?<\/p>\n<p>&#8211;\u00a0\u00a0\u00a0\u00a0\u00a0\u00a0\u00a0\u00a0 Mesela \u0130HA \u2013 S\u0130HA, tank, helikopter vs. mi \u00fcretiyoruz. Zihni bulanm\u0131\u015flar hemen sald\u0131r\u0131ya ge\u00e7erek \u201cmotoru yerli mi motoru?..\u201d diyerek yar\u0131 istihzal\u0131 sorularla i\u015fi mugalataya getirirler.<\/p>\n<p>\u00c7\u00fcnk\u00fc<\/p>\n<p>Onlara g\u00f6re bizim b\u00f6yle \u015feyler \u00fcretmemiz m\u00fcmk\u00fcn de\u011fil, biz ancak bu \u00fcretilenleri sat\u0131n alabiliriz.<\/p>\n<p>Veya<\/p>\n<p>Yerli araba \u00fcretimine giri\u015ftiniz.<\/p>\n<p>Kar\u015f\u0131 cenah hemen sesini y\u00fckseltir \u201ckesin bu araba kopyad\u0131r..\u201d diyerek memnuniyetsizliklerini izhar ederken, bat\u0131ya da \u201ctakoz\u201d g\u00f6revlerini ba\u015far\u0131yla yapt\u0131klar\u0131n\u0131 ispata \u00e7al\u0131\u015f\u0131rlar.<\/p>\n<p>&#8211;\u00a0\u00a0\u00a0\u00a0\u00a0\u00a0\u00a0\u00a0 Bu kar\u015f\u0131 \u00e7\u0131k\u0131\u015flar sadece sanayi ile mi ilgili?<\/p>\n<p>&#8211;\u00a0\u00a0\u00a0\u00a0\u00a0\u00a0\u00a0\u00a0 Hay\u0131r!<\/p>\n<p>Her konuda ayn\u0131 muhalefeti g\u00f6r\u00fcrs\u00fcn\u00fcz.<\/p>\n<p>&#8211;\u00a0\u00a0\u00a0\u00a0\u00a0\u00a0\u00a0\u00a0 Neden?<\/p>\n<p>&#8211;\u00a0\u00a0\u00a0\u00a0\u00a0\u00a0\u00a0\u00a0 \u00c7\u00fcnk\u00fc ezik bunlar. Kendi milletinin b\u00fcy\u00fcy\u00fcp geli\u015fece\u011fine dair inan\u00e7lar\u0131 yoktur. Bir \u015feyler yapabilece\u011fimize inanm\u0131yorlar.<\/p>\n<p>Ge\u00e7enlerde<\/p>\n<p>Beyaz e\u015fya y\u00fckl\u00fc trenimiz \u00c7in\u2019e ihracat yapmak \u00fczere yola \u00e7\u0131kt\u0131.<\/p>\n<p>Tren<\/p>\n<p>Kesintisiz 8 bin k\u00fcsur km kat ederek \u00c7in\u2019e ula\u015facak.<\/p>\n<p>Bu kadar uzun bir mesafede demiryolu ile ihracat belki de d\u00fcnyada ilk.<\/p>\n<p>&nbsp;<\/p>\n<p>Malum<\/p>\n<p>Londra-Pekin aras\u0131nda yap\u0131lacak olan<\/p>\n<p>Ve Marmaray ile Man\u015f denizinden deniz alt\u0131ndan, Yavuz Sultan Selim k\u00f6pr\u00fcs\u00fc ile de deniz \u00fcst\u00fcnden k\u0131talar aras\u0131 ge\u00e7i\u015f yapacak ithalat-ihracat\u0131n deneme seferleridir bunlar\u2026<\/p>\n<p>&nbsp;<\/p>\n<p>Bu seferler bizi heyecanland\u0131r\u0131rken, zihni bulanm\u0131\u015f olanlar\u0131 ise fena halde \u00fcz\u00fcyor.<\/p>\n<p>\u00c7in\u2019e gidecek olan tren<\/p>\n<p>G\u00fcmr\u00fck i\u015flemlerini tamamlamak ve ek sipari\u015fleri de almak \u00fczere<\/p>\n<p>Halkal\u0131 \u2019ya \u00e7ekilince, malum kesimin borazanl\u0131\u011f\u0131n\u0131 yapan T24 sitesi haberi \u201c\u00c7in\u2019e gidecek tren Halkal\u0131\u2019ya geri \u00e7ekildi\u201d \u015feklinde haberi sevin\u00e7le veriyor. S\u00d6ZC\u00dc gazetesi yazar\u0131 da g\u00f6r\u00fcnt\u00fcl\u00fc \u00e7ekim yap\u0131p akl\u0131nca dalgas\u0131n\u0131 ge\u00e7meye \u00e7al\u0131\u015f\u0131rken, sosyal medyada rezil oluyor.<\/p>\n<p>Bunlar<\/p>\n<p>\u0130hracat baltalan\u0131yor diye seviniyor havalara u\u00e7uyorlar.<\/p>\n<p>Bunlar muhalif falan de\u011fil,<\/p>\n<p>Bunlar<\/p>\n<p>Bat\u0131n\u0131n i\u00e7imizdeki Truva atlar\u0131d\u0131r.<\/p>\n<p>&nbsp;<\/p>\n<p>\u0130\u015fin garip taraf\u0131<\/p>\n<p>\u0130\u015fbu i\u015fg\u00fczarlara bizimkiler de alet oluyor.<\/p>\n<p>&nbsp;<\/p>\n<p>Kald\u0131 ki,<\/p>\n<p>Tren geri de \u00e7ekilmi\u015f olabilir. Anla\u015fmazl\u0131k olmu\u015ftur geri \u00e7ekeriz. Bir vatan evlad\u0131 olarak buna sevinilmez \u00fcz\u00fcl\u00fcn\u00fcr.<\/p>\n<p>&nbsp;<\/p>\n<p>Yine<\/p>\n<p>Bu y\u0131l\u0131n son \u00e7eyre\u011finde \u00fclkemiz 6.7 b\u00fcy\u00fcyerek d\u00fcnya lideri oldu. Bunu muhalifler de\u011fil de bizimkiler \u201cyok \u00f6yle bir \u015fey\u201d diyerek g\u00f6lgelemeye \u00e7al\u0131\u015ft\u0131lar. H\u00e2lbuki muhalif medya bile bu b\u00fcy\u00fcmeyi tasdik etti, bizimkilerin tela\u015f\u0131 ne onu anlayamad\u0131m.<\/p>\n<p>&nbsp;<\/p>\n<p>Benzer durumlar\u0131 korona meselesinden, a\u015f\u0131ya kadar her mevzuda g\u00f6rmek m\u00fcmk\u00fcn.<\/p>\n<p>&#8211;\u00a0\u00a0\u00a0\u00a0\u00a0\u00a0\u00a0\u00a0 Yani?<\/p>\n<p>&#8211;\u00a0\u00a0\u00a0\u00a0\u00a0\u00a0\u00a0\u00a0 Yani, kafam\u0131za boca edilen bat\u0131n\u0131n kirli d\u00fc\u015f\u00fcncelerinden kurtulmadan<\/p>\n<p>Ve<\/p>\n<p>Kendimize g\u00fcvenmeden bu i\u015fin i\u00e7inden \u00e7\u0131kamay\u0131z.<\/p>\n<p>&nbsp;<\/p>\n<p>09.12.2020<\/p>\n<p>Emin Batur<\/p>\n","protected":false},"excerpt":{"rendered":"<p>&#8211;\u00a0\u00a0\u00a0\u00a0\u00a0\u00a0\u00a0\u00a0 Sonra? &#8211;\u00a0\u00a0\u00a0\u00a0\u00a0\u00a0\u00a0\u00a0 Sonra kendimize g\u00fcvenimizi kaybettik &#8211;\u00a0\u00a0\u00a0\u00a0\u00a0\u00a0\u00a0\u00a0 Sonra? &#8211;\u00a0\u00a0\u00a0\u00a0\u00a0\u00a0\u00a0\u00a0 Sonra m\u00fccadele azmimizi yitirdik Sonra da fark\u0131nda olmadan gavurun k\u0131l\u0131c\u0131n\u0131 sallamaya ba\u015flad\u0131k &#8211;\u00a0\u00a0\u00a0\u00a0\u00a0\u00a0\u00a0\u00a0 Nas\u0131l yani? Biraz a\u00e7ar m\u0131s\u0131n? \u015e\u00f6yle ki, Aram\u0131zda bat\u0131 medeniyetinin \u00fcst\u00fcn oldu\u011funu kabul etmi\u015f bir kitle var. Bunlar\u0131n partileri, sivil toplum kurulu\u015flar\u0131 ve g\u00fc\u00e7l\u00fc sermayeleri var. Bunlar gayet \u00f6rg\u00fctl\u00fc sald\u0131rgan ve alabildi\u011fine &hellip;<\/p>\n","protected":false},"author":14,"featured_media":48521,"comment_status":"open","ping_status":"open","sticky":false,"template":"","format":"standard","meta":{"om_disable_all_campaigns":false,"_themeisle_gutenberg_block_has_review":false,"_joinchat":[],"footnotes":""},"categories":[56,38,43],"tags":[],"class_list":["post-42844","post","type-post","status-publish","format-standard","has-post-thumbnail","","category-emin","category-guncel","category-yazarlar"],"_links":{"self":[{"href":"https:\/\/akincilardergisi.com\/tr\/wp-json\/wp\/v2\/posts\/42844","targetHints":{"allow":["GET"]}}],"collection":[{"href":"https:\/\/akincilardergisi.com\/tr\/wp-json\/wp\/v2\/posts"}],"about":[{"href":"https:\/\/akincilardergisi.com\/tr\/wp-json\/wp\/v2\/types\/post"}],"author":[{"embeddable":true,"href":"https:\/\/akincilardergisi.com\/tr\/wp-json\/wp\/v2\/users\/14"}],"replies":[{"embeddable":true,"href":"https:\/\/akincilardergisi.com\/tr\/wp-json\/wp\/v2\/comments?post=42844"}],"version-history":[{"count":0,"href":"https:\/\/akincilardergisi.com\/tr\/wp-json\/wp\/v2\/posts\/42844\/revisions"}],"wp:featuredmedia":[{"embeddable":true,"href":"https:\/\/akincilardergisi.com\/tr\/wp-json\/wp\/v2\/media\/48521"}],"wp:attachment":[{"href":"https:\/\/akincilardergisi.com\/tr\/wp-json\/wp\/v2\/media?parent=42844"}],"wp:term":[{"taxonomy":"category","embeddable":true,"href":"https:\/\/akincilardergisi.com\/tr\/wp-json\/wp\/v2\/categories?post=42844"},{"taxonomy":"post_tag","embeddable":true,"href":"https:\/\/akincilardergisi.com\/tr\/wp-json\/wp\/v2\/tags?post=42844"}],"curies":[{"name":"wp","href":"https:\/\/api.w.org\/{rel}","templated":true}]}}