{"id":42797,"date":"2020-11-30T07:33:40","date_gmt":"2020-11-30T05:33:40","guid":{"rendered":"http:\/\/akincilardergisi.com\/dergi\/?p=42797"},"modified":"2023-11-07T12:01:27","modified_gmt":"2023-11-07T09:01:27","slug":"yorgun-tarihimiz","status":"publish","type":"post","link":"https:\/\/akincilardergisi.com\/tr\/yorgun-tarihimiz\/","title":{"rendered":"YORGUN TAR\u0130H\u0130M\u0130Z"},"content":{"rendered":"<p style=\"text-align: justify\">Sosyal bilimler zaman zaman konjonkt\u00fcr\u00fcn etkisinde kal\u0131r. G\u00fcc\u00fc elinde bulunduranlar, toplumu istedikleri gibi y\u00f6nlendirip istedikleri alg\u0131y\u0131 topluma dayatabiliyorlar. Bir zamanlar\u0131n me\u015fhur S\u00fcmerbank\u2019\u0131 ve Etibank\u2019\u0131 vard\u0131. Ama kimse sormuyordu: \u201c<strong>S\u00fcmerbank, Eti Bank ne alaka, bunlar\u0131n T\u00fcrklerle, T\u00fcrkl\u00fckle ne ilgisi var ki?\u201d<\/strong> Ge\u00e7mi\u015f medeniyetimizden esinlenece\u011fimiz onca kavram varken S\u00fcmerler ve Etiler de neyin nesi? Bu medeniyetlerin T\u00fcrklerle alakas\u0131 yoktu. Bunlar milletimizin 1071\u2019den sonra sahip oldu\u011fu Anadolu topraklar\u0131yla bir \u015fekilde yollar\u0131 kesi\u015fen medeniyetlerdi. Savunma Sanayimizin \u00fcretti\u011fi teknoloji harikas\u0131 eserlere verilen isimlerine bak\u0131ld\u0131\u011f\u0131nda ne demek istedi\u011fimiz \u00e7ok daha iyi anla\u015f\u0131lacakt\u0131r.\u00a0 Milli tarih anlay\u0131\u015f\u0131 benimsenmi\u015f, d\u00fcnyan\u0131n bize g\u00fcld\u00fc\u011f\u00fc uydurmalar tarihi ger\u00e7eklik diye sunulmu\u015ftur. G\u00fcne\u015f Dil Teorisi\u2019nde oldu\u011fu gibi. Napolyon demi\u015fti ya: <strong>\u201cTarih, g\u00fc\u00e7l\u00fclerin istedikleri gibi kay\u0131t alt\u0131na ald\u0131klar\u0131 bir hik\u00e2yedir.\u201d<\/strong><\/p>\n<p style=\"text-align: justify\">Yeni olan\u0131 tutturmak i\u00e7in, yerle\u015ftirmek i\u00e7in eskiyi k\u00f6t\u00fcleme al\u0131\u015fkanl\u0131\u011f\u0131 yerle\u015fik bir davran\u0131\u015ft\u0131r. Cumhuriyet, Osmanl\u0131y\u0131 k\u00f6t\u00fclemi\u015ftir. Sonrakiler, \u00f6ncekileri bir \u015fekilde yermi\u015ftir. Dokuzuncu Cumhurba\u015fkan\u0131 Demirel bu ger\u00e7e\u011fi \u015f\u00f6yle ifade etmi\u015ftir: <strong>\u201c<\/strong><a href=\"http:\/\/www.yalanyazantarihutansin.org\/haberleri\/osmanl%C4%B1\"><strong>Osmanl\u0131<\/strong><\/a><strong>y\u0131 biz de k\u00f6t\u00fcledik. \u00c7\u00fcnk\u00fc Osmanl\u0131y\u0131 methetsek,\u00a0<\/strong><a href=\"http:\/\/www.yalanyazantarihutansin.org\/haberleri\/cumhuriyet\"><strong>cumhuriyet<\/strong><\/a><strong>i tutturmakta zorlu\u011fumuz olurdu. B\u00f6yle bir d\u00f6nemi ge\u00e7irmek mecburiyetindeydik.\u201d <\/strong>(T\u00fcrkiye Gazetesi, 09.10.1999)<\/p>\n<p style=\"text-align: justify\">Koronal\u0131 g\u00fcnlerde devletin ger\u00e7ekleri a\u00e7\u0131klamad\u0131\u011f\u0131n\u0131 iddia eden malum zihniyetin Tarih ilmine vesayet koyup ger\u00e7ekleri a\u00e7\u0131klamad\u0131\u011f\u0131n\u0131 ve a\u00e7\u0131klamayaca\u011f\u0131n\u0131 \u00e7ok iyi biliyoruz. Yerlilikten ve millilikten bahsedenler, Osmanl\u0131 sonras\u0131nda yeni kurulan devletin kurumlar\u0131n\u0131 olu\u015ftururken \u00fclkemizi i\u015fgal eden emperyalistlerin yasalar\u0131n\u0131 almaktan imtina etmediler. O y\u0131llarda Bat\u0131\u2019n\u0131n neyi bizden iyi idi ki? Bug\u00fcn ya\u015fl\u0131 d\u00fcnyam\u0131z\u0131n hangi co\u011frafyas\u0131nda zul\u00fcm ad\u0131na bir ger\u00e7eklik varsa arkas\u0131nda Bat\u0131\u2019n\u0131n olmad\u0131\u011f\u0131n\u0131 kim s\u00f6yleyebilir. D\u00fcnyay\u0131 M\u00fcsl\u00fcman\u2019a da, H\u0131ristiyan\u2019a da dar eden Bat\u0131\u2019n\u0131n emperyalist s\u00f6m\u00fcrgeci zihniyeti de\u011fil midir? Bize \u00e7a\u011fda\u015f uygarl\u0131k diye yutturduklar\u0131 Bat\u0131\u2019n\u0131n ne mal oldu\u011funu kendilerine u\u015fakl\u0131k yapan, kendilerinden medet uman mallara bakt\u0131\u011f\u0131m\u0131zda \u00e7ok daha iyi anl\u0131yoruz. Son g\u00fcnlerde Ordu\u2019nun Katar\u2019a sat\u0131ld\u0131\u011f\u0131n\u0131 iddia edenler, 28 \u015eubat M\u00fcsl\u00fcman\u2019a zul\u00fcm s\u00fcrecinde F 16 U\u00e7aklar\u0131m\u0131z\u0131n bak\u0131m\u0131, Tanklar\u0131m\u0131z\u0131n modernizasyonu \u0130srail\u2019e verildi\u011finde ordumuz \u0130srail\u2019e sat\u0131ld\u0131 dediler mi? Kanal \u0130stanbul\u2019un \u00e7evresindeki arazilerin Katar\u2019a sat\u0131ld\u0131\u011f\u0131n\u0131 s\u00f6yleyenler, 90 Y\u0131llardan beri Antalya sahilleri Almanlara sat\u0131l\u0131rken sesleri \u00e7\u0131kt\u0131 m\u0131? Yahudiler, GAP b\u00f6lgesinde tar\u0131m arazisi al\u0131rken sesleri \u00e7\u0131kt\u0131 m\u0131? Ermeniler Van ve \u00e7evresinde tatil k\u00f6y\u00fc kurmak isterken sesleri \u00e7\u0131kt\u0131 m\u0131? Tank Palet Fabrikas\u0131n\u0131 Ko\u00e7lar al\u0131p hi\u00e7bir \u015fey \u00fcretmedi\u011finde sesleri \u00e7\u0131kt\u0131 m\u0131? \u0130ngiliz-Hollanda ortakl\u0131 Shell firmas\u0131 k\u00f6ylere var\u0131ncaya kadar Akaryak\u0131t \u0130stasyonu kurarken sesleri \u00e7\u0131kt\u0131 m\u0131? Frans\u0131z merkezli \u00e7ok uluslu petrol ve do\u011falgaz \u015firketi olan Total Anadolu\u2019da p\u0131trak gibi her taraf\u0131 sararken sesleri \u00e7\u0131kt\u0131 m\u0131? Britanyal\u0131 enerji \u015firketi BP her tarafta istasyonlar kurdu, sesleri \u00e7\u0131kt\u0131 m\u0131? Ya siz de\u011fil misiniz \u0130ngilizleri kokteyl d\u00fczenleyerek u\u011furlay\u0131p, ard\u0131ndan 6 Ekim tarihini \u0130stanbul\u2019un \u0130ngiliz i\u015fgalinden kurtulu\u015f g\u00fcn\u00fc ilan edip kutlama yapanlar. Bu yalanlar daha ne zamana kadar s\u00fcrecek. Tarihin, \u0130nk\u0131l\u00e2p Tarihi ders kitab\u0131ndan ibaret olmad\u0131\u011f\u0131n\u0131 ne zaman anlayacaks\u0131n\u0131z. Her t\u00fcrl\u00fc vesayetin a\u015fama a\u015fama ortadan kald\u0131r\u0131ld\u0131\u011f\u0131 gibi tarihi vesayetinde kald\u0131r\u0131lmayaca\u011f\u0131n\u0131 m\u0131 zannediyorsunuz?<\/p>\n<p style=\"text-align: justify\">Bat\u0131ya olan muhabbetleri, baz\u0131lar\u0131n\u0131n \u00fclkeye muhalefet etmesini de beraberinde getirdi. Zaman\u0131nda beyinlerine \u00e7ak\u0131lan Bat\u0131 \u00e7ivisini bir t\u00fcrl\u00fc \u00e7\u0131karmaya raz\u0131 olmayanlara Bat\u0131\u2019n\u0131n ne mal oldu\u011funu anlatmak ger\u00e7ekten zordur. Bunu biz de\u011fil, \u00e7a\u011fda\u015f ve medeni oldu\u011funa inand\u0131klar\u0131 Bat\u0131, eylemleri ile zihniyetleri ile bang\u0131r bang\u0131r ba\u011f\u0131rmakta ve ortaya koymaktad\u0131r ama bizim kompleksli kitle bunu bir t\u00fcrl\u00fc g\u00f6rememektedir. \u00a0Arif Altunba\u015f a\u011fabeyimiz Bat\u0131\u2019y\u0131 \u00e7ok g\u00fczel tarif etmi\u015ftir: <strong>\u201cBat\u0131 medeniyeti kurulu\u015fu, geli\u015fmesi ve bu g\u00fcne kadar geldi\u011fi s\u00fcre\u00e7 i\u00e7inde hak ve hukuku sadece kendisi i\u00e7in isteyen, \u00e7\u0131kar ve menfaatlerinin pe\u015finde, g\u00fc\u00e7 ve g\u00fc\u00e7l\u00fcn\u00fcn yan\u0131nda, mazlumun ve zay\u0131f\u0131n kar\u015f\u0131s\u0131nda duran, ink\u00e2r ve tu\u011fyan\u0131n kara bayra\u011f\u0131 alt\u0131nda bir araya gelen Kabil soylular\u0131n cephesidir. Bu medeniyet hi\u00e7bir zaman hak ve hukuku, adalet ve bar\u0131\u015f\u0131, insanl\u0131\u011f\u0131n evrensel de\u011fer ve \u00f6l\u00e7\u00fclerini referans alarak insan\u0131 ruh ve mana \u00e2leminde y\u00fcceltme ve y\u00fckseltmeye \u00e7al\u0131\u015fmam\u0131\u015f, hatta kar\u015f\u0131s\u0131nda dikilmi\u015ftir. \u00c7\u00fcnk\u00fc bu medeniyeti kuran milletlerin tarihleri i\u015fgal, istila, s\u00f6m\u00fcr\u00fc ve katliamlarla dolu insan kemikleri ve kelleleri \u00fczerinde in\u015fa edilmi\u015f, har\u00e7lar\u0131 kan, kin ve i\u015fkence ile yo\u011frulmu\u015f bir vah\u015fet medeniyeti olarak bug\u00fcn insanl\u0131\u011f\u0131n huzurunda bir ibret abidesi olarak durmaktad\u0131r.\u201d <\/strong>Arif Altunba\u015f, Haber 7. Com, 27 Kas\u0131m 2020)<\/p>\n<p style=\"text-align: justify\">Biz, Bat\u0131c\u0131 vesayet\u00e7i zihniyeti Sel\u00e7uklularda da, Osmanl\u0131larda da \u00e7ok g\u00f6rd\u00fck. Bizim y\u0131k\u0131lan devletlerimizin tamam\u0131nda Bat\u0131l\u0131lar ve onlar\u0131n i\u00e7imizdeki i\u015fbirlik\u00e7i dev\u015firmelerinin kirli elleri vard\u0131r. Mesela Abd\u00fclhamit\u2019e \u00f6yle d\u00fc\u015fman olmu\u015flard\u0131 ki onun yapt\u0131rd\u0131\u011f\u0131 T\u0131p Fak\u00fcltesi binas\u0131nda okuyup o binaya \u0130ngiliz bayra\u011f\u0131 \u00e7ekecek kadar da al\u00e7alm\u0131\u015flard\u0131. Bat\u0131c\u0131 bu zihniyet, \u00fclkemizin ve milletimizin gelece\u011fini Bat\u0131 ad\u0131na \u00e7alm\u0131\u015ft\u0131r, onlara pe\u015fke\u015f \u00e7ekmi\u015flerdir. Anadolu\u2019daki bin y\u0131ll\u0131k devlet gelene\u011fimizi yok saym\u0131\u015flard\u0131r. K\u00f6klerimizle, k\u00fclt\u00fcr\u00fcm\u00fczle, medeniyetimizle bulu\u015fma ad\u0131na yap\u0131lan her t\u00fcrl\u00fc giri\u015fim uykular\u0131n\u0131 ka\u00e7\u0131rmaktad\u0131r. Yurtta sulh, Cihanda sulh ilkesini, Yurtta sus, cihanda sus diye anlayan zihniyetin bu \u00fclkeyi g\u00f6t\u00fcrece\u011fi yer olsa olsa u\u00e7urumdur. Bana be\u015f y\u0131l verin \u00fclkeyi u\u00e7uray\u0131m, d\u00fcnyan\u0131n itibarl\u0131 \u00fclkesi haline getireyim diyenler, kahrolsun emperyalizm diye nutuklar atanlar, \u015fimdilerde Bat\u0131\u2019dan demokrasi ve \u00f6zg\u00fcrl\u00fck dilenmektedirler. Ne ad\u0131na? Reis\u2019ten kurtulma ad\u0131na. Siz var ya siz, bir i\u015fgal ile Reis\u2019ten kurtulaca\u011f\u0131n\u0131z\u0131 bilseniz ona bile raz\u0131 olursunuz. Zihniyetinizin temsilcilerinden \u00dcnal \u00c7evik\u00f6z\u2019\u00fcn s\u00f6yledikleri tam da budur. \u00c7evik\u00f6z, <strong>\u201cBiden y\u00f6netiminden ilk beklentimizin \u015fu olaca\u011f\u0131n\u0131 d\u00fc\u015f\u00fcn\u00fcyorum: Hukukun \u00fcst\u00fcnl\u00fc\u011f\u00fcne, demokrasiye, yarg\u0131 sisteminin siyasetten ar\u0131nd\u0131r\u0131lmas\u0131na, g\u00fc\u00e7ler ayr\u0131l\u0131\u011f\u0131na, demokratik reformlara, medya, ifade, toplanma \u00f6zg\u00fcrl\u00fc\u011f\u00fc gibi t\u00fcm temel hak ve \u00f6zg\u00fcrl\u00fcklere \u00e7ok g\u00fc\u00e7l\u00fc bir vurgu yapmas\u0131.\u201d <\/strong>diye konu\u015ftu. \u00a0Aynen Bat\u0131 dev\u015firmelerinin ABD\u2019nin demokrasi ve \u00f6zg\u00fcrl\u00fck g\u00f6t\u00fcrd\u00fc\u011f\u00fc \u00fclkelerde b\u00f6yle konu\u015ftuklar\u0131 gibi.<\/p>\n<p style=\"text-align: justify\">Sel\u00e7ukluyu y\u0131kan i\u00e7imizdeki Bizans dev\u015firmeleri de aynen b\u00f6yle diyordu. Osmanl\u0131y\u0131 y\u0131kan \u0130ttihat\u00e7\u0131 Bat\u0131c\u0131lar da aynen b\u00f6yle s\u00f6yl\u00fcyordu: <strong>\u201cH\u00fcrriyet istiyoruz.\u201d<\/strong> Ankara K\u0131z\u0131lay\u2019da merhum Ba\u015fvekil Menderes\u2019in yakas\u0131na yap\u0131\u015fanlar da <strong>\u201cH\u00fcrriyet istiyoruz.\u201d<\/strong> diyordu. T\u0131pk\u0131 Afganistan\u2019daki, Irak\u2019daki, M\u0131s\u0131r\u2019daki dev\u015firmelerin s\u00f6yledi\u011fi gibi.\u00a0 \u0130bni Haldun bo\u015funa s\u00f6ylememi\u015f: <strong>\u201cGe\u00e7mi\u015fler gelece\u011fe, suyun suya benzemesinden daha \u00e7ok benzer.\u201d<\/strong><\/p>\n<p style=\"text-align: justify\">Bat\u0131dan daha \u00e7ok sizin dev\u015firme zihniyetiz, tarihimizi de \u00fclkemizi de milletimizi de yordu. Ama unutmay\u0131n ki k\u00f6kleriyle, tarihiyle, medeniyetiyle yeniden bulu\u015fan B\u00fcy\u00fck T\u00fcrkiye Allah\u2019\u0131n izniyle, Bat\u0131l\u0131 a\u011fa babalar\u0131n\u0131z\u0131 ve sizleri yormaya devam edecektir.<\/p>\n<p style=\"text-align: justify\"><strong>\u00d6mer Naci Y\u0131lmaz<\/strong><\/p>\n","protected":false},"excerpt":{"rendered":"<p>Sosyal bilimler zaman zaman konjonkt\u00fcr\u00fcn etkisinde kal\u0131r. G\u00fcc\u00fc elinde bulunduranlar, toplumu istedikleri gibi y\u00f6nlendirip istedikleri alg\u0131y\u0131 topluma dayatabiliyorlar. Bir zamanlar\u0131n me\u015fhur S\u00fcmerbank\u2019\u0131 ve Etibank\u2019\u0131 vard\u0131. Ama kimse sormuyordu: \u201cS\u00fcmerbank, Eti Bank ne alaka, bunlar\u0131n T\u00fcrklerle, T\u00fcrkl\u00fckle ne ilgisi var ki?\u201d Ge\u00e7mi\u015f medeniyetimizden esinlenece\u011fimiz onca kavram varken S\u00fcmerler ve Etiler de neyin nesi? Bu medeniyetlerin T\u00fcrklerle &hellip;<\/p>\n","protected":false},"author":26,"featured_media":48521,"comment_status":"open","ping_status":"open","sticky":false,"template":"","format":"standard","meta":{"om_disable_all_campaigns":false,"_themeisle_gutenberg_block_has_review":false,"_joinchat":[],"footnotes":""},"categories":[38,54,43],"tags":[],"class_list":["post-42797","post","type-post","status-publish","format-standard","has-post-thumbnail","","category-guncel","category-omer","category-yazarlar"],"_links":{"self":[{"href":"https:\/\/akincilardergisi.com\/tr\/wp-json\/wp\/v2\/posts\/42797","targetHints":{"allow":["GET"]}}],"collection":[{"href":"https:\/\/akincilardergisi.com\/tr\/wp-json\/wp\/v2\/posts"}],"about":[{"href":"https:\/\/akincilardergisi.com\/tr\/wp-json\/wp\/v2\/types\/post"}],"author":[{"embeddable":true,"href":"https:\/\/akincilardergisi.com\/tr\/wp-json\/wp\/v2\/users\/26"}],"replies":[{"embeddable":true,"href":"https:\/\/akincilardergisi.com\/tr\/wp-json\/wp\/v2\/comments?post=42797"}],"version-history":[{"count":0,"href":"https:\/\/akincilardergisi.com\/tr\/wp-json\/wp\/v2\/posts\/42797\/revisions"}],"wp:featuredmedia":[{"embeddable":true,"href":"https:\/\/akincilardergisi.com\/tr\/wp-json\/wp\/v2\/media\/48521"}],"wp:attachment":[{"href":"https:\/\/akincilardergisi.com\/tr\/wp-json\/wp\/v2\/media?parent=42797"}],"wp:term":[{"taxonomy":"category","embeddable":true,"href":"https:\/\/akincilardergisi.com\/tr\/wp-json\/wp\/v2\/categories?post=42797"},{"taxonomy":"post_tag","embeddable":true,"href":"https:\/\/akincilardergisi.com\/tr\/wp-json\/wp\/v2\/tags?post=42797"}],"curies":[{"name":"wp","href":"https:\/\/api.w.org\/{rel}","templated":true}]}}