{"id":42395,"date":"2020-08-21T00:00:20","date_gmt":"2020-08-20T21:00:20","guid":{"rendered":"http:\/\/akincilardergisi.com\/dergi\/?p=42395"},"modified":"2023-11-05T13:25:16","modified_gmt":"2023-11-05T10:25:16","slug":"anlasilamayan-proje-sevr-4","status":"publish","type":"post","link":"https:\/\/akincilardergisi.com\/tr\/anlasilamayan-proje-sevr-4\/","title":{"rendered":"ANLA\u015eILAMAYAN PROJE: SEVR-4"},"content":{"rendered":"<p style=\"text-align: justify\">En son 12 Marta 1921&#8217;e kadar gelmi\u015ftik. Bug\u00fcn SEVR konulu yaz\u0131 serimizi tamamlayaca\u011f\u0131z. Kald\u0131\u011f\u0131m\u0131z yerden devam&#8230;<\/p>\n<p style=\"text-align: justify\">12 Mart&#8217;ta Londra Konferans\u0131 ger\u00e7ekle\u015fmi\u015fti. \u0130n\u00f6n\u00fc Sava\u015flar\u0131 d\u00f6neminde bir yandan diplomasi devam ediyordu. Bu s\u00fcre\u00e7te ba\u015fkent hala \u0130stanbul \u00e7\u00fcnk\u00fc ortada daha T\u00fcrkiye Cumhuriyeti diye bir devlet yoktu.<\/p>\n<p style=\"text-align: justify\">Londra Konferans\u0131&#8217;na Ankara&#8217;daki Meclis temsilci g\u00f6nderdi. Londra Konferans\u0131nda, \u0130zmir&#8217;in T\u00fcrklere yani bizlere b\u0131rak\u0131laca\u011f\u0131 s\u00f6ylendi. Yunanl\u0131lar \u015fa\u015f\u0131rd\u0131lar. \u00d6yle ki \u0130ngilizler ve Frans\u0131zlar Orta Do\u011fu&#8217;nun haritas\u0131n\u0131 \u00e7izerken, Yunanl\u0131lar\u0131 Ege&#8217;ye s\u00fcrm\u00fc\u015flerdi. \u0130\u015flerini halletmi\u015flerdi, art\u0131k Yunanl\u0131lar\u0131 Ege&#8217;den \u00e7\u0131karman\u0131n vakti gelmi\u015fti&#8230;<\/p>\n<p style=\"text-align: justify\">Nitekim \u00f6yle de oldu, \u0130zmir&#8217;in T\u00fcrklere ait oldu\u011fu, T\u00fcrkiye&#8217;ye Anadolu&#8217;da devlet kurduracaklar\u0131n\u0131n sinyallerini vermi\u015flerdi&#8230;<\/p>\n<p style=\"text-align: justify\">16 Mart 1921&#8217;de ise Ruslarla bir g\u00f6r\u00fc\u015fmemiz oldu. Batum&#8217;u da Ruslar&#8217;a b\u0131rakt\u0131k bu g\u00f6r\u00fc\u015fmeyle birlikte&#8230; \u00d6nemli olan devleti kurmakt\u0131, gerisi bo\u015ftu&#8230;<\/p>\n<p style=\"text-align: justify\">\u015eimdi i\u015f ba\u015fka bir yere geldi. Frans\u0131zlarla bir Ankara Anla\u015fmas\u0131 imzalad\u0131k. Ankara Anla\u015fmas\u0131n\u0131n sebebi ise \u015fuydu:<\/p>\n<p style=\"text-align: justify\">Suriye ve L\u00fcbnan, Frans\u0131zlar&#8217;a verilince, Frans\u0131zlar burada b\u00f6l par\u00e7ala \u00f6yle y\u00f6net politikas\u0131n\u0131 y\u00fcr\u00fctmeye \u00e7al\u0131\u015ft\u0131. Ama yapamad\u0131lar, s\u00f6z ge\u00e7irtemediler. \u00c7\u00fcnk\u00fc arkalar\u0131nda hala \u0130stanbul&#8217;daki Halifenin deste\u011fini, g\u00fcc\u00fcn\u00fc hissediyorlard\u0131.<\/p>\n<p style=\"text-align: justify\">Ve sonunda Ankara&#8217;n\u0131n kap\u0131s\u0131n\u0131 \u00e7ald\u0131lar. Suriye ve L\u00fcbnan&#8217;daki halklar\u0131n arkas\u0131ndan deste\u011fimizi \u00e7ekmemizi bunun kar\u015f\u0131l\u0131\u011f\u0131nda da Yunanl\u0131lara olan desteklerini \u00e7ekip bize yard\u0131mc\u0131 olacaklar\u0131n\u0131 s\u00f6ylediler. Bu arada Suriyelilerin bizden ayr\u0131lmak gibi bir d\u00fc\u015f\u00fcnceleri bile yoktu. Yine bizimle birlikte ya\u015famay\u0131 d\u00fc\u015f\u00fcn\u00fcyorlard\u0131.<\/p>\n<p style=\"text-align: justify\">Ankara Anla\u015fmas\u0131 olunca Suriye ayakland\u0131. Y\u00fczlerce telgraf \u00e7ektiler Ankara&#8217;ya Mustafa Kemal&#8217;e. Bizi satmay\u0131n, etmeyin, biz burada milli m\u00fccadele veriyoruz, Frans\u0131zlar\u0131 buradan kovaca\u011f\u0131z dediler. Ankara bu seslerin y\u00fckselmesi \u00fczerine Suriye&#8217;yi yat\u0131\u015ft\u0131rmaya \u00e7al\u0131\u015ft\u0131.<\/p>\n<p style=\"text-align: justify\">Sizi satmak, yaln\u0131z b\u0131rakmak gibi bir d\u00fc\u015f\u00fcncemiz yok. \u015eu Yunanl\u0131lar\u0131 bir koval\u0131m \u00f6nce, sonra yine size d\u00f6nece\u011fiz telkini yap\u0131ld\u0131. Suriyeliler bunun \u00fczerine biraz rahatlam\u0131\u015flard\u0131.<\/p>\n<p style=\"text-align: justify\">Evet \u015fimdi buradaki hazin sona bak\u0131n&#8230; Sakarya Sava\u015f\u0131 kazan\u0131lm\u0131\u015ft\u0131. Beyrut&#8217;ta on bin alt\u0131n toplanm\u0131\u015ft\u0131 Mustafa Kemal&#8217;e g\u00f6nderilmi\u015fti. Sava\u015f kazan\u0131lm\u0131\u015ft\u0131, i\u015f bitmi\u015fti. Bu alt\u0131nlar\u0131n g\u00f6nderilme sebebi neydi? Bu alt\u0131nlar Yunanl\u0131lar\u0131 kovalad\u0131ktan sonra tekrar Suriye&#8217;ye d\u00f6nece\u011fiz \u00fcmidiyle g\u00f6nderilmi\u015fti.<\/p>\n<p style=\"text-align: justify\">Fakat Suriye elimizden kopup gitmi\u015fti&#8230;<\/p>\n<p style=\"text-align: justify\">Mudanya M\u00fctarekesi imzalanm\u0131\u015ft\u0131, Osmanl\u0131 \u0130mparatorlu\u011fu hukuki olarak siliniyordu&#8230;<\/p>\n<p style=\"text-align: justify\">Son olarak Lozan Anla\u015fmas\u0131 imzalan\u0131r. Lozan&#8217;\u0131 imzalama i\u015fi de \u0130smet Pa\u015fa&#8217;ya d\u00fc\u015fer&#8230;<\/p>\n<p style=\"text-align: justify\">Birinci D\u00fcnya Sava\u015f\u0131 ile ba\u015flayan ve Osmanl\u0131 Co\u011frafyas\u0131n\u0131 b\u00f6l\u00fcp par\u00e7alamak, petrol\u00fc al\u0131p g\u00f6t\u00fcrmek olan SEVR PROJES\u0130, LOZAN ile yani SEVR&#8217;in as\u0131l tasdik anla\u015fmas\u0131 ile son bulur.<\/p>\n<p style=\"text-align: justify\">Koskoca bir \u0130mparatorluk da\u011f\u0131l\u0131p gitti. Ne u\u011fruna! Petrol.<\/p>\n<p style=\"text-align: justify\">Bu yaz\u0131 serisini bitirirken gen\u00e7 karde\u015flerime tavsiyem. Tarihimizi do\u011fru, d\u00fczg\u00fcn okuyun. Medeniyet zincirleri kurmu\u015f bu asil milletin \u00fczerine vurulan zilletin, prangan\u0131n s\u00f6k\u00fcl\u00fcp at\u0131lmas\u0131 ancak bu \u015fekilde m\u00fcmk\u00fcn olabilir.<\/p>\n<p style=\"text-align: justify\">5 milyon metrekare toprak kaybettik, 5 milyon insan\u0131m\u0131z\u0131 kaybettik. Ama gelin kaybolan haf\u0131zam\u0131z\u0131 yeniden kazanal\u0131m. Bu g\u00fc\u00e7 bu kuvvet bu millette var&#8230;<\/p>\n<p style=\"text-align: justify\">Selam ve dua ile&#8230;<\/p>\n<p style=\"text-align: justify\"><strong>\u0130BRAH\u0130M YAVUZ\u00a0\u00a0<\/strong><\/p>\n","protected":false},"excerpt":{"rendered":"<p>En son 12 Marta 1921&#8217;e kadar gelmi\u015ftik. Bug\u00fcn SEVR konulu yaz\u0131 serimizi tamamlayaca\u011f\u0131z. Kald\u0131\u011f\u0131m\u0131z yerden devam&#8230; 12 Mart&#8217;ta Londra Konferans\u0131 ger\u00e7ekle\u015fmi\u015fti. \u0130n\u00f6n\u00fc Sava\u015flar\u0131 d\u00f6neminde bir yandan diplomasi devam ediyordu. Bu s\u00fcre\u00e7te ba\u015fkent hala \u0130stanbul \u00e7\u00fcnk\u00fc ortada daha T\u00fcrkiye Cumhuriyeti diye bir devlet yoktu. Londra Konferans\u0131&#8217;na Ankara&#8217;daki Meclis temsilci g\u00f6nderdi. Londra Konferans\u0131nda, \u0130zmir&#8217;in T\u00fcrklere yani bizlere &hellip;<\/p>\n","protected":false},"author":20,"featured_media":48521,"comment_status":"open","ping_status":"open","sticky":false,"template":"","format":"standard","meta":{"om_disable_all_campaigns":false,"_themeisle_gutenberg_block_has_review":false,"_joinchat":[],"footnotes":""},"categories":[38,57,43],"tags":[],"class_list":["post-42395","post","type-post","status-publish","format-standard","has-post-thumbnail","","category-guncel","category-ibrahim","category-yazarlar"],"_links":{"self":[{"href":"https:\/\/akincilardergisi.com\/tr\/wp-json\/wp\/v2\/posts\/42395","targetHints":{"allow":["GET"]}}],"collection":[{"href":"https:\/\/akincilardergisi.com\/tr\/wp-json\/wp\/v2\/posts"}],"about":[{"href":"https:\/\/akincilardergisi.com\/tr\/wp-json\/wp\/v2\/types\/post"}],"author":[{"embeddable":true,"href":"https:\/\/akincilardergisi.com\/tr\/wp-json\/wp\/v2\/users\/20"}],"replies":[{"embeddable":true,"href":"https:\/\/akincilardergisi.com\/tr\/wp-json\/wp\/v2\/comments?post=42395"}],"version-history":[{"count":0,"href":"https:\/\/akincilardergisi.com\/tr\/wp-json\/wp\/v2\/posts\/42395\/revisions"}],"wp:featuredmedia":[{"embeddable":true,"href":"https:\/\/akincilardergisi.com\/tr\/wp-json\/wp\/v2\/media\/48521"}],"wp:attachment":[{"href":"https:\/\/akincilardergisi.com\/tr\/wp-json\/wp\/v2\/media?parent=42395"}],"wp:term":[{"taxonomy":"category","embeddable":true,"href":"https:\/\/akincilardergisi.com\/tr\/wp-json\/wp\/v2\/categories?post=42395"},{"taxonomy":"post_tag","embeddable":true,"href":"https:\/\/akincilardergisi.com\/tr\/wp-json\/wp\/v2\/tags?post=42395"}],"curies":[{"name":"wp","href":"https:\/\/api.w.org\/{rel}","templated":true}]}}