{"id":42385,"date":"2020-08-16T13:24:07","date_gmt":"2020-08-16T10:24:07","guid":{"rendered":"http:\/\/akincilardergisi.com\/dergi\/?p=42385"},"modified":"2023-11-05T13:40:48","modified_gmt":"2023-11-05T10:40:48","slug":"kim-bu-iktidara-yuruyeceginiz-dostlariniz","status":"publish","type":"post","link":"https:\/\/akincilardergisi.com\/tr\/kim-bu-iktidara-yuruyeceginiz-dostlariniz\/","title":{"rendered":"Kim bu iktidara y\u00fcr\u00fcyece\u011finiz dostlar\u0131n\u0131z?"},"content":{"rendered":"<header id=\"header\" class=\"page-header\">\n<div id=\"menu\">\n<div class=\"container\">\n<div class=\"container-fluid\">\n<nav><img decoding=\"async\" src=\"https:\/\/ichef.bbci.co.uk\/news\/410\/cpsprodpb\/A204\/production\/_106567414_aefb6ea5-1ac4-473a-b0d5-e746e71630ce.jpg\" alt=\"K\u0131l\u0131\u00e7daro\u011flu'na sald\u0131r\u0131: CHP liderine yumruk atan Osman Sar\u0131g\u00fcn ...\" \/>E\u011fer bir parti ve hareket iseniz, iktidar olmak, iktidara gelmek elbette ilk hedefiniz ve u\u011fra\u015f\u0131n\u0131zd\u0131r. Ama; iktidara gelmek i\u00e7in hizmet etmek istedi\u011finiz \u00fclkenin ve milletin din, k\u00fclt\u00fcr, tarih ve co\u011frafya gibi maddi ve manevi de\u011ferlerine sayg\u0131\u00a0 g\u00f6stermek, onlar\u0131 g\u00f6z \u00f6n\u00fcnde bulundurmakta birinci g\u00f6reviniz olmal\u0131d\u0131r. Yoksa; \u2018\u2019Kim ve ne i\u00e7in iktidara y\u00fcr\u00fcyeceksiniz?\u2019\u2019 sorusu her yerde pe\u015fin olarak \u00e7\u0131kar kar\u015f\u0131n\u0131za.<\/p>\n<\/nav>\n<\/div>\n<\/div>\n<\/div>\n<\/header>\n<div class=\"container\">\n<div class=\"container-fluid\">\n<div class=\"row\">\n<div class=\"col-md-12\">\n<div class=\"news-detail\">\n<div class=\"article\">\n<div class=\"news-content\">\n<p>\u0130ktidar olmay\u0131 istemek; bir amac\u0131 ve sevday\u0131, bir ideali ve hedefleri hayata ge\u00e7irmek insan\u0131n, hatta, insanl\u0131\u011f\u0131n hizmetine sunma iddias\u0131d\u0131r bir yerde<\/p>\n<p>Halk\u00e7\u0131l\u0131k yap\u0131p halktan, milliyet\u00e7ilik yap\u0131p milletten ve onlar\u0131n de\u011ferlerinden kopuk bir yolun pe\u015finden ko\u015farak; ne olursa olsun, nas\u0131l olursa olsun, kiminle olursa olsun\u2026 ille de iktidar olmak i\u00e7in ahlaki t\u00fcm \u00f6l\u00e7\u00fc ve kurallar\u0131 \u00e7i\u011fneyerek iktidar olmak, iktidara y\u00fcr\u00fcmek ak\u0131l ve mant\u0131k sahiplerinin yolu de\u011fil, bu bir yerlerden g\u00fcd\u00fclen ve y\u00f6netilen vesayet\u00e7i politikac\u0131lar\u0131 ve sava\u015f\u00e7\u0131lar\u0131n\u0131n kirli\u00a0 i\u015fidir.<\/p>\n<p>Hele hi\u00e7bir s\u0131n\u0131r, \u00f6l\u00e7\u00fc, kural ve ahlak tan\u0131maz bir harekete kendisi gibi, kendisine benzeyen f\u0131r\u0131ldak guruplar\u0131 ve partileri de ekler, onlarla bir cephe, bir koalisyon ve ittifak olu\u015fturarak ama\u00e7lar\u0131na ula\u015fmaya \u00e7al\u0131\u015fmak, bu hareketi daha g\u00fcvenilmez ve daha kontrols\u00fcz\u00a0 bir hale getirir. Velev ki bu ittifak\u0131n, bu birli\u011fin ve cephenin ad\u0131 \u2018\u2019Millet \u0130ttifak\u0131\u2019\u2019 veya \u2018\u2019Cumhur ittifak\u0131\u2019\u2019 olsun, fark etmez.<\/p>\n<p>Milletin de\u011ferleriyle sava\u015fan, milletin de\u011ferlerine kar\u015f\u0131 dostlar\u0131n\u0131n siyasi, ekonomik ve k\u00fclt\u00fcrel hedeflerini iktidara getirmek isteyenler, millilikle uzaktan yak\u0131ndan alakas\u0131 olmayan, hatta; millet ve milletin ahlaki de\u011ferleriyle k\u0131rk y\u0131ld\u0131r sava\u015fan ayr\u0131l\u0131k\u00e7\u0131 silahl\u0131 bir hareketin siyasi uzant\u0131s\u0131 olan bir parti ve o partili dostlar\u0131yla omuz omuz omuza, her ne pahas\u0131na olursa olsun iktidar koltu\u011funu oturmak, devletin direksiyonunu eline ge\u00e7irip devlet gemisini y\u00fcr\u00fctmek iddias\u0131nda olanlar, bu milletin ve devletin ba\u015f\u0131na\u00a0 ge\u00e7erse, bu o millet ve devletin ba\u015f\u0131na gelecek en b\u00fcy\u00fck bir musibet ve belad\u0131r.<\/p>\n<p>D\u0131\u015f g\u00fcd\u00fcml\u00fc, milli ve yerli de\u011ferlerden kopuk, i\u00e7inde her t\u00fcrl\u00fc ideoloji, fikri ve d\u00fcnya g\u00f6r\u00fc\u015f\u00fcn\u00fc bar\u0131nd\u0131ran bir hareket ve cephe ortak rakip ve d\u00fc\u015fmanlar\u0131n\u0131 alt edebilmek i\u00e7in bir araya gelerek bir birlik ve ittifak kurabilirler, ama; bu koalisyon ya yolda iken veya hedeflerine ula\u015ft\u0131klar\u0131nda mutlaka i\u00e7 kavga ve ayr\u0131\u015fmaya girerek birisi di\u011ferini saf d\u0131\u015f\u0131 eder. Tabi ki, ak\u0131ll\u0131 ve g\u00fc\u00e7l\u00fc olanlar kazan\u0131r bu m\u00fccadelede. Bu guruplar\u0131n kavgas\u0131ndan dolay\u0131 herkesten \u00f6nce ve en fazla kaybeden de top yek\u00fcn milletin kendisi olur.<\/p>\n<p>Bazen bu kavgalar devlet ve milletlerin b\u00f6l\u00fcn\u00fcp par\u00e7alanmas\u0131na, birlikte hareket ettikleri d\u0131\u015f g\u00fc\u00e7lerin arzu ettikleri\u00a0 hedeflere ula\u015f\u0131ncaya kadar y\u0131llarca s\u00fcrebilir.\u00a0 Sonunda \u00fclke zay\u0131f d\u00fc\u015fer, insanlar peri\u015fan olur, nesiller ise yitik ve masum bir ku\u015fak olarak \u00f6z\u00fcrl\u00fc bir toplum haline gelir, bir daha aya\u011fa kalkamaz, s\u00fcr\u00fcn\u00fcr. Yak\u0131n tarihimizde; Afganistan, Irak, Suriye, Somali, Sudan, ve Libya en taze ve g\u00fcncel \u00f6rnekler olarak g\u00f6z\u00fcm\u00fcz\u00fcn \u00f6n\u00fcnde bir ibret sahnesi olarak durmaktad\u0131r.<\/p>\n<p>CHP\u2019nin son Kurultay\u0131nda say\u0131n K\u0131l\u0131\u00e7daro\u011flu; \u2018\u2019Dostlar\u0131m\u0131zla birlikte iktidara y\u00fcr\u00fcyece\u011fiz\u2019\u2019 diye bir iddiada bulundu.<\/p>\n<p>Kim bu dostlar\u0131m\u0131z dedikleri devlet ve guruplar? Ba\u015fta; FET\u00d6, sonra; PKK\u2019n\u0131n siyasi uzant\u0131s\u0131 olan BDP, daha sonra; di\u011fer siyasi partilerden k\u00fcserek ayr\u0131lan veya at\u0131lan m\u00fczmin muhalefet ve k\u00fcsk\u00fcnlerden olu\u015fan bir a\u015fure \u00e7orbas\u0131. Daha sonra da; Tayyip Erdo\u011fan kar\u015f\u0131tl\u0131\u011f\u0131 ve kini \u00fczerinde akl\u0131 ve mant\u0131\u011f\u0131 zorlayan bir m\u00fccadele sergilerken \u2018\u2019M\u0130L\u2019\u2019ini k\u0131r\u0131l\u0131p milsiz kalan, \u2018\u2019Milli duru\u015funu\u2019\u2019 kaybeden ve \u015fanzuman da\u011f\u0131tan \u00a0SP.<\/p>\n<p>Bir de yurt d\u0131\u015f\u0131ndaki dostlar\u0131 var bu CHP\u2019nin malum! ABD, AB, \u0130MF, Esed,\u00a0 Ermeni, Yunan ve \u0130srail destek\u00e7isi \u0130slam ve T\u00fcrkiye d\u00fc\u015fman\u0131 siyonist odaklar\u2026 Politik m\u00fccadelede a\u00e7\u0131k ve \u015faffaf ol\/a\/mamak karars\u0131z ve karanl\u0131k bir yol ve d\u0131\u015fa ba\u011f\u0131ml\u0131 bir ba\u011flant\u0131n\u0131n g\u00f6stergesidir \u00e7o\u011fu zamanlar.<\/p>\n<p>\u2018\u2019K\u0131l\u0131\u00e7laro\u011flu iktidara y\u00fcr\u00fcmek \u2026\u2019\u2019 istedi\u011fi yurt i\u00e7indeki ve yurt d\u0131\u015f\u0131ndaki dostlar\u0131n\u0131 tek tek, isim isim say\u0131p d\u00f6kmeli, her konuda a\u00e7\u0131k ve \u015feffaf olmal\u0131d\u0131r. \u00d6yle; kelimeleri yuvarlayarak, e\u011fip b\u00fckerek, zikzak \u00e7izip k\u0131v\u0131rtarak siyaset meydan\u0131nda ka\u00e7ak g\u00fcre\u015fmek K\u0131l\u0131\u00e7daro\u011fluna ait bir politika olsa da, art\u0131k milletimiz bu tip siyaset\u00e7ileri ve siyasi partileri ciddiye alm\u0131yor.<\/p>\n<p>CHP\u2019nin, \u2018\u2019Dostlar\u0131yla birlikte iktidara y\u00fcr\u00fcmek i\u00e7in\u2026\u2019\u2019 milleti \u00e7a\u011f\u0131rd\u0131\u011f\u0131 yol ,yol de\u011fil;karanl\u0131k ve \u00e7\u0131kmaz bir sokakt\u0131r. Milletimiz; K\u0131l\u0131\u00e7daro\u011flu&#8217;nun bu numaras\u0131n\u0131 da asla yemez\u2026<\/p>\n<p>\u2018\u2019D\u00fcrst ve \u015feffaf olursan; ba\u015fta tutarlar seni. Kaypak ve yamuk olursan; d\u00fczeltirler enseni\u2019\u2019 dedi her se\u00e7imde. Bundan sonra tekrarlayaca\u011f\u0131 ve yapaca\u011f\u0131 budur milletimizin.<\/p>\n<p>Milletimiz; ayak oyunlar\u0131na yer, katak\u00fclliye de asla f\u0131rsat vermez.<\/p>\n<\/div>\n<\/div>\n<\/div>\n<\/div>\n<\/div>\n<\/div>\n<\/div>\n","protected":false},"excerpt":{"rendered":"<p>E\u011fer bir parti ve hareket iseniz, iktidar olmak, iktidara gelmek elbette ilk hedefiniz ve u\u011fra\u015f\u0131n\u0131zd\u0131r. Ama; iktidara gelmek i\u00e7in hizmet etmek istedi\u011finiz \u00fclkenin ve milletin din, k\u00fclt\u00fcr, tarih ve co\u011frafya gibi maddi ve manevi de\u011ferlerine sayg\u0131\u00a0 g\u00f6stermek, onlar\u0131 g\u00f6z \u00f6n\u00fcnde bulundurmakta birinci g\u00f6reviniz olmal\u0131d\u0131r. Yoksa; \u2018\u2019Kim ve ne i\u00e7in iktidara y\u00fcr\u00fcyeceksiniz?\u2019\u2019 sorusu her yerde pe\u015fin &hellip;<\/p>\n","protected":false},"author":2,"featured_media":45551,"comment_status":"open","ping_status":"open","sticky":false,"template":"","format":"standard","meta":{"om_disable_all_campaigns":false,"_themeisle_gutenberg_block_has_review":false,"_joinchat":[],"footnotes":""},"categories":[49,1,43],"tags":[],"class_list":["post-42385","post","type-post","status-publish","format-standard","has-post-thumbnail","","category-arif","category-genel","category-yazarlar"],"_links":{"self":[{"href":"https:\/\/akincilardergisi.com\/tr\/wp-json\/wp\/v2\/posts\/42385","targetHints":{"allow":["GET"]}}],"collection":[{"href":"https:\/\/akincilardergisi.com\/tr\/wp-json\/wp\/v2\/posts"}],"about":[{"href":"https:\/\/akincilardergisi.com\/tr\/wp-json\/wp\/v2\/types\/post"}],"author":[{"embeddable":true,"href":"https:\/\/akincilardergisi.com\/tr\/wp-json\/wp\/v2\/users\/2"}],"replies":[{"embeddable":true,"href":"https:\/\/akincilardergisi.com\/tr\/wp-json\/wp\/v2\/comments?post=42385"}],"version-history":[{"count":0,"href":"https:\/\/akincilardergisi.com\/tr\/wp-json\/wp\/v2\/posts\/42385\/revisions"}],"wp:featuredmedia":[{"embeddable":true,"href":"https:\/\/akincilardergisi.com\/tr\/wp-json\/wp\/v2\/media\/45551"}],"wp:attachment":[{"href":"https:\/\/akincilardergisi.com\/tr\/wp-json\/wp\/v2\/media?parent=42385"}],"wp:term":[{"taxonomy":"category","embeddable":true,"href":"https:\/\/akincilardergisi.com\/tr\/wp-json\/wp\/v2\/categories?post=42385"},{"taxonomy":"post_tag","embeddable":true,"href":"https:\/\/akincilardergisi.com\/tr\/wp-json\/wp\/v2\/tags?post=42385"}],"curies":[{"name":"wp","href":"https:\/\/api.w.org\/{rel}","templated":true}]}}