{"id":42330,"date":"2020-08-07T00:00:58","date_gmt":"2020-08-06T21:00:58","guid":{"rendered":"http:\/\/akincilardergisi.com\/dergi\/?p=42330"},"modified":"2023-11-05T13:25:17","modified_gmt":"2023-11-05T10:25:17","slug":"anlasilamayan-proje-sevr-2","status":"publish","type":"post","link":"https:\/\/akincilardergisi.com\/tr\/anlasilamayan-proje-sevr-2\/","title":{"rendered":"ANLA\u015eILAMAYAN PROJE: SEVR -2-"},"content":{"rendered":"<p style=\"text-align: justify\">Ge\u00e7en hafta kald\u0131\u011f\u0131m\u0131z yerden devam edelim. \u0130ngilizler ve Frans\u0131zlar, Osmanl\u0131 \u0130mparatorlu\u011funun G\u00fcney Co\u011frafyalar\u0131n\u0131 b\u00f6lm\u00fc\u015fler, haritalar\u0131n\u0131 \u00e7izmi\u015fler, kurulacak olan \u00fclkeleri belirlemi\u015flerdi. Peki uygulama nas\u0131l yap\u0131lacakt\u0131?<\/p>\n<p style=\"text-align: justify\">Hi\u00e7 \u015f\u00fcphesiz SEVR bir projeydi, anla\u015fma olsayd\u0131 anla\u015fman\u0131n taraflar\u0131ndan biri Osmanl\u0131 \u0130mparatorlu\u011fu olurdu. Aksine \u0130ngilizler ve Frans\u0131zlar haz\u0131rlam\u0131\u015flard\u0131, onay olarak bize g\u00f6ndereceklerdi. Nitekim \u00f6yle de oldu. Haliyle i\u015f H\u00fck\u00fcmete kalm\u0131\u015ft\u0131&#8230;<\/p>\n<p style=\"text-align: justify\">T\u00fcrkiye Cumhuriyeti devleti hen\u00fcz kurulmam\u0131\u015ft\u0131. Yasal olan H\u00fck\u00fcmet \u0130stanbul&#8217;daki H\u00fck\u00fcmetti. Osmanl\u0131 art\u0131k par\u00e7alanm\u0131\u015ft\u0131, bizlere de Anadolu&#8217;da bir devlet kurduracak kadar pay b\u0131rakm\u0131\u015flard\u0131. Bu devletin kurulmas\u0131 gerekiyordu. Padi\u015fah Vahdettin&#8217;in de onay\u0131 ile Milli M\u00fccadele&#8217;nin ba\u015f\u0131na Cumhuriyet\u00e7i kimli\u011fi ile tan\u0131nan ve BATI&#8217;n\u0131n da ho\u015funa gidebilecek Mustafa Kemal getirilmi\u015fti.<\/p>\n<p style=\"text-align: justify\">Mustafa Kemal Milli M\u00fccadeleye Samsun&#8217;dan ba\u015flam\u0131\u015ft\u0131. Sonras\u0131nda Erzurum ve Sivas&#8217;ta birtak\u0131m g\u00f6r\u00fc\u015fmeler yap\u0131ld\u0131. Erzurum&#8217;da Amerikal\u0131 bir heyet Mustafa Kemal ile g\u00f6r\u00fc\u015ft\u00fc. Bu g\u00f6r\u00fc\u015fme ile ilgili ne bir belge ne bir a\u00e7\u0131klama var. Orada ne konu\u015fuldu\u011fu bilinmiyor. Sonras\u0131nda Sivas&#8217;ta hem \u0130ngilizlerle hem de Amerikal\u0131larla g\u00f6r\u00fc\u015f\u00fcld\u00fc. Bu g\u00f6r\u00fc\u015fmenin de belgeleri yok!!!<\/p>\n<p style=\"text-align: justify\">\u015eunu da hat\u0131rlatmakta fayda var. Mustafa Kemal&#8217;in bu noktada hi\u00e7bir resmi g\u00f6revi bulunmuyordu. Padi\u015fah&#8217;\u0131n yaveriydi b\u0131rakt\u0131, ordu komutanl\u0131\u011f\u0131 g\u00f6revi vard\u0131 b\u0131rakt\u0131, generaldi istifa etti. Yani bir er bile de\u011fildi art\u0131k&#8230;<\/p>\n<p style=\"text-align: justify\">Zaten Erzurum&#8217;da toplanan kongrenin yasal bir dayana\u011f\u0131 yoktu. Halk kendi kendine toplanm\u0131\u015ft\u0131, bu heyete de temsil heyeti ad\u0131n\u0131 vermi\u015flerdi. Sivas&#8217;ta toplanan kongrede yaln\u0131zca manda meselesi konu\u015fulmu\u015ftu. Yani \u0130ngiliz mandas\u0131 m\u0131 Amerikan mandas\u0131 m\u0131 olaca\u011f\u0131n\u0131n g\u00f6r\u00fc\u015f\u00fclmesi yap\u0131lm\u0131\u015ft\u0131. Bizim tarih kitaplar\u0131nda \u00f6\u011frendi\u011fimiz Sivas Kongresinin maddeleri seneler sonra ders kitaplar\u0131na konmu\u015ftu.<\/p>\n<p style=\"text-align: justify\">Devam&#8230; Mustafa Kemal Pa\u015fa Sivas&#8217;tan Ankara&#8217;ya geldi&#8230; Tarihler 11 Nisan 1920&#8217;yi g\u00f6steriyordu. Birdenbire \u0130stanbul Meclisi \u0130ngilizler&#8217;in bask\u0131s\u0131yla kendi kendini kapat\u0131yordu. Bundan \u00f6nce de \u0130ngilizler b\u00fct\u00fcn \u00fcst d\u00fczey generalleri tutuklam\u0131\u015ft\u0131. \u0130ki ki\u015fi hari\u00e7: Fevzi \u00c7akmak ve Mustafa Kemal Pa\u015fa&#8230; \u015eimdi buraya dikkat edin&#8230; Bu tarih 11 Nisan 1920&#8230;<\/p>\n<p style=\"text-align: justify\">Ankara&#8217;da meclis ne zaman a\u00e7\u0131lm\u0131\u015ft\u0131? 23 Nisan 1920&#8230; Yani 12 g\u00fcn sonra&#8230; \u0130stanbul Meclisi kapanm\u0131\u015f, Mustafa Kemal ve Fevzi \u00c7akmak hari\u00e7 generaller tutuklanm\u0131\u015ft\u0131. Bunlar\u0131n hepsi \u0130ngilizlerin yol vermesiyle oluyordu. Alacaklar\u0131n\u0131 alm\u0131\u015flar, koparacaklar\u0131n\u0131 koparm\u0131\u015flard\u0131. Art\u0131k imamesiz, Anadolu&#8217;da kurulan ulusal bir T\u00fcrk Devleti ne yapabilirdi?<\/p>\n<p style=\"text-align: justify\">Mustafa Kemal Pa\u015fa, Meclis \u0130stanbul&#8217;dayken bir dernek ba\u015fkan\u0131yd\u0131 birden bire Meclisin Ankara&#8217;da a\u00e7\u0131lmas\u0131 ile Meclis Ba\u015fkan\u0131 oldu. TBMM&#8217;nin ilk ba\u015fkan\u0131&#8230;<\/p>\n<p style=\"text-align: justify\">23 Nisan 1920&#8217;de Ankara&#8217;da Meclis a\u00e7\u0131ld\u0131. 24 Nisan 1920&#8217;de SEVR&#8217;in metni Sanremo&#8217;da onaylan\u0131yordu. Yani her \u015fey ad\u0131m ad\u0131m belirlenmi\u015fti. Yeni devlete do\u011fru gidiliyordu. 11 May\u0131s&#8217;ta da metni incelemek i\u00e7in Osmanl\u0131 Devletine g\u00f6nderdiler. \u0130ncelemeleri i\u00e7in&#8230; 19 A\u011fustosta&#8217;da Osmanl\u0131 Devleti, SEVR&#8217;i Re\u015fat Halis, Hadi Pa\u015fa ve R\u0131za Tevfik&#8217;in i\u00e7inde bulundu\u011fu heyetle imzalad\u0131.<\/p>\n<p style=\"text-align: justify\">Peki, SEVR neyi i\u00e7eriyordu, SEVR metni nas\u0131l uygulanm\u0131\u015ft\u0131? G\u00fcney s\u0131n\u0131rlar\u0131 b\u00f6l\u00fcn\u00fcrken, i\u00e7eride kimlerle u\u011fra\u015f\u0131yorduk? Fransa ile imzalanan Ankara Anla\u015fmas\u0131 ile ne oldu? Bunlar\u0131 gelecek hafta ele alal\u0131m&#8230;<\/p>\n<p style=\"text-align: justify\">Yaz\u0131y\u0131 bitirmeden s\u00f6yleyelim. Bir \u00f6nceki yaz\u0131y\u0131 bitirmeden bir soru y\u00f6neltmi\u015ftim. Derin T\u00fcrk Heyetinin bu i\u015fe bir dahli var m\u0131 diye? Elbette ki var. Daha milli m\u00fccadelenin liderinin kim olaca\u011f\u0131n\u0131n belirlenmesi s\u0131ras\u0131nda hem de. Asl\u0131nda \u00f6ncelikle Fuat Pa\u015fa \u00fczerinde karar k\u0131l\u0131nm\u0131\u015ft\u0131. Fuat Pa\u015fa dindar bir ki\u015fili\u011fe sahipti. Refet Bele, m\u00fcdahil olarak Cumhuriyet\u00e7i, BATI&#8217;n\u0131n daha s\u0131cak bakaca\u011f\u0131 bir isim olmas\u0131 gerekti\u011fini s\u00f6yledi. Bu isim Mustafa Kemal Pa\u015fa&#8217;dan ba\u015fkas\u0131 de\u011fildi&#8230; Onay\u0131 da Padi\u015fah Vahdettin veriyor, bu adam bu i\u015fi yapacak diyordu.<\/p>\n<p style=\"text-align: justify\">\u00c7\u00fcnk\u00fc Derin T\u00fcrk Heyeti de biliyordu. Osmanl\u0131 Devleti art\u0131k tarih sahnesinden siliniyordu. Yenilmi\u015ftik ve konu\u015fmaya hakk\u0131m\u0131z yoktu. Yenilenler susarlar, yenenler re\u00e7eteyi haz\u0131rlar \u00f6n\u00fcm\u00fcze koyarlard\u0131&#8230; Bize Anadolu&#8217;da bir devlet kurdurmak onlar\u0131n da i\u015fine gelecekti. Anadolu&#8217;nun i\u00e7lerine s\u0131k\u0131\u015f\u0131p kalan bir T\u00fcrkiye kolay lokma olurdu&#8230;<\/p>\n<p style=\"text-align: justify\">M\u00fccadelenin ba\u015f\u0131na Mustafa Kemal Pa\u015fa getirildi, \u0130ngilizler de bu devletin kurulmas\u0131na izin verdi. \u0130\u015f SEVR&#8217;in uygulanmas\u0131na ve Mustafa Kemal Pa\u015fa&#8217;n\u0131n bu devleti kurmas\u0131na gelmi\u015fti. T\u00fcrkiye Cumhuriyeti Devleti&#8217;nin kurulu\u015funa giden s\u00fcreci anlatmaya devam edece\u011fiz&#8230;<\/p>\n<p style=\"text-align: justify\">Selam ve dua ile&#8230;<\/p>\n<p style=\"text-align: justify\"><strong>\u0130BRAH\u0130M YAVUZ<\/strong><\/p>\n","protected":false},"excerpt":{"rendered":"<p>Ge\u00e7en hafta kald\u0131\u011f\u0131m\u0131z yerden devam edelim. \u0130ngilizler ve Frans\u0131zlar, Osmanl\u0131 \u0130mparatorlu\u011funun G\u00fcney Co\u011frafyalar\u0131n\u0131 b\u00f6lm\u00fc\u015fler, haritalar\u0131n\u0131 \u00e7izmi\u015fler, kurulacak olan \u00fclkeleri belirlemi\u015flerdi. Peki uygulama nas\u0131l yap\u0131lacakt\u0131? Hi\u00e7 \u015f\u00fcphesiz SEVR bir projeydi, anla\u015fma olsayd\u0131 anla\u015fman\u0131n taraflar\u0131ndan biri Osmanl\u0131 \u0130mparatorlu\u011fu olurdu. Aksine \u0130ngilizler ve Frans\u0131zlar haz\u0131rlam\u0131\u015flard\u0131, onay olarak bize g\u00f6ndereceklerdi. Nitekim \u00f6yle de oldu. Haliyle i\u015f H\u00fck\u00fcmete kalm\u0131\u015ft\u0131&#8230; T\u00fcrkiye &hellip;<\/p>\n","protected":false},"author":20,"featured_media":48521,"comment_status":"open","ping_status":"open","sticky":false,"template":"","format":"standard","meta":{"om_disable_all_campaigns":false,"_themeisle_gutenberg_block_has_review":false,"_joinchat":[],"footnotes":""},"categories":[38,57,43],"tags":[],"class_list":["post-42330","post","type-post","status-publish","format-standard","has-post-thumbnail","","category-guncel","category-ibrahim","category-yazarlar"],"_links":{"self":[{"href":"https:\/\/akincilardergisi.com\/tr\/wp-json\/wp\/v2\/posts\/42330","targetHints":{"allow":["GET"]}}],"collection":[{"href":"https:\/\/akincilardergisi.com\/tr\/wp-json\/wp\/v2\/posts"}],"about":[{"href":"https:\/\/akincilardergisi.com\/tr\/wp-json\/wp\/v2\/types\/post"}],"author":[{"embeddable":true,"href":"https:\/\/akincilardergisi.com\/tr\/wp-json\/wp\/v2\/users\/20"}],"replies":[{"embeddable":true,"href":"https:\/\/akincilardergisi.com\/tr\/wp-json\/wp\/v2\/comments?post=42330"}],"version-history":[{"count":0,"href":"https:\/\/akincilardergisi.com\/tr\/wp-json\/wp\/v2\/posts\/42330\/revisions"}],"wp:featuredmedia":[{"embeddable":true,"href":"https:\/\/akincilardergisi.com\/tr\/wp-json\/wp\/v2\/media\/48521"}],"wp:attachment":[{"href":"https:\/\/akincilardergisi.com\/tr\/wp-json\/wp\/v2\/media?parent=42330"}],"wp:term":[{"taxonomy":"category","embeddable":true,"href":"https:\/\/akincilardergisi.com\/tr\/wp-json\/wp\/v2\/categories?post=42330"},{"taxonomy":"post_tag","embeddable":true,"href":"https:\/\/akincilardergisi.com\/tr\/wp-json\/wp\/v2\/tags?post=42330"}],"curies":[{"name":"wp","href":"https:\/\/api.w.org\/{rel}","templated":true}]}}