{"id":40867,"date":"2020-04-16T08:00:39","date_gmt":"2020-04-16T05:00:39","guid":{"rendered":"http:\/\/akincilardergisi.com\/dergi\/?p=40867"},"modified":"2023-11-07T15:56:33","modified_gmt":"2023-11-07T12:56:33","slug":"kurtulus-savasini-almanlara-karsi-yapsaydik-veya-beyin-savasi","status":"publish","type":"post","link":"https:\/\/akincilardergisi.com\/tr\/kurtulus-savasini-almanlara-karsi-yapsaydik-veya-beyin-savasi\/","title":{"rendered":"KURTULU\u015e SAVA\u015eINI   ALMANLARA KAR\u015eI YAPSAYDIK   VEYA    BEY\u0130N SAVA\u015eI"},"content":{"rendered":"<p><img decoding=\"async\" src=\"https:\/\/cdn.yeniakit.com.tr\/images\/news\/625\/18-mart-canakkale-savasi-tarihi-h1489789062-951aa9.jpg\" alt=\"18 Mart \u00c7anakkale Sava\u015f\u0131 tarihi\" \/><\/p>\n<p><span><span>Biz Kurtulu\u015f Sava\u015f\u0131n\u0131 cephede kazand\u0131k\u00a0<\/span><\/span><span>\u00a0<\/span><\/p>\n<p><span><span>Ama<\/span><\/span><span>\u00a0<\/span><\/p>\n<p><span><span>Beyinlerde kaybettik.<\/span><\/span><span>\u00a0<\/span><\/p>\n<p><span><span>Bundan dolay\u0131\u00a0<\/span><\/span><span>\u00a0<\/span><\/p>\n<p><span><span>Aziz Sancar gibi Nobel \u00f6d\u00fcll\u00fc de\u011ferli bir bilim adam\u0131m\u0131z\u0131n 140 bin takip\u00e7isi varken,<\/span><\/span><span>\u00a0<\/span><\/p>\n<p><span><span>Kad\u0131n m\u0131 erkek mi<\/span><\/span><span><span>?<\/span><\/span><span>\u00a0<\/span><\/p>\n<p><span><span>Ne oldu\u011fu belli olmayan birinin 7 milyon takip\u00e7isi var.<\/span><\/span><span>\u00a0<\/span><\/p>\n<p><span><span>Ve bu sap\u0131k\u00a0<\/span><\/span><span>\u00a0<\/span><\/p>\n<p><span><span>Ne aile<\/span><\/span><span><span>,<\/span><\/span><span><span>\u00a0ne b\u00fcy\u00fck<\/span><\/span><span><span>,<\/span><\/span><span><span>\u00a0ne ya\u015fl\u0131<\/span><\/span><span><span>,<\/span><\/span><span><span>\u00a0ne devlet demeden\u00a0<\/span><\/span><span>\u00a0<\/span><\/p>\n<p><span><span>Zehrini m\u00fctemadiyen bu 7 milyon\u00a0<\/span><\/span><span><span>ki\u015finin kafas\u0131na boca ediyor<\/span><\/span><span><span>.<\/span><\/span><span>\u00a0<\/span><\/p>\n<p><span><span>Neden?<\/span><\/span><span>\u00a0<\/span><\/p>\n<p><span><span>\u00c7\u00fcnk\u00fc biz \u00c7anakkale ve Kurtulu\u015f Sava\u015f\u0131n\u0131\u00a0<\/span><\/span><span>\u00a0<\/span><\/p>\n<p><span><span>\u0130ngiliz Frans\u0131z \u0130talyan ve Yunanlara kar\u015f\u0131\u00a0<\/span><\/span><span><span>kazand\u0131k\u00a0<\/span><\/span><span>\u00a0<\/span><\/p>\n<p><span><span>Ama<\/span><\/span><span>\u00a0<\/span><\/p>\n<p><span><span>Beyinlerin, bat\u0131n\u0131n \u00e7\u00fcr\u00fck medeniyetinin \u00e7\u00f6p tenekesi olmas\u0131n\u0131n \u00f6n\u00fcne ge\u00e7emedik.\u00a0<\/span><\/span><span><span>\u00a0\u00a0\u00a0<\/span><\/span><span>\u00a0<\/span><\/p>\n<p><span>\u00a0<\/span><\/p>\n<p><span><span>KURTULU\u015e SAVA\u015eINI ALMANLARA KAR\u015eI YAPSAYDIK\u00a0<\/span><\/span><span>\u00a0<\/span><\/p>\n<p><span><span>B\u0130R \u015eEY DE\u011e\u0130\u015e\u0130R M\u0130YD\u0130?<\/span><\/span><span>\u00a0<\/span><\/p>\n<p><span><span>Hay\u0131r? Hi\u00e7bir \u015fey de\u011fi\u015fmezdi.<\/span><\/span><span>\u00a0<\/span><\/p>\n<p><span><span>Almanlar\u0131 yendi\u011fimiz halde yine onlar\u0131 taklit ederdik.<\/span><\/span><span>\u00a0<\/span><\/p>\n<p><span><span>\u00c7\u00fcnk\u00fc o g\u00fcn\u00fcn okumu\u015f kadrosunun beyinleri<\/span><\/span><span>\u00a0<\/span><\/p>\n<p><span><span>Bat\u0131 de\u011ferleri ile me\u015fbu\u2019(doymu\u015f) hale gelmi\u015f ve bu de\u011fi\u015fiklikleri yapmay\u0131 kendilerine vazife biliyordu.<\/span><\/span><span>\u00a0<\/span><\/p>\n<p><span><span>Nitekim<\/span><\/span><span>\u00a0<\/span><\/p>\n<p><span><span>Alman hayran\u0131\u00a0<\/span><\/span><span><span>\u0130ttihat\u00a0<\/span><\/span><span><span>ve\u00a0<\/span><\/span><span><span>Terakki mensuplar\u0131n\u0131n\u00a0<\/span><\/span><span>\u00a0<\/span><\/p>\n<p><span><span>Halk\u0131m\u0131z\u0131n de\u011ferlerine kar\u015f\u0131 bak\u0131\u015f\u0131 ile\u00a0<\/span><\/span><span>\u00a0<\/span><\/p>\n<p><span><span>CHP kadrolar\u0131n\u0131n bak\u0131\u015f\u0131 aras\u0131nda hi\u00e7bir fark yok.\u00a0<\/span><\/span><span>\u00a0<\/span><\/p>\n<p><span><span>Ayn\u0131 k\u00fc\u00e7\u00fcmseyici tav\u0131r, ayn\u0131 be\u011fenmeme ve bat\u0131 kar\u015f\u0131s\u0131ndaki hayranl\u0131klar\u0131 t\u0131pat\u0131p ayn\u0131&#8230;<\/span><\/span><span>\u00a0<\/span><\/p>\n<p><span>\u00a0<\/span><\/p>\n<p><span><span>\u0130ttihat Terakki 1920\u2019li y\u0131llardan sonra iktidar olsayd\u0131<\/span><\/span><span>\u00a0<\/span><\/p>\n<p><span><span>Belki \u015fu fark olabilirdi.<\/span><\/span><span>\u00a0<\/span><\/p>\n<p><span><span>Zecri tedbirlere\u00a0<\/span><\/span><span><span>ba\u015fvurmadan i\u015fi s\u00fcrece b\u0131ra<\/span><\/span><span><span>k\u0131rd\u0131.<\/span><\/span><span>\u00a0<\/span><\/p>\n<p><span><span>B\u00f6ylece<\/span><\/span><span>\u00a0<\/span><\/p>\n<p><span><span>Almanlar\u0131n kanunlar\u0131n\u0131 yaz\u0131lar\u0131n\u0131 \u015fapkalar\u0131n\u0131 alma i\u015fi<\/span><\/span><span>\u00a0<\/span><\/p>\n<p><span><span>1920\u2019li y\u0131llarda de\u011fil de\u00a0<\/span><\/span><span>\u00a0<\/span><\/p>\n<p><span><span>1930\u2019lu y\u0131llarda olurdu.<\/span><\/span><span>\u00a0<\/span><\/p>\n<p><span>\u00a0<\/span><\/p>\n<p><span><span>B\u0130R\u00a0<\/span><\/span><span><span>FARKLA \u2026<\/span><\/span><span>\u00a0<\/span><\/p>\n<p><span><span>\u015eAPKANIN B\u0130R KENARINA T\u00dcY D\u0130KERD\u0130K\u00a0<\/span><\/span><span>\u00a0<\/span><\/p>\n<p><span><span>Evet\u2026\u00a0<\/span><\/span><span>\u00a0<\/span><\/p>\n<p><span><span>Muhtemelen bu de\u011fi\u015fim 1930\u2019lu y\u0131llarda ve kans\u0131z olurdu.<\/span><\/span><span>\u00a0<\/span><\/p>\n<p><span><span>\u015eapkan\u0131n kenar\u0131nda da bir t\u00fcy olurdu.<\/span><\/span><span>\u00a0<\/span><\/p>\n<p><span><span>Bu kadar ki\u015fi de as\u0131l\u0131p s\u00fcr\u00fclmezdi.<\/span><\/span><span>\u00a0<\/span><\/p>\n<p><span><span>\u00c7\u00fcnk\u00fc<\/span><\/span><span>\u00a0<\/span><\/p>\n<p><span><span>1920\u2019li y\u0131llar\u0131n kadrosu ne kadar \u0130ngiliz hayran\u0131 ise<\/span><\/span><span><span>\u00a0<\/span><\/span><span>\u00a0<\/span><\/p>\n<p><span><span>\u0130ttihat Terakki kadrosu da<\/span><\/span><span>\u00a0<\/span><\/p>\n<p><span><span>O kadar Alman hayran\u0131yd\u0131.<\/span><\/span><span>\u00a0<\/span><\/p>\n<p><span><span>B\u00f6ylece<\/span><\/span><span>\u00a0<\/span><\/p>\n<p><span><span>\u015eapkam\u0131z t\u00fcyl\u00fc<\/span><\/span><span>\u00a0<\/span><\/p>\n<p><span><span>Mimarimiz barok<\/span><\/span><span>\u00a0<\/span><\/p>\n<p><span><span>Yaz\u0131m\u0131z gotik olurdu.<\/span><\/span><span>\u00a0<\/span><\/p>\n<p><span><span>E haliyle medeni kanunumuz da<\/span><\/span><span>\u00a0<\/span><\/p>\n<p><span><span>\u0130svi\u00e7re\u2019nin\u00a0<\/span><\/span><span><span>Neuchatal<\/span><\/span><span><span>\u00a0kantonu kanunlar\u0131 de\u011fil Almanya\u2019n\u0131n istedi\u011fi kanunlar olurdu.\u00a0<\/span><\/span><span>\u00a0<\/span><\/p>\n<p><span>\u00a0<\/span><\/p>\n<p><span><span>ALAMANCILAR<\/span><\/span><span>\u00a0<\/span><\/p>\n<p><span><span>Nitekim<\/span><\/span><span>\u00a0<\/span><\/p>\n<p><span><span>60\u2019l\u0131 y\u0131llarda ekmek paras\u0131 i\u00e7in Almanya\u2019ya giden gurbet\u00e7iler<\/span><\/span><span>\u00a0<\/span><\/p>\n<p><span><span>Hi\u00e7bir bask\u0131 alt\u0131nda kalmad\u0131klar\u0131 halde<\/span><\/span><span>\u00a0<\/span><\/p>\n<p><span><span>D\u00f6nd\u00fcklerinde ba\u015flar\u0131nda o t\u00fcyl\u00fc \u015fapka vard\u0131.<\/span><\/span><span>\u00a0<\/span><\/p>\n<p><span>\u00a0<\/span><\/p>\n<p><span><span>AHMET HAMD\u0130 TANPINAR<\/span><\/span><span>\u00a0<\/span><\/p>\n<p><span><span>Huzur adl\u0131 kitab\u0131nda\u00a0<\/span><\/span><span>\u00a0<\/span><\/p>\n<p><span><span>A.Hamdi<\/span><\/span><span><span>\u00a0Tanp\u0131nar<\/span><\/span><span><span>\u00a0150 y\u0131ld\u0131r ya\u015fad\u0131\u011f\u0131m\u0131z\u00a0<\/span><\/span><span><span>inkiraza<\/span><\/span><span><span>\u00a0ra\u011fmen (Siz buna bir 150 daha ekleyip 300 y\u0131l diyebilirsiniz)\u00a0<\/span><\/span><span>\u00a0<\/span><\/p>\n<p><span><span>Nas\u0131l olur da hala direndi\u011fimizi \u015fu veciz s\u00f6z\u00fcyle ifade etmektedir.<\/span><\/span><span>\u00a0<\/span><\/p>\n<p><span><span>\u2018\u2019Milletlerin iradesi\u00a0<\/span><\/span><span>\u00a0<\/span><\/p>\n<p><span><span>Nesillerin yapt\u0131\u011f\u0131 hatalar\u0131n \u00fczerinden a\u015f\u0131p ge\u00e7er.\u2019\u2019<\/span><\/span><span>\u00a0<\/span><\/p>\n<p><span><span>Bu s\u00f6z\u00fc bug\u00fcn m\u00fccessem bir \u015fekilde g\u00f6r\u00fcyoruz<\/span><\/span><span>\u00a0<\/span><\/p>\n<p><span><span>15<\/span><\/span><span><span>0 y\u0131ld\u0131r nesillerin yapt\u0131\u011f\u0131 hatalar\u0131<\/span><\/span><span>\u00a0<\/span><\/p>\n<p><span><span>Milletimiz<\/span><\/span><span><span>\u00a0g\u00fc\u00e7l\u00fc iradesi\u00a0<\/span><\/span><span><span>ile<\/span><\/span><span>\u00a0<\/span><\/p>\n<p><span><span>D\u00fczeltme \u00e7abas\u0131nda\u2026\u00a0<\/span><\/span><span>\u00a0<\/span><\/p>\n<p><span>\u00a0<\/span><\/p>\n<p><span>\u00a0<\/span><\/p>\n<p><span><span>BU M\u0130LLET\u0130N G\u00dcC\u00dc<\/span><\/span><span>\u00a0<\/span><\/p>\n<p><span><span>150 y\u0131ld\u0131r ya\u015fad\u0131klar\u0131m\u0131z\u0131\u00a0<\/span><\/span><span>\u00a0<\/span><\/p>\n<p><span><span>Ba\u015fka bir millet ya\u015fasayd\u0131 bug\u00fcn\u00a0<\/span><\/span><span><span>o milletin\u00a0<\/span><\/span><span><span>tozu kalmazd\u0131.<\/span><\/span><span>\u00a0<\/span><\/p>\n<p><span><span>Nitekim bug\u00fcn<\/span><\/span><span>\u00a0<\/span><\/p>\n<p><span><span>G.Kore<\/span><\/span><span><span>, Japonya,<\/span><\/span><span><span>\u00a0Yunanistan<\/span><\/span><span><span>\u00a0ve benzeri \u00fclkelerin milli bir duru\u015fu kalmad\u0131 gibi.<\/span><\/span><span>\u00a0<\/span><\/p>\n<p><span><span>Hepsi bat\u0131 potas\u0131 i\u00e7inde eriyip gittiler.<\/span><\/span><span>\u00a0<\/span><\/p>\n<p><span><span>Ama biz!<\/span><\/span><span>\u00a0<\/span><\/p>\n<p><span><span>D\u00fcnyan\u0131n neresinde olursak olal\u0131m<\/span><\/span><span><span>\u00a0insan\u0131m\u0131z<\/span><\/span><span><span>\u0131 1 km \u00f6teden fark ederiz.<\/span><\/span><span>\u00a0<\/span><\/p>\n<p><span><span>Bundan dolay\u0131 bug\u00fcn<\/span><\/span><span>\u00a0<\/span><\/p>\n<p><span><span>Bat\u0131n\u0131n emperyalist ve gayri insani de\u011ferlerine kar\u015f\u0131 direnen tek milletiz.<\/span><\/span><span>\u00a0<\/span><\/p>\n<p><span>\u00a0<\/span><\/p>\n<p><span><span>Hali haz\u0131rda<\/span><\/span><span>\u00a0<\/span><\/p>\n<p><span><span>Sosyal medya \u00fczerinden\u00a0<\/span><\/span><span>\u00a0<\/span><\/p>\n<p><span><span>Beyinlerimiz yo\u011fun bir sald\u0131r\u0131 alt\u0131nda.<\/span><\/span><span>\u00a0<\/span><\/p>\n<p><span><span>E\u011fer bu beyinlere kar\u015f\u0131 giri\u015filen sald\u0131r\u0131lar\u0131 p\u00fcsk\u00fcrt\u00fcrsek<\/span><\/span><span>\u00a0<\/span><\/p>\n<p><span><span>Evvel Allah<\/span><\/span><span>\u00a0<\/span><\/p>\n<p><span><span>D\u00fcnyan\u0131n en b\u00fcy\u00fck umudu biz oluruz.<\/span><\/span><span>\u00a0<\/span><\/p>\n<p><span>\u00a0<\/span><\/p>\n<p><span><span>14.04.2020<\/span><\/span><span>\u00a0<\/span><\/p>\n<p><span><span>Emin Batur<\/span><\/span><span>\u00a0<\/span><\/p>\n","protected":false},"excerpt":{"rendered":"<p>Biz Kurtulu\u015f Sava\u015f\u0131n\u0131 cephede kazand\u0131k\u00a0\u00a0 Ama\u00a0 Beyinlerde kaybettik.\u00a0 Bundan dolay\u0131\u00a0\u00a0 Aziz Sancar gibi Nobel \u00f6d\u00fcll\u00fc de\u011ferli bir bilim adam\u0131m\u0131z\u0131n 140 bin takip\u00e7isi varken,\u00a0 Kad\u0131n m\u0131 erkek mi?\u00a0 Ne oldu\u011fu belli olmayan birinin 7 milyon takip\u00e7isi var.\u00a0 Ve bu sap\u0131k\u00a0\u00a0 Ne aile,\u00a0ne b\u00fcy\u00fck,\u00a0ne ya\u015fl\u0131,\u00a0ne devlet demeden\u00a0\u00a0 Zehrini m\u00fctemadiyen bu 7 milyon\u00a0ki\u015finin kafas\u0131na boca ediyor.\u00a0 Neden?\u00a0 \u00c7\u00fcnk\u00fc &hellip;<\/p>\n","protected":false},"author":14,"featured_media":47490,"comment_status":"open","ping_status":"open","sticky":false,"template":"","format":"standard","meta":{"om_disable_all_campaigns":false,"_themeisle_gutenberg_block_has_review":false,"_joinchat":[],"footnotes":""},"categories":[56,38,43],"tags":[],"class_list":["post-40867","post","type-post","status-publish","format-standard","has-post-thumbnail","","category-emin","category-guncel","category-yazarlar"],"_links":{"self":[{"href":"https:\/\/akincilardergisi.com\/tr\/wp-json\/wp\/v2\/posts\/40867","targetHints":{"allow":["GET"]}}],"collection":[{"href":"https:\/\/akincilardergisi.com\/tr\/wp-json\/wp\/v2\/posts"}],"about":[{"href":"https:\/\/akincilardergisi.com\/tr\/wp-json\/wp\/v2\/types\/post"}],"author":[{"embeddable":true,"href":"https:\/\/akincilardergisi.com\/tr\/wp-json\/wp\/v2\/users\/14"}],"replies":[{"embeddable":true,"href":"https:\/\/akincilardergisi.com\/tr\/wp-json\/wp\/v2\/comments?post=40867"}],"version-history":[{"count":0,"href":"https:\/\/akincilardergisi.com\/tr\/wp-json\/wp\/v2\/posts\/40867\/revisions"}],"wp:featuredmedia":[{"embeddable":true,"href":"https:\/\/akincilardergisi.com\/tr\/wp-json\/wp\/v2\/media\/47490"}],"wp:attachment":[{"href":"https:\/\/akincilardergisi.com\/tr\/wp-json\/wp\/v2\/media?parent=40867"}],"wp:term":[{"taxonomy":"category","embeddable":true,"href":"https:\/\/akincilardergisi.com\/tr\/wp-json\/wp\/v2\/categories?post=40867"},{"taxonomy":"post_tag","embeddable":true,"href":"https:\/\/akincilardergisi.com\/tr\/wp-json\/wp\/v2\/tags?post=40867"}],"curies":[{"name":"wp","href":"https:\/\/api.w.org\/{rel}","templated":true}]}}