{"id":3715,"date":"2015-01-11T16:24:02","date_gmt":"2015-01-11T14:24:02","guid":{"rendered":"http:\/\/akincilardergisi.com\/dergi\/?p=3715"},"modified":"2023-11-07T16:00:34","modified_gmt":"2023-11-07T13:00:34","slug":"zubuk-ve-sarigul","status":"publish","type":"post","link":"https:\/\/akincilardergisi.com\/tr\/zubuk-ve-sarigul\/","title":{"rendered":"Z\u00dcB\u00dcK VE SARIG\u00dcL"},"content":{"rendered":"<p>M. Sar\u0131g\u00fcl\u2019\u00fcn CHP nin i\u00e7inde \u00e7evirdi\u011fi dolaplar\u0131 g\u00f6rd\u00fck\u00e7e akl\u0131ma Kemal Sunal\u2019\u0131n oynad\u0131\u011f\u0131 Z\u00dcB\u00dcK  filmi geliyor.<br \/>\nD\u00fc\u015fman olsa CHP ye bu kadar zarar veremez.<br \/>\nTam da Say\u0131n K\u0131l\u0131\u00e7daro\u011flu, \u2018T\u00fcrkiye\u2019yi \u015e\u0130\u015eL\u0130 gibi y\u00f6netece\u011fim\u2026\u2019  dedi\u011fi bir zamanda, Sar\u0131g\u00fcl\u2019\u00fcn \u015fu yapt\u0131\u011f\u0131na bak\u0131n!<br \/>\nResmen genel ba\u015fkan\u0131n\u0131 ters k\u00f6\u015feye yat\u0131rd\u0131.<br \/>\nOrtaya neler \u00e7\u0131k\u0131yor neler.<br \/>\nTehdit, \u015fantaj, yolsuzluk, ilkesizlik ne ararsan\u0131z var.<br \/>\nZ\u00dcB\u00dcK filmi \u015fu anda M. Sar\u0131g\u00fcl\u2019\u00fcn oynad\u0131\u011f\u0131 \u015e\u0130\u015eL\u0130 filminin yan\u0131nda \u00e7ok basit kal\u0131r.<\/p>\n<p>\u0130yi mi oluyor?<br \/>\nHay\u0131r!<br \/>\nY\u0131llard\u0131r LOZAN\u2019\u0131n gizli maddelerine ba\u011fl\u0131 kalarak, bu \u00fclkeyi bize zindan eden CHP nin bu haline sevinmiyorum.<br \/>\nCHP nin bu durumu \u00fclkemiz i\u00e7in b\u00fcy\u00fck bir kay\u0131p..<br \/>\n\u00dclkenin sol aya\u011f\u0131 (muhalefet) eksik. Bundan dolay\u0131 yere sa\u011flam basam\u0131yoruz.<br \/>\nCHP de durumu g\u00f6r\u00fcp gidi\u015fat\u0131 d\u00fczeltmeye \u00e7al\u0131\u015fan bir ekip yok de\u011fil.<br \/>\nVar.<br \/>\nAncak ana damar CHP buna m\u00fcsaade etmiyor.<br \/>\nNeyse.<br \/>\n\u015eimdi gelelim CHP nin \u2018Z\u00fcb\u00fck\u2019 filmini hat\u0131rlamam\u0131za sebep olan son zamanlardaki de\u011fi\u015fim ve parti i\u00e7indeki \u00e7alkant\u0131lar\u0131na.<\/p>\n<p>KAHRAMAN<br \/>\nBir defa parti bir t\u00fcrl\u00fc halk\u0131n benimseyece\u011fi bir kahraman \u00e7\u0131karam\u0131yor.<br \/>\nB\u0131rak\u0131n halk\u0131n benimsemesini, kendi parti taban\u0131n\u0131n benimseyece\u011fi bir \u2018m\u00fcntehip\u2019 bile \u00e7\u0131karam\u0131yorsa\u011fdan soldan adam topluyorlar.<br \/>\nBu durumda taban\u0131n benimsemedi\u011fi adaylar halka arz ediliyor.<br \/>\nNetice?<br \/>\nYenilgi \u00fczerine yenilgi\u2026<\/p>\n<p>Bir sene dolmadan \u015fu ya\u015fanan savrulmaya bak\u0131n\u0131z!..<br \/>\nEkmeleddin\u0130hsano\u011flu,<br \/>\nMustafa Sar\u0131g\u00fcl,<br \/>\nE. \u00dclker Tarhan,<br \/>\nHatta Yalova milletvekili Muharrem \u0130nce nerede?<br \/>\nDiyeceksiniz ki, \u2018Say\u0131n \u0130nce partide bir yere ayr\u0131lmad\u0131..\u2019<br \/>\nDo\u011fru.<br \/>\nAma sesi solu\u011fu \u00e7\u0131k\u0131yor mu?<br \/>\nH\u00e2lbuki iktidar partisine bakt\u0131\u011f\u0131m\u0131zda, kahramanl\u0131\u011f\u0131 b\u0131rak\u0131n, Liderler, \u2018\u0130dol\u2019 ler \u00e7\u0131kar\u0131yor i\u00e7inden.<br \/>\nHaliyle parti taban\u0131 a\u015fkla, \u015fevkle \u00e7al\u0131\u015f\u0131p -yap\u0131lan baz\u0131 yanl\u0131\u015flar da olsa-  ipi g\u00f6\u011f\u00fcsleyerek neticeyi alabiliyor.<\/p>\n<p>DURU\u015e<br \/>\nParti laik Kemalist, Atat\u00fcrk\u00e7\u00fc d\u00fc\u015f\u00fcnce \u00fczerine kurulu ya!.. Politik angajmanlar\u0131 da bu \u015fekilde olaca\u011f\u0131n\u0131 d\u00fc\u015f\u00fcn\u00fcyorsunuz.<br \/>\nAma \u00f6yle olmuyor.<br \/>\nBir bak\u0131yorsunuz d\u00fcne kadar \u2018Dinci, nurcu vb.\u2019 kabul ettikleri bir cemaati i\u00e7lerine alm\u0131\u015f tam yol gidiyor.<br \/>\nBu cemaatin ad\u0131, b\u0131y\u0131klar\u0131na kinaye olarak \u2018Bademler a\u015fa\u011f\u0131, bademler yukar\u0131 vb.\u2019 tarif ettikleri bir cemaat&#8230;<br \/>\nTaban \u015fa\u015f\u0131r\u0131yor.<br \/>\nB\u00fct\u00fcn s\u00f6ylemlerini bu t\u00fcr \u2018gerici, \u015fantajc\u0131 vb.\u2019 olu\u015fumlar\u0131n tenkidi \u00fczerine kurmu\u015f parti \u2018s\u00f6ylevleri\u2019  bu ittifaklar kar\u015f\u0131s\u0131nda ne yapaca\u011f\u0131n\u0131 bilemiyor,dut yemi\u015f b\u00fclb\u00fcle d\u00f6n\u00fcyor. Sava\u015fta piyadenin elinden silah\u0131n\u0131 alm\u0131\u015f gibi bir durum yani.<\/p>\n<p>KOMPLO<br \/>\nS\u0131radan bir parti mensubuna sordu\u011funuzda genel ba\u015fkanlar\u0131 Deniz Baykal\u2019a yap\u0131lan\u0131n bir komplo oldu\u011funu bilir.<br \/>\nBunu da \u015fu anda i\u015fbirli\u011fi i\u00e7inde olduklar\u0131 cemaatin yapt\u0131\u011f\u0131na inan\u0131r.<br \/>\n\u015eimdi bu te\u015fkilat mensubunu;  se\u00e7im \u00e7al\u0131\u015fmalar\u0131nda \u015fevkle \u00e7al\u0131\u015ft\u0131rabilir misiniz?<\/p>\n<p>ENTR\u0130KA<br \/>\n\u015ei\u015fli belediye ba\u015fkan\u0131n\u0131 tutup B.\u015eehir belediye ba\u015fkan aday\u0131 yap\u0131yorsunuz.<br \/>\nH\u00e2lbuki bu adam\u0131n bir s\u00fcr\u00fc entrika \u00e7evirdi\u011fini, hakk\u0131nda yolsuzluk dosyalar\u0131 oldu\u011funu bizzat kendiniz s\u00f6ylemi\u015f, kamuoyunda b\u00f6yle bir alg\u0131 olu\u015fturmu\u015fsunuz.<\/p>\n<p>Ayr\u0131ca adam defalarca partiye gelmi\u015f, y\u00fck\u00fcn\u00fc alm\u0131\u015f gitmi\u015f. Prestiji bozulmaya y\u00fcz tutunca tekrar kapa\u011f\u0131 partiye atm\u0131\u015f, i\u015fi bitince tekrar gitmi\u015f.<br \/>\nSiz bunu kalk\u0131p en \u00f6nemli se\u00e7im b\u00f6lgesinden aday yap\u0131yorsunuz.<br \/>\nBakmay\u0131n siz %40 oy ald\u0131\u011f\u0131na..<br \/>\nOnun sebepleri \u00e7ok.<br \/>\nAl\u0131nan oylar ne Sar\u0131g\u00fcl\u2019\u00fcn, ne de CHP nin oyudur.<br \/>\n\u0130ktidara kar\u015f\u0131 olan herkes kerhen de olsa CHP de topland\u0131. MHP bile.<\/p>\n<p>Son yerel se\u00e7imlerde MHP kendi adaylar\u0131na oy verse Ana Muhalefet partisi (Oy oran\u0131 olarak) kendisi olurdu.<br \/>\nMHP nin eline iktidar olma, Cumhurba\u015fkan\u0131 se\u00e7ilme (Sadi Somuncuo\u011flu) vs. ge\u00e7ti hep reddetti.<br \/>\nEn son yerel se\u00e7imlerde ana muhalefet olmay\u0131 da reddetti.<br \/>\nNeyse bu ayr\u0131 mevzu\u2026<br \/>\nYani CHP ninson yerel se\u00e7imde ald\u0131\u011f\u0131 oylar, b\u00fcy\u00fck sermaye ve medya g\u00fcc\u00fcyle olu\u015fturulan anti \u2018Tayyip\u2019 anaforunda al\u0131nan oylard\u0131r.<\/p>\n<p>ATLANT\u0130K \u00d6TES\u0130<br \/>\n\u0130stanbul B\u00fcy\u00fck \u015eehir belediye ba\u015fkanl\u0131\u011f\u0131 se\u00e7imindede Atlantik\u2019in \u00f6tesi ve berisi kar\u0131\u015fm\u0131\u015ft\u0131r. (\u00d6tesi Washington Pansilvanya, berisi Londra&#8230;)<br \/>\nBu o kadar a\u00e7\u0131k ki\u2026 Hi\u00e7bir \u015fekilde saklama ihtiyatac\u0131 da duyulmam\u0131\u015ft\u0131r.<br \/>\nPartinin genel ba\u015fkan\u0131 ABD ziyaretinde bir s\u00fcr\u00fc g\u00f6r\u00fc\u015fme ve pazarl\u0131ktan sonra, T\u00fcrkiye\u2019ye gelmeden,adaylar\u0131n\u0131n M. Sar\u0131g\u00fcl oldu\u011funu politik bir dille a\u00e7\u0131klam\u0131\u015ft\u0131r.<\/p>\n<p>\u015eimdi taban bu durumda ne yaps\u0131n?<br \/>\nSen ona buna ABD i\u015fbirlik\u00e7isi diye laf yeti\u015ftir, sonra kalk ABD de bir s\u00fcr\u00fc gizemli g\u00f6r\u00fc\u015fmeden sonra, senin ve parti taban\u0131n\u0131n hazzetmedi\u011fi birini partiye giri\u015fi ile birlikte adayl\u0131\u011f\u0131na vize ver.<br \/>\nTaban nas\u0131l motive olsun?<br \/>\nCHP nin i\u015fi zor!..<br \/>\nVe bu gidi\u015fle CHP yi daha \u00e7ok konu\u015faca\u011f\u0131z gibi g\u00f6r\u00fcn\u00fcyor.<\/p>\n<p>Emin Batur<\/p>\n","protected":false},"excerpt":{"rendered":"<p>M. Sar\u0131g\u00fcl\u2019\u00fcn CHP nin i\u00e7inde \u00e7evirdi\u011fi dolaplar\u0131 g\u00f6rd\u00fck\u00e7e akl\u0131ma Kemal Sunal\u2019\u0131n oynad\u0131\u011f\u0131 Z\u00dcB\u00dcK filmi geliyor. D\u00fc\u015fman olsa CHP ye bu kadar zarar veremez. Tam da Say\u0131n K\u0131l\u0131\u00e7daro\u011flu, \u2018T\u00fcrkiye\u2019yi \u015e\u0130\u015eL\u0130 gibi y\u00f6netece\u011fim\u2026\u2019 dedi\u011fi bir zamanda, Sar\u0131g\u00fcl\u2019\u00fcn \u015fu yapt\u0131\u011f\u0131na bak\u0131n! Resmen genel ba\u015fkan\u0131n\u0131 ters k\u00f6\u015feye yat\u0131rd\u0131. Ortaya neler \u00e7\u0131k\u0131yor neler. Tehdit, \u015fantaj, yolsuzluk, ilkesizlik ne ararsan\u0131z var. &hellip;<\/p>\n","protected":false},"author":14,"featured_media":48521,"comment_status":"open","ping_status":"open","sticky":false,"template":"","format":"standard","meta":{"om_disable_all_campaigns":false,"_themeisle_gutenberg_block_has_review":false,"_joinchat":[],"footnotes":""},"categories":[56,38,43],"tags":[],"class_list":["post-3715","post","type-post","status-publish","format-standard","has-post-thumbnail","","category-emin","category-guncel","category-yazarlar"],"_links":{"self":[{"href":"https:\/\/akincilardergisi.com\/tr\/wp-json\/wp\/v2\/posts\/3715","targetHints":{"allow":["GET"]}}],"collection":[{"href":"https:\/\/akincilardergisi.com\/tr\/wp-json\/wp\/v2\/posts"}],"about":[{"href":"https:\/\/akincilardergisi.com\/tr\/wp-json\/wp\/v2\/types\/post"}],"author":[{"embeddable":true,"href":"https:\/\/akincilardergisi.com\/tr\/wp-json\/wp\/v2\/users\/14"}],"replies":[{"embeddable":true,"href":"https:\/\/akincilardergisi.com\/tr\/wp-json\/wp\/v2\/comments?post=3715"}],"version-history":[{"count":0,"href":"https:\/\/akincilardergisi.com\/tr\/wp-json\/wp\/v2\/posts\/3715\/revisions"}],"wp:featuredmedia":[{"embeddable":true,"href":"https:\/\/akincilardergisi.com\/tr\/wp-json\/wp\/v2\/media\/48521"}],"wp:attachment":[{"href":"https:\/\/akincilardergisi.com\/tr\/wp-json\/wp\/v2\/media?parent=3715"}],"wp:term":[{"taxonomy":"category","embeddable":true,"href":"https:\/\/akincilardergisi.com\/tr\/wp-json\/wp\/v2\/categories?post=3715"},{"taxonomy":"post_tag","embeddable":true,"href":"https:\/\/akincilardergisi.com\/tr\/wp-json\/wp\/v2\/tags?post=3715"}],"curies":[{"name":"wp","href":"https:\/\/api.w.org\/{rel}","templated":true}]}}