{"id":36847,"date":"2019-09-02T07:50:30","date_gmt":"2019-09-02T04:50:30","guid":{"rendered":"http:\/\/akincilardergisi.com\/dergi\/?p=36847"},"modified":"2023-11-07T12:01:31","modified_gmt":"2023-11-07T09:01:31","slug":"idam-cezasi-nasil-gelir","status":"publish","type":"post","link":"https:\/\/akincilardergisi.com\/tr\/idam-cezasi-nasil-gelir\/","title":{"rendered":"\u0130DAM CEZASI NASIL GEL\u0130R?"},"content":{"rendered":"<p style=\"text-align: justify\"><span style=\"color: #1d2129\"><strong>\u00d6MER NAC\u0130 YILMAZ<\/strong><\/span><\/p>\n<p style=\"text-align: justify\"><span style=\"color: #1d2129\">\u0130dam meselesi son g\u00fcnlerin yine pop\u00fcler tart\u0131\u015fma konusu oldu. Son olarak Emine Bulut cinayeti tart\u0131\u015fmalar\u0131 yeniden alevlendirdi, yeni tart\u0131\u015fma konular\u0131 ortaya \u00e7\u0131k\u0131ncaya kadar da tart\u0131\u015f\u0131lmaya devam edecek gibi g\u00f6r\u00fcn\u00fcyor. \u0130dam meselesi sadece \u00e7ocuk ve kad\u0131n cinayetlerinde; vatana ihanet ve ter\u00f6r gibi meseleler ise baz\u0131 \u015fehit cenazelerinde g\u00fcndeme geliyor. Hi\u00e7 kimse sahici olarak meseleyi ciddiye alm\u0131yor. Bunun i\u00e7in de anl\u0131 \u015fanl\u0131 siyaset\u00e7ilerimiz idam cezas\u0131 meselesiyle adeta el topu oynar gibi oynuyor ve herkes topu bir birine at\u0131p duruyor. Adeta toplumun gaz\u0131n\u0131 al\u0131yorlar.<\/span><br style=\"color: #1d2129\" \/><span style=\"color: #1d2129\">\u0130dam cezas\u0131 meselesi biraz ciddiyet istiyor. Bu cezay\u0131 \u00e7\u0131kartam\u0131yorsan\u0131z neden \u00e7\u0131karamad\u0131\u011f\u0131n\u0131z\u0131 topluma a\u00e7\u0131klay\u0131n\u0131z. Reis diyor ki: \u201c\u00d6n\u00fcme gelirse kim ne der diye bakmam, imzalar\u0131m.\u201d Meclis, adalet bakanl\u0131\u011f\u0131n\u0131n meselesi diyor. Adalet Bakan\u0131, meclisin meselesi diyor. Yani idam cezas\u0131yla ilgili olarak siyaset el topu oynamaya devam ediyor.\u00a0<\/span><br style=\"color: #1d2129\" \/><span style=\"color: #1d2129\">\u0130ktidar\u0131n el topu oynad\u0131\u011f\u0131 bu meseleyi muhalefet ise hi\u00e7 g\u00fcndemine dahi alm\u0131yor. Vatana ihanet ve ter\u00f6r k\u0131sm\u0131yla alakal\u0131 olarak a\u00e7\u0131k ve net olamad\u0131klar\u0131 i\u00e7in bu meselede de net de\u011filler. Muhalefetsen, muhalefetinde samimi isen, toplum nezdinde iktidar\u0131 s\u0131k\u0131\u015ft\u0131rmak istiyorsan i\u015fte f\u0131rsat, sen bu meseleye sahip \u00e7\u0131ksana. Neden sahip \u00e7\u0131km\u0131yorsun? \u201cYolsuzlu\u011fa gelince ucu kime giderse gitsin diyorsun da \u00e7ocuk ve kad\u0131n cinayetine gelince, vatana ihanet ve ter\u00f6r su\u00e7lar\u0131na gelince neden ucu kime dayan\u0131rsa dayans\u0131n, bu kanun \u00e7\u0131kar\u0131lacakt\u0131r.\u201d diyemiyorsun. \u0130ktidar samimi de\u011filse siz hi\u00e7 samimi de\u011filsiniz.<\/span><br style=\"color: #1d2129\" \/><span style=\"color: #1d2129\">Bu meseleyi meclis g\u00fcndemine kim getirecek? Sokaktaki adam m\u0131 getirecek? Sokaktaki adam getirecekse siz neyin vekilisiniz? Biz milletvekiliyiz demeyin. Siz liderlerinizin vekilisiniz. Demokrasi falan hik\u00e2ye\u2026 Sizi liderler se\u00e7iyor, biz onayl\u0131yoruz. Ger\u00e7ekten bize sorulacak olsa biz sizi se\u00e7er miyiz? Millet se\u00e7iyormu\u015f gibi yap\u0131l\u0131yor. \u00d6n se\u00e7im, temay\u00fcl yoklamas\u0131 ad\u0131 alt\u0131nda tiyatro oynan\u0131yor, Ankara\u2019da i\u015fler de\u011fi\u015fiyor. Her \u015feyi de\u011fi\u015ftirdi\u011finiz, her \u015feyi yapt\u0131\u011f\u0131n\u0131z bu Ankara\u2019da bir tek idam cezas\u0131 meselesini halletmiyorsunuz. Niye halletmedi\u011finizi veya halledemedi\u011finizi \u00e7\u0131k\u0131n ve mert\u00e7e a\u00e7\u0131klay\u0131n.<\/span><br style=\"color: #1d2129\" \/><span style=\"color: #1d2129\">Ba\u015fl\u0131\u011fa ald\u0131\u011f\u0131m\u0131z \u201cidam cezas\u0131 nas\u0131l gelir\u201d sorusunun herkese g\u00f6re farkl\u0131 cevab\u0131 vard\u0131r. Cezan\u0131n meclisten \u00e7\u0131kart\u0131lmas\u0131n\u0131 ge\u00e7tik, meclis g\u00fcndemine gelmesini konu\u015fuyoruz ki bu bile bir acizliktir. Bundan sonraki c\u00fcmlelere l\u00fctfen dikkat ediniz. Hi\u00e7 kimsenin yavrusunun ba\u015f\u0131na k\u00f6t\u00fc bir olay gelmesin. \u00c7ocuklar ya\u015fas\u0131n ve ya\u015fat\u0131ls\u0131n. Onlarla ilgili k\u00f6t\u00fcl\u00fck d\u00fc\u015f\u00fcnenlerin planlar\u0131n\u0131 Rabbim ba\u015flar\u0131na ge\u00e7irsin. Hi\u00e7bir kad\u0131n k\u00f6t\u00fcl\u00fc\u011fe maruz kalmas\u0131n, eziyet g\u00f6rmesin, hukuk daima yanlar\u0131nda olsun. Ya\u015fama haklar\u0131 bo\u015fand\u0131klar\u0131 e\u015flerine ra\u011fmen korunsun. Bunlar duam\u0131zd\u0131r. Bu fenal\u0131klar, \u00e7ocu\u011fundan, torunundan veya evlad\u0131ndan dolay\u0131 vekillerimizin ba\u015f\u0131na gelse acaba ne d\u00fc\u015f\u00fcn\u00fcrler. \u0130dam cezas\u0131 meselesiyle el topu oynamaya devam ederler mi? Ayn\u0131 yak\u0131nl\u0131k derecesinde bakanlar\u0131m\u0131zdan birinin ba\u015f\u0131na gelse onlar da bu meseleyle el topu oynamaya devam ederler mi? Ona buna havale edip topu taca atarlar m\u0131? B\u00f6yle pa\u015falar\u0131m\u0131z\u0131n birinin ba\u015f\u0131na gelse acaba yerlerinde durabilirler mi? H\u00e2kimlerimiz, savc\u0131lar\u0131m\u0131z ve y\u00fcksek yarg\u0131n\u0131n ba\u015f\u0131ndaki demokrasiye tapan hukuk\u00e7ular\u0131m\u0131z sizin ba\u015f\u0131n\u0131za gelse sahi siz ne yapars\u0131n\u0131z? Hala hukuk edebiyat\u0131 yapmaya devam m\u0131 edeceksiniz? Emine Bulut\u2019un yavrusunun g\u00f6zlerinde kendi k\u0131z\u0131n\u0131z\u0131n, torununuzun g\u00f6zlerini g\u00f6rd\u00fcn\u00fcz m\u00fc? O g\u00f6zlere bakabildiniz mi? Yoksa y\u00fcre\u011finiz el vermedi mi? \u0130nsanlar kendi hukuklar\u0131n\u0131 kendileri mi olu\u015ftursun, nas\u0131l olsa ceza evlerinde biri \u00e7akar ve \u015fi\u015fler desek, \u201c\u00f6yle \u015fey mi olur, buras\u0131 hukuk devleti\u201d der laf\u0131 a\u011fz\u0131m\u0131za basars\u0131n\u0131z. Bu mavallar art\u0131k kar\u0131n doyurmuyor, g\u00f6n\u00fclleri teskin etmiyor. Ne olur milletle dalga ge\u00e7meyin.\u00a0<\/span><br style=\"color: #1d2129\" \/><span style=\"color: #1d2129\">Yanan y\u00fcrekler var, yenileri yanmas\u0131n. Bilin ki siz idam cezas\u0131 meselesiyle el topu oynamaya devam etti\u011finiz m\u00fcddet\u00e7e daha nice y\u00fcrekler yanacakt\u0131r. Siz seyirci kal\u0131rsan\u0131z, size de seyirci kal\u0131nacakt\u0131r.<\/span><br style=\"color: #1d2129\" \/><span style=\"color: #1d2129\">\u00d6mer Naci YILMAZ<\/span><\/p>\n","protected":false},"excerpt":{"rendered":"<p>\u00d6MER NAC\u0130 YILMAZ \u0130dam meselesi son g\u00fcnlerin yine pop\u00fcler tart\u0131\u015fma konusu oldu. Son olarak Emine Bulut cinayeti tart\u0131\u015fmalar\u0131 yeniden alevlendirdi, yeni tart\u0131\u015fma konular\u0131 ortaya \u00e7\u0131k\u0131ncaya kadar da tart\u0131\u015f\u0131lmaya devam edecek gibi g\u00f6r\u00fcn\u00fcyor. \u0130dam meselesi sadece \u00e7ocuk ve kad\u0131n cinayetlerinde; vatana ihanet ve ter\u00f6r gibi meseleler ise baz\u0131 \u015fehit cenazelerinde g\u00fcndeme geliyor. Hi\u00e7 kimse sahici olarak &hellip;<\/p>\n","protected":false},"author":26,"featured_media":48521,"comment_status":"open","ping_status":"open","sticky":false,"template":"","format":"standard","meta":{"om_disable_all_campaigns":false,"_themeisle_gutenberg_block_has_review":false,"_joinchat":[],"footnotes":""},"categories":[38,54,43],"tags":[],"class_list":["post-36847","post","type-post","status-publish","format-standard","has-post-thumbnail","","category-guncel","category-omer","category-yazarlar"],"_links":{"self":[{"href":"https:\/\/akincilardergisi.com\/tr\/wp-json\/wp\/v2\/posts\/36847","targetHints":{"allow":["GET"]}}],"collection":[{"href":"https:\/\/akincilardergisi.com\/tr\/wp-json\/wp\/v2\/posts"}],"about":[{"href":"https:\/\/akincilardergisi.com\/tr\/wp-json\/wp\/v2\/types\/post"}],"author":[{"embeddable":true,"href":"https:\/\/akincilardergisi.com\/tr\/wp-json\/wp\/v2\/users\/26"}],"replies":[{"embeddable":true,"href":"https:\/\/akincilardergisi.com\/tr\/wp-json\/wp\/v2\/comments?post=36847"}],"version-history":[{"count":0,"href":"https:\/\/akincilardergisi.com\/tr\/wp-json\/wp\/v2\/posts\/36847\/revisions"}],"wp:featuredmedia":[{"embeddable":true,"href":"https:\/\/akincilardergisi.com\/tr\/wp-json\/wp\/v2\/media\/48521"}],"wp:attachment":[{"href":"https:\/\/akincilardergisi.com\/tr\/wp-json\/wp\/v2\/media?parent=36847"}],"wp:term":[{"taxonomy":"category","embeddable":true,"href":"https:\/\/akincilardergisi.com\/tr\/wp-json\/wp\/v2\/categories?post=36847"},{"taxonomy":"post_tag","embeddable":true,"href":"https:\/\/akincilardergisi.com\/tr\/wp-json\/wp\/v2\/tags?post=36847"}],"curies":[{"name":"wp","href":"https:\/\/api.w.org\/{rel}","templated":true}]}}