{"id":35581,"date":"2019-06-19T00:00:29","date_gmt":"2019-06-18T21:00:29","guid":{"rendered":"http:\/\/akincilardergisi.com\/dergi\/?p=35581"},"modified":"2023-11-05T13:25:30","modified_gmt":"2023-11-05T10:25:30","slug":"arka-plan","status":"publish","type":"post","link":"https:\/\/akincilardergisi.com\/tr\/arka-plan\/","title":{"rendered":"ARKA PLAN"},"content":{"rendered":"<p style=\"text-align: justify\">T\u00fcm T\u00fcrkiye&#8217;nin merakla bekledi\u011fi \u0130stanbul se\u00e7imlerinde geri say\u0131m ba\u015flad\u0131. Adaylar ortak yay\u0131nda kar\u015f\u0131 kar\u015f\u0131ya geldiler, moderat\u00f6r e\u015fli\u011finde sorulan sorulara cevap verdiler. Ard\u0131ndan da konu\u015fulanlar epey tansiyon y\u00fckseltti. Olduk\u00e7a normal. \u0130stanbul bu. Sonu\u00e7lar\u0131 sadece i\u00e7eriyi de\u011fil d\u0131\u015far\u0131y\u0131 da ilgilendiriyor.<\/p>\n<p style=\"text-align: justify\">CHP&#8217;yi isteyen ak\u0131m ABD, her zaman kendi \u00e7izgisinde y\u00fcr\u00fcyenleri ister. \u0130stanbul \u00fczerinde bu kadar \u0131srar etmelerinin nedeni T\u00fcrkiye&#8217;nin \u00f6neminin s\u0131n\u0131r \u00f6tesinde gizli. A\u00e7al\u0131m biraz daha burada&#8230;<\/p>\n<p style=\"text-align: justify\">T\u00fcrkiye son 7-8 y\u0131ld\u0131r ba\u011f\u0131ms\u0131z kararlar almakta. Bu s\u00fcre\u00e7te \u00e7ok \u00e7e\u015fitli bask\u0131 ve operasyonlar aras\u0131nda s\u0131k\u0131\u015ft\u0131r\u0131lmaya \u00e7al\u0131\u015f\u0131ld\u0131. Bu operasyonlar sadece s\u0131n\u0131rlar\u0131m\u0131z i\u00e7erisinde de de\u011fildi. D\u0131\u015far\u0131dan gelerek T\u00fcrkiyeyi bask\u0131 alt\u0131na almaya \u00e7al\u0131\u015ft\u0131lar.<\/p>\n<p style=\"text-align: justify\">ABD&#8217;nin \u0130ran&#8217;a operasyonu, Suriye&#8217;de YPG&#8217;ye y\u0131\u011f\u0131nak yap\u0131lmas\u0131, y\u00fczlerce t\u0131r silah g\u00f6nderilmesi, ABD&#8217;nin F-35 ile tehdit etmesi, S-400 krizi, T\u00fcrkiye&#8217;nin \u00c7in-Rusya ile yak\u0131nla\u015fmas\u0131 sonucu ciddi bask\u0131lar alt\u0131nda kalan T\u00fcrkiye, t\u00fcm bunlara ra\u011fmen ba\u011f\u0131ms\u0131z karar almaya devam ediyor.<\/p>\n<p style=\"text-align: justify\">\u0130\u015fin ucunda AKDEN\u0130Z var da ondan. Gelecek 100 y\u0131l\u0131n enerji \u00fcss\u00fc AKDEN\u0130Z. B\u00fcy\u00fck devletler Akdeniz&#8217;de. Enerjiden pay almak i\u00e7in. ABD&#8217;nin, \u0130srail&#8217;in enerji \u015firketleri orada. T\u00fcrkiye&#8217;nin de enerji arama gemileri Akdeniz&#8217;de.<\/p>\n<p style=\"text-align: justify\">T\u00fcrkiye, AKDEN\u0130Z&#8217;de, K\u0131br\u0131s&#8217;taki parselleri de kimseye kapt\u0131rmak istemiyor. K\u0131br\u0131s Adas\u0131n\u0131n \u00f6neminin fark\u0131nda. Tabi burada da partnerlere ihtiyac\u0131 var. \u00c7in ve Rusya da T\u00fcrkiye ile hareket etmekte.<\/p>\n<p style=\"text-align: justify\">\u00c7in-Rusya-T\u00fcrkiye \u00fc\u00e7l\u00fcs\u00fcn\u00fcn \u0130PEK-KU\u015eAK YOL PROJES\u0130 kapsam\u0131nda yan yana y\u00fcr\u00fcmesi, bu projenin de gelip AKDEN\u0130Z&#8217;de \u00f6nem kazanmas\u0131 nedeniyle ABD&#8217;nin hi\u00e7 ho\u015funa gitmiyor. ABD pastan\u0131n tamam\u0131n\u0131 istiyor. \u00c7\u0130N-RUSYA-T\u00dcRK\u0130YE ise payla\u015f\u0131mc\u0131 bir politika izliyor.<\/p>\n<p style=\"text-align: justify\">Bu nedenle de bu \u00fc\u00e7l\u00fc ABD taraf\u0131ndan sald\u0131r\u0131lara maruz kal\u0131yor. \u00c7inli Huawei&#8217;ye yap\u0131lan engellemeler, \u00c7in&#8217;in ABD taraf\u0131ndan Akdeniz&#8217;de istenmedi\u011finin en b\u00fcy\u00fck nedeni. T\u00fcrkiye-Rusya aras\u0131nda yap\u0131lan enerji anla\u015fmalar\u0131na ABD&#8217;nin kar\u015f\u0131 \u00e7\u0131kmas\u0131 gelip AKDEN\u0130Z&#8217;de sonu\u00e7lan\u0131yor.<\/p>\n<p style=\"text-align: justify\">\u00c7\u00fcnk\u00fc pasta b\u00fcy\u00fck, par\u00e7a b\u00fcy\u00fck. T\u00fcrkiye izledi\u011fi milli ve ba\u011f\u0131ms\u0131z politikalar ile birilerinin \u00e7\u0131kar\u0131na yarayacak \u015fekilde de\u011fil, kendi \u00e7\u0131karlar\u0131n\u0131 d\u00fc\u015f\u00fcnd\u00fc\u011f\u00fc i\u00e7in hareket etmekte. \u00c7\u00fcnk\u00fc T\u00fcrkiye&#8217;nin ald\u0131\u011f\u0131 her karar gelip yine bize dayan\u0131yor, s\u0131n\u0131rlar\u0131m\u0131za dayan\u0131yor.<\/p>\n<p style=\"text-align: justify\">\u0130STANBUL SE\u00c7\u0130MLER\u0130N\u0130 de bundan ba\u011f\u0131ms\u0131z d\u00fc\u015f\u00fcnmek kesinlikle hata olur. ABD&#8217;ye yak\u0131n politikalar izleyen CHP mi kazanacak yoksa milli, ba\u011f\u0131ms\u0131z politikalar izleyen B\u0130NAL\u0130 YILDIRIM\u00a0 ve AK PART\u0130 m\u0131? \u0130\u015f tamamen bununla ilgilidir.<\/p>\n<p style=\"text-align: justify\">Bu sadece basit bir \u0130STANBUL se\u00e7imi de\u011fildir. Asl\u0131nda hi\u00e7bir zaman \u00f6yle olmam\u0131\u015ft\u0131r. Ancak bu se\u00e7imlerin \u00f6nemi daha b\u00fcy\u00fck. Partilerden ziyade ak\u0131mlar\u0131n sava\u015ft\u0131\u011f\u0131 bir se\u00e7im olacak.<\/p>\n<p style=\"text-align: justify\">\u0130\u015fin bu k\u0131sm\u0131na bakmayanlar olay\u0131 basit \u015fekilde de\u011ferlendirip bakacak. Zaten \u00f6yle de olur. Genelde arka plana pek bak\u0131lmaz. Ancak as\u0131l senaryo hep sahnenin arkas\u0131nda olmu\u015ftur.<\/p>\n<p style=\"text-align: justify\">En basit \u015fekilde bunun do\u011fru bir bak\u0131\u015f a\u00e7\u0131s\u0131 oldu\u011funu anlamak hi\u00e7 de zor de\u011fil. D\u0131\u015far\u0131ya bak\u0131p ne dediklerini g\u00f6rmek yeterli olur.<\/p>\n<p style=\"text-align: justify\">Bakal\u0131m, \u0130STANBUL nas\u0131l sonu\u00e7lanacak? Sonu\u00e7 ne olursa olsun, d\u0131\u015far\u0131ya etkisi \u00e7ok olacak. \u0130mamo\u011flu&#8217;nun kazanmas\u0131 d\u0131\u015f destekli bask\u0131lar\u0131n daha da artt\u0131\u011f\u0131 bir d\u00f6nemi getirebilir. Tabi bekleyip g\u00f6rece\u011fiz. \u0130stanbul bu, d\u00fcnyan\u0131n merkezi&#8230;<\/p>\n<p style=\"text-align: justify\">Selam ve dua ile&#8230;<\/p>\n<p style=\"text-align: justify\"><strong>\u0130BRAH\u0130M YAVUZ<\/strong><\/p>\n","protected":false},"excerpt":{"rendered":"<p>T\u00fcm T\u00fcrkiye&#8217;nin merakla bekledi\u011fi \u0130stanbul se\u00e7imlerinde geri say\u0131m ba\u015flad\u0131. Adaylar ortak yay\u0131nda kar\u015f\u0131 kar\u015f\u0131ya geldiler, moderat\u00f6r e\u015fli\u011finde sorulan sorulara cevap verdiler. Ard\u0131ndan da konu\u015fulanlar epey tansiyon y\u00fckseltti. Olduk\u00e7a normal. \u0130stanbul bu. Sonu\u00e7lar\u0131 sadece i\u00e7eriyi de\u011fil d\u0131\u015far\u0131y\u0131 da ilgilendiriyor. CHP&#8217;yi isteyen ak\u0131m ABD, her zaman kendi \u00e7izgisinde y\u00fcr\u00fcyenleri ister. \u0130stanbul \u00fczerinde bu kadar \u0131srar etmelerinin nedeni &hellip;<\/p>\n","protected":false},"author":20,"featured_media":48521,"comment_status":"open","ping_status":"open","sticky":false,"template":"","format":"standard","meta":{"om_disable_all_campaigns":false,"_themeisle_gutenberg_block_has_review":false,"_joinchat":[],"footnotes":""},"categories":[38,57,43],"tags":[],"class_list":["post-35581","post","type-post","status-publish","format-standard","has-post-thumbnail","","category-guncel","category-ibrahim","category-yazarlar"],"_links":{"self":[{"href":"https:\/\/akincilardergisi.com\/tr\/wp-json\/wp\/v2\/posts\/35581","targetHints":{"allow":["GET"]}}],"collection":[{"href":"https:\/\/akincilardergisi.com\/tr\/wp-json\/wp\/v2\/posts"}],"about":[{"href":"https:\/\/akincilardergisi.com\/tr\/wp-json\/wp\/v2\/types\/post"}],"author":[{"embeddable":true,"href":"https:\/\/akincilardergisi.com\/tr\/wp-json\/wp\/v2\/users\/20"}],"replies":[{"embeddable":true,"href":"https:\/\/akincilardergisi.com\/tr\/wp-json\/wp\/v2\/comments?post=35581"}],"version-history":[{"count":0,"href":"https:\/\/akincilardergisi.com\/tr\/wp-json\/wp\/v2\/posts\/35581\/revisions"}],"wp:featuredmedia":[{"embeddable":true,"href":"https:\/\/akincilardergisi.com\/tr\/wp-json\/wp\/v2\/media\/48521"}],"wp:attachment":[{"href":"https:\/\/akincilardergisi.com\/tr\/wp-json\/wp\/v2\/media?parent=35581"}],"wp:term":[{"taxonomy":"category","embeddable":true,"href":"https:\/\/akincilardergisi.com\/tr\/wp-json\/wp\/v2\/categories?post=35581"},{"taxonomy":"post_tag","embeddable":true,"href":"https:\/\/akincilardergisi.com\/tr\/wp-json\/wp\/v2\/tags?post=35581"}],"curies":[{"name":"wp","href":"https:\/\/api.w.org\/{rel}","templated":true}]}}