{"id":35414,"date":"2019-06-10T00:00:15","date_gmt":"2019-06-09T21:00:15","guid":{"rendered":"http:\/\/akincilardergisi.com\/dergi\/?p=35414"},"modified":"2023-11-07T12:01:33","modified_gmt":"2023-11-07T09:01:33","slug":"bizim-mahallenin-savrulmalari","status":"publish","type":"post","link":"https:\/\/akincilardergisi.com\/tr\/bizim-mahallenin-savrulmalari\/","title":{"rendered":"B\u0130Z\u0130M MAHALLEN\u0130N SAVRULMALARI"},"content":{"rendered":"<p style=\"color: #000000;text-align: justify\"><span style=\"font-weight: inherit;font-style: inherit\">21. Y\u00fczy\u0131l\u0131n ilk \u00e7eyre\u011fini ya\u015fad\u0131\u011f\u0131m\u0131z y\u0131llara ne b\u00fcy\u00fck savrulmalar s\u0131\u011fd\u0131rd\u0131k. Sosyologlar\u0131m\u0131za, Felsefecilerimize, Tarih\u00e7ilerimize, Din Psikolojisi uzmanlar\u0131m\u0131za\u00a0<span style=\"color: inherit\">\u00a0<\/span>y\u00fcz y\u0131l boyunca ara\u015ft\u0131racaklar\u0131, konu\u015facaklar\u0131 ve yazacaklar\u0131 \u2018savrulma\u2019 malzemeleri \u00fcrettik. \u00dcretmeye de devam ediyoruz.<\/span><\/p>\n<p style=\"color: #000000;text-align: justify\"><span style=\"font-weight: inherit;font-style: inherit\">1990\u2019l\u0131 y\u0131llar Anadolu insan\u0131 i\u00e7in ezanlar\u0131n susturuldu\u011fu, Kur\u2019an\u2019\u0131n yasakland\u0131\u011f\u0131, Camilerin ah\u0131r, bar, pavyon ve otopark yap\u0131ld\u0131\u011f\u0131 y\u0131llar kadar zordu. O y\u0131llarda zalimlik direkt yap\u0131l\u0131r, M\u00fcsl\u00fcmanlar yap\u0131lanlara maruz kal\u0131rd\u0131. 90\u2019l\u0131 y\u0131llarda hem yap\u0131ld\u0131, hem de kafam\u0131za kafam\u0131za \u00e7ak\u0131ld\u0131. Ba\u015f\u00f6rt\u00fcl\u00fc bir spiker g\u00f6rebilmeyi ne b\u00fcy\u00fck bir sevin\u00e7le, hem de g\u00f6zya\u015flar\u0131yla kar\u015f\u0131lad\u0131\u011f\u0131m\u0131z g\u00fcnleri nas\u0131l da unuttuk. Ger\u00e7i biz hi\u00e7 bir \u015feyi unutmad\u0131k. Bunlar\u0131 unutanlar\u0131 unutaca\u011f\u0131m\u0131z g\u00fcnlere do\u011fru yol al\u0131yoruz.<\/span><\/p>\n<p style=\"color: #000000;text-align: justify\"><span style=\"font-weight: inherit;font-style: inherit\">\u0130\u015fin garibi ucundan k\u0131y\u0131s\u0131ndan bu zulm\u00fc ya\u015fayanlar, s\u0131k\u0131nt\u0131lar\u0131n\u0131 \u00e7ekenler hi\u00e7 bir \u015fey olmam\u0131\u015f gibi davranabiliyorlar, twit atabiliyorlar, facede payla\u015f\u0131mlar yapabiliyorlar. Burada da sorun yok, herkes istedi\u011fini yapabilir. Bizim de\u011ferlerimizi ortadan kald\u0131rmay\u0131 varl\u0131k sebebi sayanlar var ya y\u0131llar y\u0131l\u0131 bunlara s\u00f6vmeyi ibadetmi\u015f gibi g\u00f6rd\u00fcn\u00fcz. (Hamdolsun ne gaz\u0131n\u0131za ne de saz\u0131n\u0131za geldik.) Y\u0131llarca s\u00f6vd\u00fcklerinizin, giydirdiklerinizin, toplum nezdinde mahk\u00fbm etmeye \u00e7al\u0131\u015ft\u0131klar\u0131n\u0131z\u0131n ho\u015funa giden insanlar haline gelmeyi\/ gelebilmeyi nas\u0131l ba\u015farabiliyorsunuz biz buna hayret ediyoruz ve savrulman\u0131za tan\u0131k oluyoruz.<\/span><\/p>\n<p style=\"color: #000000;text-align: justify\"><span style=\"font-weight: inherit;font-style: inherit\">Doksanl\u0131 y\u0131llardaki mahrumiyetlerden kurtulman\u0131n yolunun siyasal kurumsalla\u015fmadan ge\u00e7ti\u011fini s\u00f6yleyenler bug\u00fcn g\u00f6rd\u00fckleri t\u00fcm olumsuzluklar\u0131n faturas\u0131n\u0131 siyasete kesebilmektedirler. Eksikler yok, yanl\u0131\u015fl\u0131klar yok demiyoruz ki. Problem insan problemi olunca nerede olursa olsun olumsuzluklar olacakt\u0131r. \u0130nsan\u0131n oldu\u011fu hangi d\u00f6nem pir \u00fc pak olmu\u015f ki? Problemler var diye savrulal\u0131m m\u0131, saflar\u0131m\u0131z\u0131 de\u011fi\u015ftirelim mi, k\u0131v\u0131ral\u0131m m\u0131, drift atal\u0131m m\u0131?<\/span><\/p>\n<p style=\"color: #000000;text-align: justify\"><span style=\"font-weight: inherit;font-style: inherit\">Reis\u2019imizin etraf\u0131n\u0131n ku\u015fat\u0131ld\u0131\u011f\u0131n\u0131, baz\u0131 \u015feyleri g\u00f6rmedi\u011fini, g\u00f6sterilmedi\u011fini s\u00f6yleyip duruyorsunuz ya hakl\u0131 olabilirsiniz. Peki size sizin etraf\u0131n\u0131z\u0131n ku\u015fat\u0131ld\u0131\u011f\u0131, sizin de baz\u0131 \u015feyleri g\u00f6rmedi\u011finizi\/ g\u00f6remedi\u011finizi s\u00f6yleyenler oldu mu? Bunlar\u0131 s\u00f6ylemek isteyenleri dinlediniz mi? Ya da bunlar\u0131 s\u00f6ylemek isteyenler size yana\u015fabiliyor mu, ula\u015fabiliyor mu, sizin \u00e7emberinizi k\u0131rabiliyor mu? Y\u0131llarca tarikatlardaki baz\u0131 uygulamalara k\u0131zd\u0131n\u0131z, ayn\u0131s\u0131n\u0131 yapar oldunuz. Kimse ho\u015funa gitmeyeni duymak istemiyor, herkes s\u00f6yledi\u011finin onaylanmas\u0131n\u0131 istiyor. Siyaset\u00e7ilere k\u0131z\u0131yor ama ayn\u0131s\u0131n\u0131 yapmaktan vazge\u00e7miyorsunuz.<\/span><\/p>\n<p style=\"color: #000000;text-align: justify\"><span style=\"font-weight: inherit;font-style: inherit\">Bir zamanlar insanlar toplumsal olaylarla alakal\u0131 duru\u015f belirlemek i\u00e7in size dan\u0131\u015f\u0131rd\u0131, oy kullan\u0131p kullanmayaca\u011f\u0131n\u0131 size dan\u0131\u015f\u0131rd\u0131. Hangi partiye oy vermesi gerekti\u011fini size sorard\u0131. Hatta Ramazan ay\u0131na ba\u015flamak i\u00e7in hilalin g\u00f6r\u00fcl\u00fcp g\u00f6r\u00fclmedi\u011fini size sorard\u0131. Millet arafe yaparken size soranlar bayram yapard\u0131. Ama hep size sorard\u0131. \u015eimdilerde kim size neyi soruyor ki? Bu millet y\u0131llar y\u0131l\u0131 size sordu, durdu. Yahu siz bu millete ne sordunuz? Kendinizi tepelerde g\u00f6rd\u00fc\u011f\u00fcn\u00fcz i\u00e7in zannettiniz ki tepedeyiz, her \u015feyi g\u00f6r\u00fcr\u00fcz. Yok valla hi\u00e7 bir \u015fey g\u00f6rm\u00fcyorsunuz, g\u00f6remiyorsunuz. Fetoyu g\u00f6rmeyen\/ g\u00f6remeyen akademisyen ve alayl\u0131 d\u00fcnyam\u0131z, siz bunlar\u0131 g\u00f6renleri de g\u00f6rmediniz, g\u00f6rmek istemediniz. G\u00f6rmek istemediklerinizi dinlemedi\u011finiz i\u00e7in de savrulmaya devam edip durun bakal\u0131m. Sevindi\u011fimizi de zannetmeyin, \u00fcz\u00fcl\u00fcyoruz.<\/span><\/p>\n<p style=\"color: #000000;text-align: justify\"><span style=\"font-weight: inherit;font-style: inherit\">Biz size Reisimizi destekleyin mi diyoruz, propagandas\u0131n\u0131 m\u0131 yap\u0131n diyoruz? Elbette ki hay\u0131r.\u00a0\u00a0Onun ve temsil etti\u011fi de\u011ferlerin d\u00fc\u015fmanlar\u0131n\u0131 sevindirmeyin yeter. Yapt\u0131\u011f\u0131n\u0131z ele\u015ftirilerin, g\u00f6rd\u00fc\u011f\u00fcn\u00fcz olumsuzluklar\u0131n yersizli\u011finde de\u011filiz. Siz konu\u015funca, siz yaz\u0131nca, siz mesaj att\u0131k\u00e7a kimler seviniyor ona bir bak\u0131n. Yapt\u0131klar\u0131n\u0131z\u0131n hepsi Yahudilerin elini ovu\u015fturmalar\u0131n\u0131 art\u0131r\u0131yorsa vay sizin halinize.<\/span><\/p>\n<p style=\"color: #000000;text-align: justify\"><span style=\"font-weight: inherit;font-style: inherit\">S\u00f6ylenecek \u00e7ok \u015fey var, yaz\u0131lacak \u00e7ok \u015fey var. Yapamazs\u0131n\u0131z da biz yine de s\u00f6yleyelim. Ke\u015fke itik\u00e2fa siz girseydiniz. \u0130tik\u00e2f g\u00fcnleriniz boyunca bir soruyu kendinize sorsayd\u0131n\u0131z. \u201cBenim yapt\u0131klar\u0131m, benim s\u00f6ylediklerim, benim yazd\u0131klar\u0131m, benim payla\u015f\u0131mlar\u0131m, benim att\u0131\u011f\u0131m twitler kimleri sevindiriyor? Yatan\u0131n\u0131z\u0131n Allah oldu\u011fu ger\u00e7e\u011fi d\u0131\u015f\u0131nda hangi ortak paydan\u0131z var?<\/span><\/p>\n<p style=\"color: #000000;text-align: justify\"><span style=\"font-weight: inherit;font-style: inherit\">Son s\u00f6zlerimiz olarak Abd\u00fclhamit\u2019e ihanet edenlerin ak\u0131betlerine bir bak\u0131n demek isteriz. Yine Asr-\u0131 Saadet dedi\u011fimiz, hayran oldu\u011fumuz, ke\u015fke o d\u00f6nemde ya\u015fasayd\u0131m dedi\u011fimiz, onlardan biri de ben olayd\u0131m dedi\u011fimiz, anlata anlata bitiremedi\u011fimiz, abartarak insan olmaktan \u00e7\u0131kartt\u0131\u011f\u0131m\u0131z Sahabe efendilerimizin d\u00f6nemine bir g\u00f6z at\u0131n ve \u015fu olay\u0131 sakin sakin bir okuyun. Sonra da ne yaparsan\u0131z yap\u0131n, size tak\u0131lanlardan, sizinle savrulanlardan, sizinle drift atanlardan, Abd\u00fclhamit\u2019i terk edenler gibi \u00fcmmetin y\u00fcz ak\u0131- Reis\u2019i terk edenlerden olmayaca\u011f\u0131m\u0131z\u0131 bilin.<\/span><\/p>\n<p style=\"color: #000000;text-align: justify\"><span style=\"font-weight: inherit;font-style: inherit\">Siz bunu bizden daha iyi bilirsiniz. Hat\u0131rlay\u0131n bakal\u0131m:<\/span><span style=\"font-weight: inherit;font-style: inherit\">\u00a0<span style=\"color: inherit\">\u201cSahabenin \u00f6nde gelen isimlerinden Ka\u2019b b. Malik, Teb\u00fck seferinin d\u0131\u015f\u0131nda hi\u00e7bir seferden geri kalmam\u0131\u015ft\u0131. Akabe\u2019de Peygamberimizle g\u00f6r\u00fc\u015fenler aras\u0131ndayd\u0131. Teb\u00fck seferi \u00f6ncesi imk\u00e2nlar\u0131 hi\u00e7bir sefer s\u0131ras\u0131nda yoktu. Fakat y\u00fcre\u011finde esen f\u0131rt\u0131nalar onu bu seferden al\u0131koymu\u015ftu. Gider gibi yap\u0131yor, her seferinde geri d\u00f6n\u00fcyordu. Ordunun seferden d\u00f6nd\u00fc\u011f\u00fcn\u00fc haber al\u0131nca \u00fcz\u00fcnt\u00fc ve keder b\u00fct\u00fcn benli\u011fini kaplam\u0131\u015ft\u0131. Nas\u0131l bir yalan s\u00f6yleyip de peygamberin \u00f6fkesinden kurtulaca\u011f\u0131n\u0131n hesab\u0131n\u0131 yap\u0131yordu. Ailesinden kime dan\u0131\u015ft\u0131ysa peygambere yalan s\u00f6ylememesi gerekti\u011fi ikaz\u0131n\u0131 al\u0131yordu. Sefere kat\u0131lmayan yakla\u015f\u0131k seksen ki\u015fi mescide gidip mazeretlerini beyan edip \u00f6z\u00fcr dilediler, teyid i\u00e7in yemin ettiler, peygamberimiz biatlerini kabul etti, ma\u011ffiretleri i\u00e7in dua etti.<\/span><\/span><\/p>\n<p style=\"color: #000000;text-align: justify\"><span style=\"font-weight: inherit;font-style: inherit\">Ka\u2019b b. Malik:<b>\u00a0\u201cSeferden kal\u0131\u015f\u0131m hakk\u0131nda hi\u00e7bir mazeretim yok. Vallahi senden geri kald\u0131\u011f\u0131mda her zamankinden daha g\u00fc\u00e7l\u00fc, daha zengindim.\u201d\u00a0<\/b>Bu s\u00f6zler \u00fczerine Hz. Peygamberimiz \u015f\u00f6yle buyurdu:<\/span><\/p>\n<p style=\"color: #000000;text-align: justify\"><b><span style=\"font-weight: inherit;font-style: inherit\">\u201cGer\u00e7ekten bu do\u011fru s\u00f6yledi. Ey Ka\u2019b haydi kalk, Allah hakk\u0131nda h\u00fck\u00fcm verinceye kadar bekle! \u201d<\/span><\/b><\/p>\n<p style=\"color: #000000;text-align: justify\"><span style=\"font-weight: inherit;font-style: inherit\">Ka\u2019b b Malik\u2019in konumunda olan iki ki\u015fi daha vard\u0131. M\u00fcrare b. Rabi\u2019 el- Amr\u00ee ile Hil\u00e2l b. \u00dcmeyye el V\u00e2k\u0131f\u00ee. Mescid\u2019de, \u00e7ar\u015f\u0131da, yolda hi\u00e7 kimse bunlarla konu\u015fmuyor, bunlar\u0131n selam\u0131n\u0131 alm\u0131yor, y\u00fczlerine bakm\u0131yordu. Peygamberimiz bu \u00fc\u00e7 isimle konu\u015fulmas\u0131n\u0131 yasaklam\u0131\u015ft\u0131. Di\u011fer ikisi hastalanm\u0131\u015f, evlerine kapanm\u0131\u015fken Ka\u2019b b. Malik gen\u00e7 ve sa\u011fl\u0131kl\u0131 oldu\u011fu i\u00e7in ayaktayd\u0131. M\u00fcsl\u00fcmanlarla konu\u015fabilmek i\u00e7in ne yapt\u0131ysa sonu\u00e7 alamad\u0131. \u00dcz\u00fcnt\u00fcs\u00fcnden, kahr\u0131ndan a\u011fl\u0131yordu. Bu durum 50 g\u00fcn kadar s\u00fcrd\u00fc. Ka\u2019b\u2019\u0131n ya\u015fad\u0131\u011f\u0131 bu durum, dostlu\u011fu bulunan \u011eassan Meliki\u2019ne kadar ula\u015fm\u0131\u015ft\u0131. Ka\u2019b\u2019a mektup yazarak:<\/span><span style=\"font-weight: inherit;font-style: inherit\">\u00a0<b><span style=\"color: inherit\">\u201cHaber ald\u0131\u011f\u0131ma g\u00f6re senin arkada\u015f\u0131n (Hz. Peygamber) s\u0131k\u0131nt\u0131 veriyormu\u015f. Allah seni hakaret g\u00f6recek ve hakk\u0131n zayi olacak bir mevkide yaratmam\u0131\u015ft\u0131r. Orada durma, bize kat\u0131l. Sana b\u00fct\u00fcn imk\u00e2nlar\u0131m\u0131z\u0131 tahsis edelim.\u201d<\/span><\/b>\u00a0<span style=\"color: inherit\">Ka\u2019b b. Malik mektubu okudu\u011fu zaman,\u00a0<b>\u201c\u0130\u015fte bu da belalardan birisidir.\u201d<\/b>\u00a0demi\u015ftir. M\u00fcsl\u00fcman olmayan birisinin Hz. Peygamber kar\u015f\u0131s\u0131nda kendisine sahip \u00e7\u0131kmas\u0131n\u0131 belalardan bir bela olarak nitelendirmi\u015f ve mektubu ate\u015fe atarak yakm\u0131\u015ft\u0131r.\u201d<\/span><\/span><\/p>\n<p style=\"color: #000000;text-align: justify\"><span style=\"font-weight: inherit;font-style: inherit\">B\u00f6yle bir davet veya buna benzer bir davet ald\u0131\u011f\u0131n\u0131zda bu \u00f6rnek uykular\u0131n\u0131z\u0131 ka\u00e7\u0131rm\u0131yorsa uyumaya devam edin. \u015eimdi so\u011fuk bir su i\u00e7in, silkelenin ve kendinize gelin. Sevdiklerimize s\u00f6yleriz, sevmediklerimize laf dinlemeyenlerin ak\u0131betine haz\u0131r olun deriz.<\/span><\/p>\n<p style=\"color: #000000;text-align: justify\"><b><span style=\"font-weight: inherit;font-style: inherit;color: red\">\u00d6mer Naci Y\u0131lmaz<\/span><\/b><\/p>\n","protected":false},"excerpt":{"rendered":"<p>21. Y\u00fczy\u0131l\u0131n ilk \u00e7eyre\u011fini ya\u015fad\u0131\u011f\u0131m\u0131z y\u0131llara ne b\u00fcy\u00fck savrulmalar s\u0131\u011fd\u0131rd\u0131k. Sosyologlar\u0131m\u0131za, Felsefecilerimize, Tarih\u00e7ilerimize, Din Psikolojisi uzmanlar\u0131m\u0131za\u00a0\u00a0y\u00fcz y\u0131l boyunca ara\u015ft\u0131racaklar\u0131, konu\u015facaklar\u0131 ve yazacaklar\u0131 \u2018savrulma\u2019 malzemeleri \u00fcrettik. \u00dcretmeye de devam ediyoruz. 1990\u2019l\u0131 y\u0131llar Anadolu insan\u0131 i\u00e7in ezanlar\u0131n susturuldu\u011fu, Kur\u2019an\u2019\u0131n yasakland\u0131\u011f\u0131, Camilerin ah\u0131r, bar, pavyon ve otopark yap\u0131ld\u0131\u011f\u0131 y\u0131llar kadar zordu. O y\u0131llarda zalimlik direkt yap\u0131l\u0131r, M\u00fcsl\u00fcmanlar yap\u0131lanlara &hellip;<\/p>\n","protected":false},"author":26,"featured_media":48521,"comment_status":"open","ping_status":"open","sticky":false,"template":"","format":"standard","meta":{"om_disable_all_campaigns":false,"_themeisle_gutenberg_block_has_review":false,"_joinchat":[],"footnotes":""},"categories":[38,54,43],"tags":[],"class_list":["post-35414","post","type-post","status-publish","format-standard","has-post-thumbnail","","category-guncel","category-omer","category-yazarlar"],"_links":{"self":[{"href":"https:\/\/akincilardergisi.com\/tr\/wp-json\/wp\/v2\/posts\/35414","targetHints":{"allow":["GET"]}}],"collection":[{"href":"https:\/\/akincilardergisi.com\/tr\/wp-json\/wp\/v2\/posts"}],"about":[{"href":"https:\/\/akincilardergisi.com\/tr\/wp-json\/wp\/v2\/types\/post"}],"author":[{"embeddable":true,"href":"https:\/\/akincilardergisi.com\/tr\/wp-json\/wp\/v2\/users\/26"}],"replies":[{"embeddable":true,"href":"https:\/\/akincilardergisi.com\/tr\/wp-json\/wp\/v2\/comments?post=35414"}],"version-history":[{"count":0,"href":"https:\/\/akincilardergisi.com\/tr\/wp-json\/wp\/v2\/posts\/35414\/revisions"}],"wp:featuredmedia":[{"embeddable":true,"href":"https:\/\/akincilardergisi.com\/tr\/wp-json\/wp\/v2\/media\/48521"}],"wp:attachment":[{"href":"https:\/\/akincilardergisi.com\/tr\/wp-json\/wp\/v2\/media?parent=35414"}],"wp:term":[{"taxonomy":"category","embeddable":true,"href":"https:\/\/akincilardergisi.com\/tr\/wp-json\/wp\/v2\/categories?post=35414"},{"taxonomy":"post_tag","embeddable":true,"href":"https:\/\/akincilardergisi.com\/tr\/wp-json\/wp\/v2\/tags?post=35414"}],"curies":[{"name":"wp","href":"https:\/\/api.w.org\/{rel}","templated":true}]}}