{"id":35410,"date":"2019-06-09T10:30:51","date_gmt":"2019-06-09T07:30:51","guid":{"rendered":"http:\/\/akincilardergisi.com\/dergi\/?p=35410"},"modified":"2023-11-05T13:40:52","modified_gmt":"2023-11-05T10:40:52","slug":"istanbulun-konstantinepolisle-mucadelesi","status":"publish","type":"post","link":"https:\/\/akincilardergisi.com\/tr\/istanbulun-konstantinepolisle-mucadelesi\/","title":{"rendered":"\u0130stanbulun Konstantinepolisle M\u00fccadelesi"},"content":{"rendered":"<div class=\"container\">\n<div id=\"masthead\" class=\"mt\">\n<div id=\"dfp-masthead\">\n<div id=\"google_ads_iframe_\/324749355\/Haber7_Masthead_0__container__\"><\/div>\n<\/div>\n<\/div>\n<\/div>\n<div class=\"container\">\n<div class=\"container-fluid\">\n<div class=\"row\">\n<div class=\"col-md-12\">\n<div class=\"authors detail\">\n<div class=\"picture\"><a style=\"color: #000000\" title=\"Arif Altunba\u015f\" href=\"http:\/\/www.haber7.com\/yazarlar\/arif-altunbas\"><img decoding=\"async\" title=\"\u0130stanbulun Konstantinepolisle M\u00fccadelesi\" src=\"http:\/\/i2.haber7.net\/haber7\/columnists\/\/bw\/905.png\" alt=\"\u0130stanbulun Konstantinepolisle M\u00fccadelesi\" \/><\/a><\/div>\n<div class=\"content\">\n<div class=\"name\" style=\"font-weight: 500\"><a style=\"color: #000000\" title=\"Arif Altunba\u015f\" href=\"http:\/\/www.haber7.com\/yazarlar\/arif-altunbas\">Arif Altunba\u015f<\/a>, Haber 7<\/div>\n<\/div>\n<\/div>\n<div class=\"news-detail\">\n<div class=\"article\">\n<div class=\"news-content\">\n<p>Tarihin, co\u011frafyan\u0131n ve \u015fehirlerin de bir ruhu vard\u0131r. Onlar da bizim gibi canl\u0131d\u0131rlar. D\u00fc\u015f\u00fcnmezler ama; d\u00fc\u015f\u00fcnd\u00fcr\u00fcrler, konu\u015fmazlar ama; konu\u015ftururlar. Do\u011farlar b\u00fcy\u00fcrler, geli\u015firler ve sava\u015f\u0131rlar, ecelleri gelince tarih sahnesinden tarihin haf\u0131zas\u0131na s\u0131\u011f\u0131narak lay\u0131k olduklar\u0131 yere \u00e7ekilirler.<\/p>\n<div class=\"readmore\"><\/div>\n<p>Baz\u0131 insanlar gibi tarihte, co\u011frafya da, \u015fehirler de zaman\u0131n rahminde mayalan\u0131r, topra\u011f\u0131n damarlar\u0131nda k\u00f6k sal\u0131r, bazen; g\u00f6z ya\u015f\u0131, bazen; \u00e7o\u015fkun bir nehir olur akar ve\u00a0 u\u011frad\u0131klar\u0131 her topra\u011f\u0131 ye\u015fertir, demirledikleri her limana hayat verir.<\/p>\n<p>\u0130nsanlar\u0131n ana kuca\u011f\u0131, baba oca\u011f\u0131 ve medeniyetlerin do\u011fdu\u011fu b\u00fcy\u00fcd\u00fc\u011f\u00fc, dal budak sald\u0131\u011f\u0131 g\u00f6z bebe\u011fi \u015fehirler vard\u0131r. \u0130stanbul 8 bin y\u0131ll\u0131k kadim tarihiyle \u0130slamla tan\u0131\u015f\u0131p Fatihe g\u00f6nl\u00fcn\u00fc kapt\u0131rm\u0131\u015f 1453 \u2018e kadar Kostantinepolis iken \u0130stanbul ile Osmanl\u0131n\u0131n nazl\u0131 gelini olmu\u015ftur.<\/p>\n<p>O tarihten bu tarihe kadar \u0130stanbul \u0130slam Medeniyetinin ve K\u00fclt\u00fcr\u00fcn\u00fcn ba\u015f\u015fehri ve \u015fehirlerin anas\u0131d\u0131r. \u015eimdi de; ayn\u0131 a\u015fk ve heyecanla \u015fehirlerin anas\u0131d\u0131r m\u00fcsl\u00fcmanlar\u0131n g\u00f6z\u00fcnde ve y\u00fcre\u011finde .<\/p>\n<p>Zulm\u00fc; 1453 ile ba\u015flatan T\u00fcrkiyedeki yerli m\u00fcnaf\u0131klar, d\u00f6nmeler, yerli ve yabanc\u0131 \u0130slam d\u00fc\u015fmanlar\u0131 T\u00fcrk Milletinin, \u0130slam \u00fcmmetinin bir par\u00e7as\u0131 de\u011fil, Osmanl\u0131 \u0130slam ordusunun \u00f6n\u00fcnde tesim olmu\u015f, Fatihin at\u0131n\u0131n nallar\u0131n\u0131 \u00f6pen ezik Bizans \u00e7ocuklar\u0131n\u0131n torunlar\u0131d\u0131r.<\/p>\n<p>Onlar\u0131n hazmedemedikleri nazl\u0131 Kostantinepolis gelinini yi\u011fit Osmanl\u0131ya kapt\u0131rmalar\u0131d\u0131r. \u0130\u00e7lerindeki 6 as\u0131rd\u0131r T\u00fcrk Milletine kar\u015f\u0131 dinmek bilmeyen \u00f6fkeleri, kinleri ve nefretlerinin sebebi Konstantinepolisin \u0130stanbul olmas\u0131 ve \u0130stanbul olarak kalmas\u0131d\u0131r.<\/p>\n<p>29 May\u0131s 1453\u2019ten bug\u00fcne kadar kudura kudura k\u00f6p\u00fcren ve bitmek bilmeyen T\u00fcrk ve \u0130slam d\u00fc\u015fmanl\u0131\u011f\u0131n\u0131n, bat\u0131l\u0131lar\u0131n milletimize ve devletimize kar\u015f\u0131 oynad\u0131klar\u0131 her a\u00e7\u0131k ve gizli hile, oyun ve sald\u0131r\u0131lar\u0131n\u0131n alt\u0131nda bu haz\u0131ms\u0131zl\u0131k vard\u0131r. Do\u011fu Roma \u0130mparatorlu\u011funun y\u0131k\u0131l\u0131p Osmanl\u0131 ordular\u0131n\u0131n bir kur\u015fun gibi Avrupa i\u00e7lerine ak\u0131n etmelerini, gittikleri her yerde \u00e7an seslerine yerine ezan seslerinin y\u00fckselmesi ha\u00e7l\u0131 zihniyetini, Bizans kal\u0131nt\u0131lar\u0131n\u0131 hala rahats\u0131z etmektedir.<\/p>\n<p>Bu \u00fclkede yap\u0131lan her darbenin, \u00e7\u0131kar\u0131lan olaylar\u0131n ve gerginliklerin arkas\u0131nda, mutlaka Bat\u0131l\u0131 Ha\u00e7l\u0131 g\u00fc\u00e7ler ve onlar\u0131n T\u00fcrkiyedeki ta\u015feronlar\u0131 var.<\/p>\n<p>Gezi kalk\u0131\u015fmas\u0131n\u0131 masum bir a\u011fa\u00e7 kesme meselesine kar\u015f\u0131 \u00e7\u0131k\u0131\u015f gibi g\u00f6steren sat\u0131lm\u0131\u015f medya, yazarlar, sanat\u00e7\u0131lar ve bat\u0131 d\u00fcnyas\u0131 e\u011fer o zaman ba\u015far\u0131l\u0131 olsa idi, \u0130stanbulu Amerikanc\u0131 islam\u0131n baiiehri yap\u0131p y\u00fcre\u011fi s\u00f6k\u00fclm\u00fc\u015f ruhsuz bir \u015fehir haline getireceklerdi. Olmad\u0131. Allah m\u00fcsaade etmedi.<\/p>\n<p>17-25 Aral\u0131k darbe giri\u015fimi ba\u015far\u0131l\u0131 olsa idi; T\u00fcrkiye ba\u015ftan ba\u015fa i\u015fgal edilecek ve bat\u0131 emperyalizmi kara bir bulutlar gibi tepemize \u00e7\u00f6kecek, Alpaslan\u0131n ve Fatihin \u00e7ocuklar\u0131ndan 1071\u2019in ve 1453\u2019\u00fcn intikam\u0131n\u0131 alacaklard\u0131.<\/p>\n<p>FET\u00d6\u2019 c\u00fcler 15 Temmuzda darbesinde ba\u015far\u0131l\u0131 olsayd\u0131; Amerika, \u0130ngiliz ve m\u00fcttefiklerinin askerleri Ortado\u011fuyu i\u015fgal plan\u0131n\u0131n bir par\u00e7as\u0131 olarak \u00f6nce T\u00fcrkiyeyi i\u015fgal edecek ve arkas\u0131ndan askeri, siyasi ve ekonomik olarak zaten i\u015fgal ettikleri Ortado\u011fuyu ba\u015ftan sona yeniden dizayn edeceklerdi.Gezi kalk\u0131\u015fmas\u0131nda;\u2019\u2019 Zul\u00fcm 1453 ile ba\u015flam\u0131\u015ft\u0131r\u2019\u2019 diye k\u0131\u00e7\u0131n\u0131 y\u0131rtanlar, bu kalk\u0131\u015fman\u0131n nereye varaca\u011f\u0131n\u0131 biliyorlard\u0131.<\/p>\n<p>\u0130mamo\u011flunun se\u00e7im mazbatas\u0131n\u0131 almas\u0131yla; \u2018\u2019Bir Pontuslu bizim yerimize Bizans\u2019\u0131n intikam\u0131n\u0131 alm\u0131\u015ft\u0131r\u2019\u2019 diyen Yunan Bas\u0131n\u0131ndan, Amerikan, Avrupa \u0130srail, Rum ve Yunan ordular\u0131 taraf\u0131ndan Do\u011fu Akdenizin, Egenin, Bat\u0131 Trakyan\u0131n karadan, denizden T\u00fcrkiyeyi ku\u015fatmas\u0131 bana \u0130stanbulun ve T\u00fcrkiyenin yeniden Bizans zihniyetine\u00a0 d\u00f6nd\u00fcr\u00fclmesini hat\u0131rlat\u0131yor.<\/p>\n<p>Erdo\u011fan ve Bah\u00e7elinin \u2018\u2019BEKA MESELES\u0130\u2019\u2019 dedikleri \u015fey; tamda bu i\u015fte. Yani; Aziz \u0130stanbul ile Kahpe Bizans\u2019\u0131n m\u00fccadelesi&#8230;Beka meselesi diye bir \u015fey yok diyenler ise; ya, i\u00e7tikleri rak\u0131n\u0131n tesirinden kurtulamayan sarho\u015flar veya ihanetin tam g\u00f6be\u011finde oturan hainlerdir.<\/p>\n<p>Bakmay\u0131n siz; Konstantinepolisin m\u00fccadelesini verenlerin; M\u00fcft\u00fckar\u0131s\u0131, Vaizk\u0131z\u0131, M\u00fcezzinsoylu veya bilmem ne o\u011fullar\u0131 soyad\u0131 ta\u015f\u0131d\u0131\u011f\u0131na\u2026 Bunlar\u0131n bir\u00e7o\u011fu yerli m\u00fcnaf\u0131klar\u0131n s\u0131\u011f\u0131nd\u0131\u011f\u0131 kamuflajlard\u0131r.<\/p>\n<p>\u0130stanbulun Kostantinepolis ile olan sava\u015f\u0131; 1071\u2019 de ba\u015flay\u0131p zaman\u0131m\u0131za kadar s\u00fcren; T\u00fcrk ve \u0130slamo\u011fullar\u0131n\u0131n H\u0131ristus ve Kostaso\u011fullar\u0131na kar\u015f\u0131 verdi\u011fi Hilal ve Hacc\u0131n m\u00fccadelsidir.<\/p>\n<p>Daha anlamad\u0131n m\u0131 M\u00fcsl\u00fcman! Bilmem ne \u2026o\u011fullar\u0131n\u0131n Kostantinepolis ve Bizans hayallerini, daha anlamad\u0131n m\u0131?<\/p>\n<p>Arif Altunba\u015f,\u00a0<a class=\"link_keywords\" style=\"color: #98171c\" title=\"Haber\" href=\"http:\/\/www.haber7.com\/\" target=\"_blank\" rel=\"noopener\">Haber<\/a>\u00a07<\/p>\n<\/div>\n<\/div>\n<\/div>\n<\/div>\n<\/div>\n<\/div>\n<\/div>\n","protected":false},"excerpt":{"rendered":"<p>Arif Altunba\u015f, Haber 7 Tarihin, co\u011frafyan\u0131n ve \u015fehirlerin de bir ruhu vard\u0131r. Onlar da bizim gibi canl\u0131d\u0131rlar. D\u00fc\u015f\u00fcnmezler ama; d\u00fc\u015f\u00fcnd\u00fcr\u00fcrler, konu\u015fmazlar ama; konu\u015ftururlar. Do\u011farlar b\u00fcy\u00fcrler, geli\u015firler ve sava\u015f\u0131rlar, ecelleri gelince tarih sahnesinden tarihin haf\u0131zas\u0131na s\u0131\u011f\u0131narak lay\u0131k olduklar\u0131 yere \u00e7ekilirler. Baz\u0131 insanlar gibi tarihte, co\u011frafya da, \u015fehirler de zaman\u0131n rahminde mayalan\u0131r, topra\u011f\u0131n damarlar\u0131nda k\u00f6k sal\u0131r, bazen; &hellip;<\/p>\n","protected":false},"author":2,"featured_media":45555,"comment_status":"open","ping_status":"open","sticky":false,"template":"","format":"standard","meta":{"om_disable_all_campaigns":false,"_themeisle_gutenberg_block_has_review":false,"_joinchat":[],"footnotes":""},"categories":[49,38,43],"tags":[],"class_list":["post-35410","post","type-post","status-publish","format-standard","has-post-thumbnail","","category-arif","category-guncel","category-yazarlar"],"_links":{"self":[{"href":"https:\/\/akincilardergisi.com\/tr\/wp-json\/wp\/v2\/posts\/35410","targetHints":{"allow":["GET"]}}],"collection":[{"href":"https:\/\/akincilardergisi.com\/tr\/wp-json\/wp\/v2\/posts"}],"about":[{"href":"https:\/\/akincilardergisi.com\/tr\/wp-json\/wp\/v2\/types\/post"}],"author":[{"embeddable":true,"href":"https:\/\/akincilardergisi.com\/tr\/wp-json\/wp\/v2\/users\/2"}],"replies":[{"embeddable":true,"href":"https:\/\/akincilardergisi.com\/tr\/wp-json\/wp\/v2\/comments?post=35410"}],"version-history":[{"count":0,"href":"https:\/\/akincilardergisi.com\/tr\/wp-json\/wp\/v2\/posts\/35410\/revisions"}],"wp:featuredmedia":[{"embeddable":true,"href":"https:\/\/akincilardergisi.com\/tr\/wp-json\/wp\/v2\/media\/45555"}],"wp:attachment":[{"href":"https:\/\/akincilardergisi.com\/tr\/wp-json\/wp\/v2\/media?parent=35410"}],"wp:term":[{"taxonomy":"category","embeddable":true,"href":"https:\/\/akincilardergisi.com\/tr\/wp-json\/wp\/v2\/categories?post=35410"},{"taxonomy":"post_tag","embeddable":true,"href":"https:\/\/akincilardergisi.com\/tr\/wp-json\/wp\/v2\/tags?post=35410"}],"curies":[{"name":"wp","href":"https:\/\/api.w.org\/{rel}","templated":true}]}}