{"id":35197,"date":"2019-06-01T00:14:54","date_gmt":"2019-05-31T21:14:54","guid":{"rendered":"http:\/\/akincilardergisi.com\/dergi\/?p=35197"},"modified":"2023-11-05T13:40:52","modified_gmt":"2023-11-05T10:40:52","slug":"beka-zeka-ve-ihanet-meselesi","status":"publish","type":"post","link":"https:\/\/akincilardergisi.com\/tr\/beka-zeka-ve-ihanet-meselesi\/","title":{"rendered":"Beka, zeka ve ihanet meselesi"},"content":{"rendered":"<div class=\"authors detail\">\n<div class=\"picture\"><a style=\"color: #000000\" title=\"Arif Altunba\u015f\" href=\"http:\/\/www.haber7.com\/yazarlar\/arif-altunbas\"><img decoding=\"async\" title=\"Beka, zeka ve ihanet meselesi\" src=\"http:\/\/i2.haber7.net\/haber7\/columnists\/\/bw\/905.png\" alt=\"Beka, zeka ve ihanet meselesi\" \/><\/a><\/div>\n<div class=\"content\">\n<div class=\"name\" style=\"font-weight: 500\"><a style=\"color: #000000\" title=\"Arif Altunba\u015f\" href=\"http:\/\/www.haber7.com\/yazarlar\/arif-altunbas\">Arif Altunba\u015f<\/a><\/div>\n<div class=\"social\"><\/div>\n<\/div>\n<\/div>\n<div class=\"news-detail\">\n<div class=\"article\">\n<div class=\"news-content\">\n<p>T\u00fcrkiyedeki her ihanetin, darbenin, darbecinin arkas\u0131nda milletimizin, tarihimizin, medeniyet ve k\u00fclt\u00fcr\u00fcm\u00fcz\u00fcn d\u00fc\u015fmanlar\u0131\u00a0 olan bat\u0131l\u0131 devletler ve istihbarat \u00f6rg\u00fctleri vard\u0131r. Bunlardan sonra yerli \u015fer g\u00fc\u00e7leri gelir.<\/p>\n<p>Bu \u015fer g\u00fc\u00e7lerin ba\u015f\u0131nda da CHP zihniyetinin do\u011furdu\u011fu, b\u00fcy\u00fctt\u00fc\u011f\u00fc PKK ve onun siyasi kanad\u0131 olan BDP vard\u0131r. Bunlar\u0131 da; makam\u0131na mevkiine, a\u015firetine, cemaatine, partisine ve liderlerine kul olanlar takip eder.<\/p>\n<p>\u0130stanbul Belediye ba\u015fkanl\u0131\u011f\u0131 se\u00e7imi iki as\u0131rd\u0131r bat\u0131ya ve bat\u0131 emperyalizmine kar\u015f\u0131 verilen bir m\u00fccadelenin sadece sembolik bir \u00f6rne\u011fidir.Bu meselede demokrat havalar\u0131na girmek, tarafs\u0131z rollere b\u00fcr\u00fcnmek, inkarc\u0131 bir sistemin adaletine ve himmetine s\u0131\u011f\u0131nmak bat\u0131n\u0131n \u00e7\u0131karlar\u0131na zagarl\u0131k yapmaktan ba\u015fka bir \u015fey de\u011fildir.<\/p>\n<p>Tanzimat Ferman\u0131yla ba\u015flayan, \u2018\u2019Bat\u0131l\u0131la\u015fma ve \u00e7a\u011fda\u015fla\u015fma\u2019\u2019 kamuflaj\u0131 alt\u0131nda millet ad\u0131na millete ihanet eden \u0130ttihat ve Terakki Hareketinin Osmanl\u0131 Devletini 11 y\u0131da da\u011f\u0131tmas\u0131yla sonu\u00e7lanan ve daha sonra bat\u0131l\u0131lar taraf\u0131ndan \u00f6ne \u00e7\u0131kar\u0131lan sinsi bir zihniyetin ad\u0131d\u0131r CHP.<\/p>\n<p>D\u00fcnyan\u0131n hi\u00e7bir yerinde bu zihniyet gibi kendi dinini, tarihini, co\u011frafyas\u0131n\u0131, milletini, k\u00fclt\u00fcr\u00fcn\u00fc ve medeniyetini inkar eden yabanc\u0131la\u015fm\u0131\u015f ba\u015fka bir hareket yoktur.<\/p>\n<p>600 y\u0131ll\u0131k Asya, Avrupa ve Afrikada hakimiyeti ku\u0131rmu\u015f, d\u00fcnyaya adalet nedir g\u00f6stermi\u015f olan bir imparatorlu\u011fun \u00e7ocuklar\u0131 oldu\u011funu red ve inkar edip k\u00f6klerinin bat\u0131ya uzand\u0131\u011f\u0131n\u0131 s\u00f6yleyen kendi \u00f6z\u00fcn\u00fc inkar eden ba\u015fka bir k\u00f6ks\u00fcz anlay\u0131\u015f g\u00f6remezsiniz d\u00fcnyada.<\/p>\n<p>Hi\u00e7bir devlette ve millette kendi tarihine ve k\u00fclt\u00fcr\u00fcne, kendi atalar\u0131na ve milletine kar\u015f\u0131 sava\u015fan bizdeki mankurtlar gibi k\u00f6le bir anlay\u0131\u015fa tutsak olmu\u015f ba\u015fka ku\u015faklar yoktur bizim tarihimizde. Ge\u00e7mi\u015fin her \u015feyine s\u00f6vmek, gelenin her pisli\u011fini, zulm\u00fcn\u00fc ve k\u00f6t\u00fcl\u00fc\u011f\u00fcn\u00fc \u00f6vmek beyinleri y\u0131kanm\u0131\u015f \u015fuursuzlar\u0131n i\u015fidir.<\/p>\n<p>Darbeci despotlar adaleti sadece kendi g\u00f6r\u00fc\u015f\u00fc ve hayat tarzlar\u0131n\u0131 ya\u015fatmak i\u00e7in isteyen, d\u00fc\u015fmanlar\u0131na \u00f6zenen, ona a\u015f\u0131k olan, onu taklit eden, ona u\u015fakl\u0131\u011f\u0131 efendilik, kendi medeniyet ve k\u00fclt\u00fcr\u00fcne kar\u015f\u0131 olmay\u0131 \u00e7a\u011fda\u015fl\u0131k\u00a0 sanan bir anlay\u0131\u015f ve yakla\u015f\u0131m ancak s\u00f6m\u00fcrge tipi e\u011fitim g\u00f6ren \u00fclkelerde yeti\u015fen nesillerde raslan\u0131r.<\/p>\n<p>Cumhuriyetin kurulu\u015fu ile birlikte T\u00fcrkiye i\u00e7inde CHP zihniyeti ve anlay\u0131\u015f\u0131yla yeti\u015ftirilen\u00a0 bu ku\u015faklar ve nesiller zamanla devlet politikas\u0131 ve ideolojisi haline getirilen kolonyalist bir bat\u0131 zihniyetin yeti\u015ftirdi\u011fi nesillerdir..<\/p>\n<p>Bu ideolojik k\u00f6rl\u00fc\u011f\u00fcn bug\u00fcn de \u00fclkemizde CHP zihniyet olarak ya\u015fad\u0131\u011f\u0131na \u015fahitiz. Bat\u0131 medeniyetini referans kayna\u011f\u0131 olarak alan, bat\u0131y\u0131 k\u0131ble edinen bu inkarc\u0131 anlay\u0131\u015f bug\u00fcn; Egede, Do\u011fu Akdenizde, Kuzey Suriyede Irakta T\u00fcrkiyeyi ku\u015fatan bir ablukay\u0131 g\u00f6remeyecek k\u00f6rl\u00fcktedir. Devlet ve millet olarak verdi\u011fimiz m\u00fccadelenin, \u2018\u2019Beka Meselesi de\u011fil,\u2019\u2019 \u2018\u2019Zeka Meselesi\u2019\u2019 oldu\u011funu s\u00f6yleyecek kadar al\u00e7al\u0131p seviyesizle\u015fti\u011fini ibretle g\u00f6r\u00fcyoruz.<\/p>\n<p>Bu k\u00f6k\u00fc bat\u0131ya dayanan ucu ihanete uzanan ithal anlay\u0131\u015f daha \u00e7ok T\u00fcrkiyenin ba\u015f\u0131n\u0131 a\u011fr\u0131tmaya devam edecektir. Ta ki, onlara oy verip destekleyen samimi insanlar oyuna geldiklerini, bir mankurtlar ordusuyla beraber olduklar\u0131n\u0131 anlay\u0131ncaya kadar&#8230;<\/p>\n<p>Beka Meselesinde \u2018\u2019Gezi\u2019\u2019 olaylar\u0131nda oldu\u011fu gibi en b\u00fcy\u00fck sorun, T\u00fcrkiyeyi i\u00e7eriden vuracak olan gafiler ve cahillerdir. Midesinden d\u00fc\u015f\u00fcnen, ba\u011f\u0131rsaklar\u0131ndan konu\u015fan bu sat\u0131lm\u0131\u015f zihniyetin yeti\u015ftirdi\u011fi mankurtlar olan\u00a0 bu gafiller T\u00fcrkiyenin en yumu\u015fak karn\u0131d\u0131r. Tehlike d\u0131\u015far\u0131da oldu\u011fu kadar i\u00e7eridedir, kalemizin i\u00e7inde&#8230;<\/p>\n<p>T\u00fcrkiyenin bir zeka sorunu yoktur.Ama, Beka Meselesinden daha acil ve ileri bir ihanetle kar\u015f\u0131 kar\u015f\u0131ya olma sorunu vard\u0131r. Bu askeri ve sivil darbeler ve darbeciler \u00fcreten CHP zihniyetinin kendisidir.<\/p>\n<p>Bunlar; Amerkan d\u00fc\u015fman\u0131 olup, ABD\u2019 ye u\u015fakl\u0131k yapanlar, bunlar; ba\u011f\u0131ms\u0131zl\u0131k ve \u00f6zg\u00fcrl\u00fck iddias\u0131nda olup, ba\u011f\u0131m\u0131s\u0131zl\u0131k ve \u00f6zg\u00fcrl\u00fck m\u00fccadelemize kar\u015f\u0131 \u00e7\u0131kanlard\u0131r. Yani; bunlar ihanetin oca\u011f\u0131nda t\u00fcten kapkara dumanlard\u0131r.<\/p>\n<p><strong style=\"font-weight: bold\">Arif Altunba\u015f,\u00a0<a class=\"link_keywords\" style=\"color: #98171c\" title=\"Haber\" href=\"http:\/\/www.haber7.com\/\" target=\"_blank\" rel=\"noopener\">Haber<\/a>\u00a07<\/strong><\/p>\n<\/div>\n<\/div>\n<\/div>\n<div class=\"comments\"><\/div>\n","protected":false},"excerpt":{"rendered":"<p>Arif Altunba\u015f T\u00fcrkiyedeki her ihanetin, darbenin, darbecinin arkas\u0131nda milletimizin, tarihimizin, medeniyet ve k\u00fclt\u00fcr\u00fcm\u00fcz\u00fcn d\u00fc\u015fmanlar\u0131\u00a0 olan bat\u0131l\u0131 devletler ve istihbarat \u00f6rg\u00fctleri vard\u0131r. Bunlardan sonra yerli \u015fer g\u00fc\u00e7leri gelir. Bu \u015fer g\u00fc\u00e7lerin ba\u015f\u0131nda da CHP zihniyetinin do\u011furdu\u011fu, b\u00fcy\u00fctt\u00fc\u011f\u00fc PKK ve onun siyasi kanad\u0131 olan BDP vard\u0131r. Bunlar\u0131 da; makam\u0131na mevkiine, a\u015firetine, cemaatine, partisine ve liderlerine kul olanlar &hellip;<\/p>\n","protected":false},"author":2,"featured_media":45555,"comment_status":"open","ping_status":"open","sticky":false,"template":"","format":"standard","meta":{"om_disable_all_campaigns":false,"_themeisle_gutenberg_block_has_review":false,"_joinchat":[],"footnotes":""},"categories":[49,38,43],"tags":[],"class_list":["post-35197","post","type-post","status-publish","format-standard","has-post-thumbnail","","category-arif","category-guncel","category-yazarlar"],"_links":{"self":[{"href":"https:\/\/akincilardergisi.com\/tr\/wp-json\/wp\/v2\/posts\/35197","targetHints":{"allow":["GET"]}}],"collection":[{"href":"https:\/\/akincilardergisi.com\/tr\/wp-json\/wp\/v2\/posts"}],"about":[{"href":"https:\/\/akincilardergisi.com\/tr\/wp-json\/wp\/v2\/types\/post"}],"author":[{"embeddable":true,"href":"https:\/\/akincilardergisi.com\/tr\/wp-json\/wp\/v2\/users\/2"}],"replies":[{"embeddable":true,"href":"https:\/\/akincilardergisi.com\/tr\/wp-json\/wp\/v2\/comments?post=35197"}],"version-history":[{"count":0,"href":"https:\/\/akincilardergisi.com\/tr\/wp-json\/wp\/v2\/posts\/35197\/revisions"}],"wp:featuredmedia":[{"embeddable":true,"href":"https:\/\/akincilardergisi.com\/tr\/wp-json\/wp\/v2\/media\/45555"}],"wp:attachment":[{"href":"https:\/\/akincilardergisi.com\/tr\/wp-json\/wp\/v2\/media?parent=35197"}],"wp:term":[{"taxonomy":"category","embeddable":true,"href":"https:\/\/akincilardergisi.com\/tr\/wp-json\/wp\/v2\/categories?post=35197"},{"taxonomy":"post_tag","embeddable":true,"href":"https:\/\/akincilardergisi.com\/tr\/wp-json\/wp\/v2\/tags?post=35197"}],"curies":[{"name":"wp","href":"https:\/\/api.w.org\/{rel}","templated":true}]}}