{"id":34864,"date":"2019-05-17T00:00:56","date_gmt":"2019-05-16T21:00:56","guid":{"rendered":"http:\/\/akincilardergisi.com\/dergi\/?p=34864"},"modified":"2023-11-05T13:25:30","modified_gmt":"2023-11-05T10:25:30","slug":"turkiyenin-yeni-partnerleri","status":"publish","type":"post","link":"https:\/\/akincilardergisi.com\/tr\/turkiyenin-yeni-partnerleri\/","title":{"rendered":"T\u00dcRK\u0130YE&#8217;N\u0130N YEN\u0130 PARTNERLER\u0130"},"content":{"rendered":"<p style=\"text-align: justify\">15 Temmuz&#8217;un i\u00e7inden de NATO-ABD-BATI \u00e7\u0131k\u0131nca T\u00fcrkiye hepten g\u00f6z\u00fcn\u00fc Bat\u0131&#8217;dan \u00e7evirdi, kendine partner olarak AVRASYA-\u00c7\u0130N-\u0130RAN-RUSYA blo\u011funu se\u00e7ti. S\u00f6ylem ve eylemleriyle de bunu g\u00f6sterdi.<\/p>\n<p style=\"text-align: justify\">O g\u00fcnden sonra yelken a\u00e7\u0131lacak saha BATI de\u011fil DO\u011eU&#8217;DAN gelen ve ileride s\u00fcper g\u00fc\u00e7 olaca\u011f\u0131 konu\u015fulan \u00c7\u0130N oldu.<\/p>\n<p style=\"text-align: justify\">65 \u00fclkeyi kapsayacak olan ve ge\u00e7ece\u011fi her yerin de\u011ferini kat be kat artt\u0131racak KU\u015eAK-YOL PROJES\u0130 (\u0130PEK YOLU) yeni g\u00f6zde oldu. Onun i\u00e7indir ki ABD kesinlikle ama kesinlikle \u0130PEK YOLU&#8217;nu istemiyor.<\/p>\n<p style=\"text-align: justify\">ABD&#8217;yi \u00c7in ile sava\u015f haline getirten neden de bu.<\/p>\n<p style=\"text-align: justify\">ABD&#8217;yi \u00c7in ile burun buruna getiren en b\u00fcy\u00fck nedenlerden biri de \u00c7in&#8217;in Akdeniz&#8217;e kadar gelmek istemesi. Akdeniz yeni enerji sahas\u0131 \u00e7\u00fcnk\u00fc. Her b\u00fcy\u00fck \u00fclkenin gemileri puzzle&#8217;den par\u00e7a kapmak i\u00e7in Akdeniz&#8217;de.<\/p>\n<p style=\"text-align: justify\">Haliyle T\u00fcrkiye de Akdeniz&#8217;de. T\u00fcrk Bayrakl\u0131 gemiler enerji i\u00e7in sahada.<\/p>\n<p style=\"text-align: justify\">T\u00fcrkiye hem AVRASYA&#8217;DA hem SUR\u0130YE&#8217;de hem de AKDEN\u0130Z&#8217;de RUSYA-\u00c7\u0130N-\u0130RAN ile ilerliyor. ABD&#8217;nin yapm\u0131\u015f oldu\u011fu sald\u0131rgan diplomatik ve askeri hareketler T\u00fcrkiyeyi ABD&#8217;den hayli uzakla\u015ft\u0131rd\u0131.<\/p>\n<p style=\"text-align: justify\">Ama T\u00fcrkiye, ABD i\u00e7in asla yaln\u0131z ba\u015f\u0131na b\u0131rak\u0131lacak, kontrolden kaybedilecek bir \u00fclke de\u011fildir. 15 Temmuz&#8217;u ba\u015faramay\u0131nca bunu daha iyi anlad\u0131lar. 15 Temmuzdan sonra devletin her kademesindeki kontrol noktalar\u0131n\u0131 kaybedince ve yerli ve milli siyaset adamlar\u0131n\u0131n karar mekanizmas\u0131n\u0131n ba\u015f\u0131na ge\u00e7ince ABD, T\u00fcrkiye&#8217;yi sisli bir havan\u0131n i\u00e7inde kaybetti.<\/p>\n<p style=\"text-align: justify\">Bir daha da kolay bulamayacak gibi. \u00d6yle ki T\u00fcrkiye, kendi \u00e7\u0131karlar\u0131 i\u00e7in yapmas\u0131 gerekeni yapmakta. ABD&#8217;nin d\u00fcmen suyuna gitmek istemeyen T\u00fcrkiye bu s\u00fcre\u00e7te \u00e7ok b\u00fcy\u00fck T\u00fcb\u00fclanlarla kar\u015f\u0131la\u015ft\u0131. Hem ekonomik hem de siyasi.<\/p>\n<p style=\"text-align: justify\">Dolara ba\u011f\u0131ml\u0131 olan bir T\u00fcrkiye&#8217;yi dolarla s\u0131k\u0131\u015ft\u0131rmaya \u00e7al\u0131\u015ft\u0131lar. S\u0131n\u0131rda ter\u00f6rle bezdirmeye \u00e7al\u0131\u015ft\u0131lar, hala da devam ediyorlar. \u00c7\u0130N-VENEZ\u00dcELA-RUSYA-\u0130RAN gibi partnerlerini ka\u015f\u0131maya ba\u015flad\u0131lar. Ama T\u00fcrkiye hi\u00e7birisine boyun e\u011fmedi. Sonucu ne olursa olsun yol benim yolum dedi. Ben kendi ba\u015f\u0131ma kararlar ald\u0131ktan sonra hangi taraf olursa olsun herkes benim kap\u0131m\u0131 \u00e7almak zorunda dedi.<\/p>\n<p style=\"text-align: justify\">\u015eimdiye kadar da \u00f6yle oldu. AVRASYA-\u00c7\u0130N-RUSYA-\u0130RAN T\u00fcrkiye&#8217;nin politikalar\u0131na yak\u0131n bir politika izlemekte. \u00c7\u00fcnk\u00fc bu blok ABD&#8217;nin elbet kar\u015f\u0131lar\u0131na \u00e7\u0131kaca\u011f\u0131n\u0131 biliyordu. T\u00fcrkiye gibi bir m\u00fcttefikin etraf\u0131nda birle\u015ferek demir bir yumruk olu\u015fturma herkesin i\u015fine gelirdi.<\/p>\n<p style=\"text-align: justify\">Ancak bu durum on bin kilometre \u00f6tedeki PENTAGON g\u00fcd\u00fcml\u00fc ABD&#8217;yi durduracak anlam\u0131na gelmez. Aksine daha da sald\u0131rganla\u015farak geliyorlar. Kaybedecek bir \u015feyleri yok \u00e7\u00fcnk\u00fc. Zaten yapt\u0131klar\u0131na bak\u0131l\u0131rsa \u00e7ok a\u00e7\u0131k ortada.<\/p>\n<p style=\"text-align: justify\">FRANSA&#8217;n\u0131n ter\u00f6rle dizginlerini ele ge\u00e7irmek istemeleri, Fransa&#8217;y\u0131 Afrika&#8217;dan atmak istemeleri, SR\u0130 LANKA&#8217;daki iki camiye d\u00fczenlenen sald\u0131r\u0131n\u0131n as\u0131l hedefinin \u00c7\u0130N olmas\u0131, Venez\u00fcela&#8217;da 15 Temmuz benzeri darbe giri\u015fiminde bulunmalar\u0131, hemen s\u0131n\u0131r\u0131m\u0131zda K\u00fcrt Koridoru ile Akdeniz&#8217;e yol a\u00e7mak istemeleri bunun en b\u00fcy\u00fck g\u00f6stergesi.<\/p>\n<p style=\"text-align: justify\">Bir de \u0130STANBUL se\u00e7imleri var tabi. Ama ilk ad\u0131mlar\u0131 tutmad\u0131. YSK yeniden se\u00e7im karar\u0131 verdi. 23 Haziran&#8217;da \u0130stanbul&#8217;da yeniden se\u00e7ime gidilecek. Asl\u0131nda \u0130stanbul, ABD i\u00e7in \u00f6nemli bir merkez. \u0130stanbul&#8217;un ba\u015f\u0131nda kendileri gibi d\u00fc\u015f\u00fcnen bir akl\u0131n, ak\u0131m\u0131n olmas\u0131n\u0131 isterler.<\/p>\n<p style=\"text-align: justify\">Sonu\u00e7 olarak buralarda b\u00fcy\u00fck amac\u0131 olanlar, ne i\u00e7eride ne de d\u0131\u015far\u0131da T\u00fcrkiyeyi bo\u015f b\u0131rakmazlar. T\u00fcrkiye de bunu bildi\u011fi i\u00e7in olduk\u00e7a temkinli ve ad\u0131mlar\u0131n\u0131 da ona g\u00f6re at\u0131yor. Kap\u0131m\u0131z\u0131 \u00e7alacak onlar, karar verecek olan biziz, onlar d\u00fc\u015f\u00fcns\u00fcn&#8230;<\/p>\n<p style=\"text-align: justify\">Selam ve dua ile&#8230;<\/p>\n<p style=\"text-align: justify\"><strong>\u0130BRAH\u0130M YAVUZ<\/strong><\/p>\n","protected":false},"excerpt":{"rendered":"<p>15 Temmuz&#8217;un i\u00e7inden de NATO-ABD-BATI \u00e7\u0131k\u0131nca T\u00fcrkiye hepten g\u00f6z\u00fcn\u00fc Bat\u0131&#8217;dan \u00e7evirdi, kendine partner olarak AVRASYA-\u00c7\u0130N-\u0130RAN-RUSYA blo\u011funu se\u00e7ti. S\u00f6ylem ve eylemleriyle de bunu g\u00f6sterdi. O g\u00fcnden sonra yelken a\u00e7\u0131lacak saha BATI de\u011fil DO\u011eU&#8217;DAN gelen ve ileride s\u00fcper g\u00fc\u00e7 olaca\u011f\u0131 konu\u015fulan \u00c7\u0130N oldu. 65 \u00fclkeyi kapsayacak olan ve ge\u00e7ece\u011fi her yerin de\u011ferini kat be kat artt\u0131racak KU\u015eAK-YOL &hellip;<\/p>\n","protected":false},"author":20,"featured_media":48521,"comment_status":"open","ping_status":"open","sticky":false,"template":"","format":"standard","meta":{"om_disable_all_campaigns":false,"_themeisle_gutenberg_block_has_review":false,"_joinchat":[],"footnotes":""},"categories":[38,57,43],"tags":[],"class_list":["post-34864","post","type-post","status-publish","format-standard","has-post-thumbnail","","category-guncel","category-ibrahim","category-yazarlar"],"_links":{"self":[{"href":"https:\/\/akincilardergisi.com\/tr\/wp-json\/wp\/v2\/posts\/34864","targetHints":{"allow":["GET"]}}],"collection":[{"href":"https:\/\/akincilardergisi.com\/tr\/wp-json\/wp\/v2\/posts"}],"about":[{"href":"https:\/\/akincilardergisi.com\/tr\/wp-json\/wp\/v2\/types\/post"}],"author":[{"embeddable":true,"href":"https:\/\/akincilardergisi.com\/tr\/wp-json\/wp\/v2\/users\/20"}],"replies":[{"embeddable":true,"href":"https:\/\/akincilardergisi.com\/tr\/wp-json\/wp\/v2\/comments?post=34864"}],"version-history":[{"count":0,"href":"https:\/\/akincilardergisi.com\/tr\/wp-json\/wp\/v2\/posts\/34864\/revisions"}],"wp:featuredmedia":[{"embeddable":true,"href":"https:\/\/akincilardergisi.com\/tr\/wp-json\/wp\/v2\/media\/48521"}],"wp:attachment":[{"href":"https:\/\/akincilardergisi.com\/tr\/wp-json\/wp\/v2\/media?parent=34864"}],"wp:term":[{"taxonomy":"category","embeddable":true,"href":"https:\/\/akincilardergisi.com\/tr\/wp-json\/wp\/v2\/categories?post=34864"},{"taxonomy":"post_tag","embeddable":true,"href":"https:\/\/akincilardergisi.com\/tr\/wp-json\/wp\/v2\/tags?post=34864"}],"curies":[{"name":"wp","href":"https:\/\/api.w.org\/{rel}","templated":true}]}}