{"id":34700,"date":"2019-05-08T00:00:56","date_gmt":"2019-05-07T21:00:56","guid":{"rendered":"http:\/\/akincilardergisi.com\/dergi\/?p=34700"},"modified":"2023-11-05T13:25:31","modified_gmt":"2023-11-05T10:25:31","slug":"cilingir-2","status":"publish","type":"post","link":"https:\/\/akincilardergisi.com\/tr\/cilingir-2\/","title":{"rendered":"\u00c7\u0130L\u0130NG\u0130R -2-"},"content":{"rendered":"<p style=\"text-align: justify\">2002&#8217;de Tayyip Bey ve Abdullah G\u00fcl Ak Partiyi kurdular. Art\u0131k sahnede onlar vard\u0131. Necmettin Erbakan bayra\u011f\u0131 onlara devretmi\u015fti. Onlar farkl\u0131 bir yoldan gidiyor gibi g\u00f6r\u00fcneceklerdi, asl\u0131nda ayn\u0131 yoldan gidiyorlard\u0131. Ama ayr\u0131 yoldan gidiyor gibi g\u00f6r\u00fcnmeleri laz\u0131md\u0131.<\/p>\n<p style=\"text-align: justify\">T\u00fcrkiye&#8217;nin g\u00fcc\u00fc hen\u00fcz \u015fimdi oldu\u011fu kadar yerinde de\u011fildi. Bunun i\u00e7in ABD&#8217;nin politikalar\u0131na yak\u0131n bir politika izlemek gerekti\u011fini \u00e7ok iyi biliyorlard\u0131. K\u00f6pr\u00fcy\u00fc ge\u00e7ene kadar ay\u0131ya day\u0131 deme hikayesi yani.<\/p>\n<p style=\"text-align: justify\">Derin T\u00fcrk Heyeti&#8217;nin \u00e7izdi\u011fi yoldan ilerliyorlard\u0131. Yerli ve milli politika ekseninde gittikleri anla\u015f\u0131l\u0131nca as\u0131l m\u00fccadele o zaman ba\u015flayacakt\u0131. Sanki Ak Parti&#8217;nin ba\u015f\u0131na gelenler ya nedendi? S\u0131rf bu y\u00fczdendi.<\/p>\n<p style=\"text-align: justify\">Recep Tayyip Erdo\u011fan&#8217;\u0131 \u015fiir okudu\u011fu i\u00e7in hapse atmad\u0131lar m\u0131? Att\u0131lar. Ak Parti&#8217;ye kapatma davas\u0131 a\u00e7mad\u0131lar m\u0131? A\u00e7t\u0131lar. -E muht\u0131ra vermediler mi? Verdiler&#8230; Ama Ak Parti, b\u00fct\u00fcn d\u0131\u015f odakl\u0131 planlar\u0131n hepsini o zaman i\u00e7in Ba\u015fbakan olan Erdo\u011fan&#8217;\u0131n ferasetli duru\u015fuyla bozdu.<\/p>\n<p style=\"text-align: justify\">2007&#8217;de kendisinin Ba\u015fbakan oldu\u011fu d\u00f6nemde, yol arkada\u015f\u0131 Abdullah G\u00fcl&#8217;\u00fc partisinin toplant\u0131s\u0131nda Cumhurba\u015fkan\u0131 olarak duyurdu. Kendisinin g\u00f6reve gelmesi i\u00e7in biraz daha zaman gerekiyordu. M\u00fccadelenin en korlu saflar\u0131 yakla\u015f\u0131yordu. Biraz daha beklemek gerekti.<\/p>\n<p style=\"text-align: justify\">Bir yandan s\u0131n\u0131rlar\u0131m\u0131z kaynamaya ba\u015fl\u0131yordu. 2011&#8217;de Tunus&#8217;ta ba\u015flayan ve daha sonra Suriye&#8217;ye ta\u015f\u0131nan Arap Bahar\u0131 o g\u00fcnden bug\u00fcne Orta Do\u011fu&#8217;yu param par\u00e7a etti. T\u00fcrkiye, Suriye&#8217;deki olaylar\u0131n i\u00e7ine \u00e7ekilmeye \u00e7al\u0131\u015f\u0131ld\u0131. Ama T\u00fcrkiye bu oyuna gelmedi.<\/p>\n<p style=\"text-align: justify\">\u0130lk \u00f6nce her \u015feyi diplomatik olarak y\u00fcr\u00fctmeye \u00e7al\u0131\u015ft\u0131. Ama i\u015fler bamba\u015fka noktaya geldi. Esad&#8217;l\u0131 \u015eam Rejimi kendi vatanda\u015flar\u0131n\u0131 yak\u0131p yok ediyordu. Suriye&#8217;den ka\u00e7\u0131p gelmek zorunda olan milyonlarca Suriye&#8217;li T\u00fcrkiye&#8217;nin s\u0131n\u0131rlar\u0131na dayand\u0131.<\/p>\n<p style=\"text-align: justify\">T\u00fcrkiye de elbette s\u0131rt\u0131n\u0131 d\u00f6nemezdi mazlumlara. Hem sivil olarak hem de askeri olarak sahaya inmenin vakti geliyordu.<\/p>\n<p style=\"text-align: justify\">Hemen i\u00e7eriye d\u00f6nelim&#8230; T\u00fcrkiye tarihte belki de hi\u00e7 kar\u015f\u0131 kar\u015f\u0131ya kal\u0131nmayacak, bir ihanet \u015febekesinin, y\u0131llard\u0131r uyuttu\u011fu h\u00fccrelerini uyand\u0131rmas\u0131yla b\u00fcy\u00fck bir darbe giri\u015fimi ile kar\u015f\u0131 kar\u015f\u0131ya geldi.<\/p>\n<p style=\"text-align: justify\">Ama\u00e7 kendi rotas\u0131nda ilerleyen T\u00fcrkiye&#8217;nin rotas\u0131n\u0131 de\u011fi\u015ftirmekti. Ama ba\u015faramad\u0131lar. Bu milletin liderinin feraseti ve milletin ta kendisinin meydanlar\u0131 bo\u015f b\u0131rakmamas\u0131yla sabaha kadar darbe giri\u015fimini savu\u015fturdu. T\u00fcrkiye bu sava\u015f\u0131 sadece bir \u00f6rg\u00fcte kar\u015f\u0131 kazanmam\u0131\u015ft\u0131. ABD&#8217;ye kar\u015f\u0131 kazanm\u0131\u015ft\u0131, NATO&#8217;ya kar\u015f\u0131 kazanm\u0131\u015ft\u0131, k\u0131sacas\u0131 bu topraklar \u00fczerinde g\u00f6z\u00fc olanlar\u0131n hepsine kar\u015f\u0131 kazanm\u0131\u015ft\u0131&#8230;<\/p>\n<p style=\"text-align: justify\">Daha bu darbeci askerlerin temizlenme i\u015fleri y\u00fcr\u00fcrken, T\u00fcrkiye askerini Suriye&#8217;ye soktu. \u015eimdi cevap verme s\u0131ras\u0131 sahadayd\u0131. Ama\u00e7lar\u0131na asla ula\u015famayacaklar\u0131n\u0131 anlamalar\u0131 gerekiyordu.<\/p>\n<p style=\"text-align: justify\">F\u0131rat Kalkan\u0131 Harekat\u0131 ve Afrin Operasyonu ile \u00e7ok b\u00fcy\u00fck bir mesaj verildi. Daha sonra \u0130dlib&#8217;te yap\u0131lan diplomatik zirveler \u00f6zellikle Rusya ile T\u00fcrkiye aras\u0131nda b\u00fcy\u00fck bir yak\u0131nl\u0131\u011fa sebep oldu.<\/p>\n<p style=\"text-align: justify\">T\u00fcrkiye&#8217;nin de b\u00f6lgede bir partnere ihtiyac\u0131 vard\u0131, o partnerler de Rusya ve tabiki b\u00f6lgenin demirba\u015f \u00fclkelerinden biri olan \u0130ran oldu. \u0130ran&#8217;\u0131n s\u00fctten a\u011fz\u0131 yand\u0131\u011f\u0131 i\u00e7in, yo\u011furdu \u015fimdi \u00fcfleyerek yiyor. Hem Rusya hem de \u0130ran b\u00f6lgede T\u00fcrkiyesiz bir \u00e7\u00f6z\u00fcm\u00fcn olmayaca\u011f\u0131n\u0131n fark\u0131nda.<\/p>\n<p style=\"text-align: justify\">ABD de fark\u0131nda ancak ABD&#8217;nin derin kolu DER\u0130N ABD-PENTAGON ortakl\u0131k kesinlikle istemiyor. Her \u015fey tek bir elde yani kendisinde toplans\u0131n istiyor. Tabi bu da b\u00f6lgede pastadan pay kapmak isteyenlerin de oldu\u011fu d\u00fc\u015f\u00fcn\u00fcld\u00fc\u011f\u00fcnde pek m\u00fcmk\u00fcn g\u00f6r\u00fcnm\u00fcyor&#8230;<\/p>\n<p style=\"text-align: justify\">K\u0131sacas\u0131 m\u00fccadele \u015fimdi hemen burnumuzun dibinde. Hem i\u00e7eride hem d\u0131\u015far\u0131da. Bunun en s\u0131cak noktas\u0131 i\u00e7eride \u0130stanbul \u00fczerinden, d\u0131\u015far\u0131da ise Suriye \u00fczerinden, Akdeniz \u00fczerinden, uzaklardan \u00c7in \u00fczerinden, Avrasya \u00fczerinden\u00a0 ya\u015fan\u0131yor&#8230;<\/p>\n<p style=\"text-align: justify\">Buna da cumaya de\u011finelim&#8230;<\/p>\n<p style=\"text-align: justify\">Selam ve dua ile&#8230;<\/p>\n<p style=\"text-align: justify\"><strong>\u0130BRAH\u0130M YAVUZ<\/strong><\/p>\n","protected":false},"excerpt":{"rendered":"<p>2002&#8217;de Tayyip Bey ve Abdullah G\u00fcl Ak Partiyi kurdular. Art\u0131k sahnede onlar vard\u0131. Necmettin Erbakan bayra\u011f\u0131 onlara devretmi\u015fti. Onlar farkl\u0131 bir yoldan gidiyor gibi g\u00f6r\u00fcneceklerdi, asl\u0131nda ayn\u0131 yoldan gidiyorlard\u0131. Ama ayr\u0131 yoldan gidiyor gibi g\u00f6r\u00fcnmeleri laz\u0131md\u0131. T\u00fcrkiye&#8217;nin g\u00fcc\u00fc hen\u00fcz \u015fimdi oldu\u011fu kadar yerinde de\u011fildi. Bunun i\u00e7in ABD&#8217;nin politikalar\u0131na yak\u0131n bir politika izlemek gerekti\u011fini \u00e7ok iyi &hellip;<\/p>\n","protected":false},"author":20,"featured_media":48521,"comment_status":"open","ping_status":"open","sticky":false,"template":"","format":"standard","meta":{"om_disable_all_campaigns":false,"_themeisle_gutenberg_block_has_review":false,"_joinchat":[],"footnotes":""},"categories":[38,57,43],"tags":[],"class_list":["post-34700","post","type-post","status-publish","format-standard","has-post-thumbnail","","category-guncel","category-ibrahim","category-yazarlar"],"_links":{"self":[{"href":"https:\/\/akincilardergisi.com\/tr\/wp-json\/wp\/v2\/posts\/34700","targetHints":{"allow":["GET"]}}],"collection":[{"href":"https:\/\/akincilardergisi.com\/tr\/wp-json\/wp\/v2\/posts"}],"about":[{"href":"https:\/\/akincilardergisi.com\/tr\/wp-json\/wp\/v2\/types\/post"}],"author":[{"embeddable":true,"href":"https:\/\/akincilardergisi.com\/tr\/wp-json\/wp\/v2\/users\/20"}],"replies":[{"embeddable":true,"href":"https:\/\/akincilardergisi.com\/tr\/wp-json\/wp\/v2\/comments?post=34700"}],"version-history":[{"count":0,"href":"https:\/\/akincilardergisi.com\/tr\/wp-json\/wp\/v2\/posts\/34700\/revisions"}],"wp:featuredmedia":[{"embeddable":true,"href":"https:\/\/akincilardergisi.com\/tr\/wp-json\/wp\/v2\/media\/48521"}],"wp:attachment":[{"href":"https:\/\/akincilardergisi.com\/tr\/wp-json\/wp\/v2\/media?parent=34700"}],"wp:term":[{"taxonomy":"category","embeddable":true,"href":"https:\/\/akincilardergisi.com\/tr\/wp-json\/wp\/v2\/categories?post=34700"},{"taxonomy":"post_tag","embeddable":true,"href":"https:\/\/akincilardergisi.com\/tr\/wp-json\/wp\/v2\/tags?post=34700"}],"curies":[{"name":"wp","href":"https:\/\/api.w.org\/{rel}","templated":true}]}}