{"id":34665,"date":"2019-05-06T09:32:29","date_gmt":"2019-05-06T06:32:29","guid":{"rendered":"http:\/\/akincilardergisi.com\/dergi\/?p=34665"},"modified":"2023-11-07T12:01:33","modified_gmt":"2023-11-07T09:01:33","slug":"ramazani-kurtarmak-ramazanla-kurtulmak","status":"publish","type":"post","link":"https:\/\/akincilardergisi.com\/tr\/ramazani-kurtarmak-ramazanla-kurtulmak\/","title":{"rendered":"RAMAZAN\u2019I KURTARMAK  RAMAZANLA KURTULMAK"},"content":{"rendered":"<p style=\"text-align: justify\"><span style=\"font-weight: inherit;font-style: inherit;color: inherit\">Yine yeni bir Ramazan ay\u0131na kavu\u015fman\u0131n heyecan\u0131 i\u00e7erisindeyiz. Aziz milletimizin Ramazan ay\u0131 m\u00fcbarek olsun, bizleri m\u00fcbarek k\u0131ls\u0131n. Ramazan ay\u0131 bizleri nas\u0131l m\u00fcbarek k\u0131ls\u0131n? Ramazan ay\u0131na ve onun getirmi\u015f oldu\u011fu ar\u0131 duru pak mesaja teslim oldu\u011fumuzda\/ teslim olmak i\u00e7in samimi gayret g\u00f6sterdi\u011fimizde i\u00e7inde bulundu\u011fumuz ay elbette bizleri m\u00fcbarek k\u0131lacakt\u0131r.<\/span><\/p>\n<p style=\"text-align: justify\"><span style=\"font-weight: inherit;font-style: inherit;color: inherit\">Ramazan ay\u0131 bizleri m\u00fcbarek k\u0131ls\u0131n istiyoruz, nerede o eski Ramazanlar diye s\u0131zlanarak ge\u00e7mi\u015fe \u00f6zlem duyuyoruz. Sahi nerede o eski Ramazanlar? Yavrum \u015fu taba\u011f\u0131 al, kom\u015fu Emine abuya, Ay\u015fe teyzeye g\u00f6t\u00fcr, camide bir amca itik\u00e2fa girmi\u015f, ona ikram g\u00f6t\u00fcrme sevab\u0131n\u0131 sen kap s\u00f6ylemleri de mazide kald\u0131. Art\u0131k konu kom\u015fu \u00e7ocuklar\u0131n sak\u0131n\u0131l\u0131r oldu\u011fu insanlar haline geldi\/ getirildi. Camiler ise \u015funlar\u0131n bunlar\u0131n camisi yak\u0131\u015ft\u0131rmalar\u0131na maruz kald\u0131. Daha neler neler var da hepsi s\u00f6ylenmiyor, yaz\u0131lm\u0131yor. Yaz\u0131lanlar ise dikkate al\u0131nm\u0131yor. Ancak dikkate al\u0131nm\u0131yor diye s\u00f6ylemekten ve uyarmaktan vazge\u00e7ecek de\u011filiz. \u0130nand\u0131\u011f\u0131m\u0131z do\u011frular\u0131 savunmak, g\u00f6rd\u00fc\u011f\u00fcm\u00fcz yanl\u0131\u015fl\u0131klar\u0131n yanl\u0131\u015fl\u0131\u011f\u0131na dikkat \u00e7ekmemiz bir m\u00fcmin olarak hepimizin g\u00f6revidir.<\/span><\/p>\n<p style=\"text-align: justify\"><span style=\"font-weight: inherit;font-style: inherit;color: inherit\">Y\u0131llarca belediyelerin yapt\u0131\u011f\u0131 Ramazan etkinliklerinin yanl\u0131\u015fl\u0131\u011f\u0131na dikkat \u00e7ekmeye \u00e7al\u0131\u015ft\u0131k. Ramazan \u00e7ad\u0131r\u0131 ad\u0131 alt\u0131ndaki uygulamalar\u0131n ger\u00e7ek ihtiya\u00e7 sahiplerinin haklar\u0131n\u0131n gaspedildi\u011fi yerler oldu\u011funu s\u00f6yledik, yazd\u0131k. Kur\u2019an tilaveti, ilahi ve \u015fiir dinletisi ad\u0131 alt\u0131nda yap\u0131lan etkinliklerin Ramazan\u2019\u0131n ruhuna darbe vurmak oldu\u011funu s\u00f6ylemekten dilimizde t\u00fcy bitti. Koruma ordular\u0131yla iftar \u00e7ad\u0131rlar\u0131n\u0131, Ramazan e\u011flence \u00e7ad\u0131rlar\u0131n\u0131 gezen belediye ba\u015fkanlar\u0131n\u0131n kibirli ve \u00fcstenci bak\u0131\u015flar\u0131ndan usanm\u0131\u015ft\u0131k. Kurduklar\u0131 \u00e7ad\u0131rlar\u0131n b\u00fcy\u00fckl\u00fc\u011f\u00fcnden, \u015fu kadar insan\u0131 doyurduk efelenmelerinden ve hava atmalar\u0131ndan b\u0131km\u0131\u015f usanm\u0131\u015ft\u0131k. Evinden \u00e7\u0131kamayan, yoldan ge\u00e7erken onurundan iftar \u00e7ad\u0131rlar\u0131na kafas\u0131n\u0131 \u00e7evirip bakmayan insanlar\u0131n i\u00e7lerindeki feryatlar ne duyuldu ne de g\u00f6r\u00fcld\u00fc. Foto\u011fraf\u00e7\u0131s\u0131 olmadan soka\u011fa \u00e7\u0131kmayanlar, yard\u0131m g\u00f6t\u00fcrece\u011fi iki po\u015fet i\u00e7in kameralar\u0131 kuyru\u011funa takanlar sizleri de \u00e7ok g\u00f6rd\u00fck. \u015eimdilerde ne yap\u0131yorsunuz acaba? Buraya kadar da bir giydirme fasl\u0131 oldu. Bitti mi? Elbette bitmez.<\/span><\/p>\n<p style=\"text-align: justify\"><span style=\"font-weight: inherit;font-style: inherit;color: inherit\">Tar\u0131m\u0131n zirve oldu\u011fu zamanlarda uzun yaz g\u00fcn\u00fc \u00e7al\u0131\u015fmalar\u0131n\u0131n, hayvan otlatmalar\u0131n\u0131n yo\u011fun oldu\u011fu zamanlar\u0131n yorgun \u00e7ocuklar\u0131 iftardan sonra solu\u011fu camilerde al\u0131rd\u0131. Teravih namaz\u0131n\u0131n co\u015fkular\u0131 t\u00fcm yorgunluklar\u0131 al\u0131rd\u0131. Ama camiler asla terk edilmezdi. Bug\u00fcn otuzlu ya\u015flar\u0131n, k\u0131rkl\u0131 ya\u015flar\u0131n gen\u00e7leri din ad\u0131na ald\u0131klar\u0131 e\u011fitimin alt yap\u0131s\u0131n\u0131 camilerde olu\u015fturmu\u015flard\u0131. Ayn\u0131 durum k\u0131zlar\u0131m\u0131z i\u00e7in de ge\u00e7erliydi. Bu e\u011fitimin temelinde okullardaki din e\u011fitimi ad\u0131na \u00e7al\u0131nan mayan\u0131n ne kadar etkisi oldu\u011fu art\u0131k tart\u0131\u015f\u0131l\u0131r olmu\u015ftur. Ama tart\u0131\u015f\u0131lmayan bir ger\u00e7ek varsa o da camilerin din e\u011fitimindeki rol\u00fcd\u00fcr. \u0130\u015fte Ramazan e\u011flenceleri, Ramazan sokaklar\u0131, Ramazan \u00e7ad\u0131rlar\u0131 ad\u0131na yap\u0131lan etkinliklerin g\u00f6r\u00fclmeyen ve hissedilmeyen bir ortak ad\u0131 vard\u0131: \u201c\u00c7ocuklar\u0131 camilere kapt\u0131rmay\u0131z.\u201d Ne yaz\u0131k ki ba\u015fard\u0131lar, ne yaz\u0131k ki kazand\u0131lar. Ac\u0131 ve ger\u00e7ek, istisna da olsa samimi ve gayretli insanlar\u0131n \u00e7al\u0131\u015fmalar\u0131n\u0131 takdirle kar\u015f\u0131l\u0131yoruz.<\/span><\/p>\n<p style=\"text-align: justify\"><span style=\"font-weight: inherit;font-style: inherit;color: inherit\">M\u00fcbarek Ramazan ay\u0131n\u0131 hik\u00e2yeci ve masalc\u0131 stentap\u00e7\u0131 televizyon allamelerini dinlemeyerek onlar\u0131n \u015ferrinden kurtarmal\u0131y\u0131z. Bu ay\u0131n en b\u00fcy\u00fck ikram\u0131 olan Kur\u2019an\u2019\u0131 samimi duygularla anlayarak okuma gayretlerimiz belki de bizleri zihinsel anlamda d\u00fc\u015f\u00fcnce ve davran\u0131\u015f de\u011fi\u015fikli\u011fine sevk edecek, bize Ramazan mayas\u0131 \u00e7alacak ve tutmas\u0131n\u0131 sa\u011flayacakt\u0131r. Orucu sadece midemizle de\u011fil, t\u00fcm benli\u011fimizle tuttu\u011fumuz takdirde bayramlar hak etti\u011fimiz bayramlar olacakt\u0131r.<\/span><\/p>\n<p style=\"text-align: justify\"><span style=\"font-weight: inherit;font-style: inherit;color: inherit\">Televizyon allamelerinin bir ba\u015fka kolu olan yemek allameleri de Ramazan ay\u0131 boyunca sahurda \u015funu, iftarda bunu yiyin diye ahk\u00e2m kesip duracakt\u0131r. Ama hi\u00e7 birisi ne yerseniz yiyin; ancak haram yemeyin demeyecek, diyemeyecektir. Hocam orucu \u015fu mu bozar, bu mu bozar sorular\u0131 g\u0131rla gidecektir. Hi\u00e7 birisi vicdan\u0131n\u0131n kabul etmedi\u011fi her \u015fey orucu bozar diyemeyecektir.<\/span><\/p>\n<p style=\"text-align: justify\"><span style=\"font-weight: inherit;font-style: inherit;color: inherit\">Bu Ramazan sadece midemizle de\u011fil, akl\u0131m\u0131zla, zihnimizle, duygular\u0131m\u0131zla, d\u00fc\u015f\u00fcncelerimizle ve vicdan\u0131m\u0131zla oru\u00e7 tutarsak, tutmaya \u00e7al\u0131\u015f\u0131r bu yolda gayret g\u00f6sterirsek, m\u00fcbarek Ramazan\u2019\u0131 onun de\u011ferlerini a\u015f\u0131nd\u0131racak her ne varsa onlardan kurtar\u0131rsak; i\u015fte o zaman Ramazan bizi kurtar\u0131r. Ramazanla kurtulmaya haz\u0131rlanan t\u00fcm g\u00f6n\u00fcllerin Ramazan ay\u0131 m\u00fcbarek olsun.<\/span><\/p>\n<p style=\"text-align: justify\"><b><span style=\"font-weight: inherit;font-style: inherit;color: inherit\">\u00d6mer Naci Y\u0131lmaz<\/span><\/b><\/p>\n","protected":false},"excerpt":{"rendered":"<p>Yine yeni bir Ramazan ay\u0131na kavu\u015fman\u0131n heyecan\u0131 i\u00e7erisindeyiz. Aziz milletimizin Ramazan ay\u0131 m\u00fcbarek olsun, bizleri m\u00fcbarek k\u0131ls\u0131n. Ramazan ay\u0131 bizleri nas\u0131l m\u00fcbarek k\u0131ls\u0131n? Ramazan ay\u0131na ve onun getirmi\u015f oldu\u011fu ar\u0131 duru pak mesaja teslim oldu\u011fumuzda\/ teslim olmak i\u00e7in samimi gayret g\u00f6sterdi\u011fimizde i\u00e7inde bulundu\u011fumuz ay elbette bizleri m\u00fcbarek k\u0131lacakt\u0131r. Ramazan ay\u0131 bizleri m\u00fcbarek k\u0131ls\u0131n istiyoruz, nerede &hellip;<\/p>\n","protected":false},"author":26,"featured_media":48521,"comment_status":"open","ping_status":"open","sticky":false,"template":"","format":"standard","meta":{"om_disable_all_campaigns":false,"_themeisle_gutenberg_block_has_review":false,"_joinchat":[],"footnotes":""},"categories":[38,54,43],"tags":[],"class_list":["post-34665","post","type-post","status-publish","format-standard","has-post-thumbnail","","category-guncel","category-omer","category-yazarlar"],"_links":{"self":[{"href":"https:\/\/akincilardergisi.com\/tr\/wp-json\/wp\/v2\/posts\/34665","targetHints":{"allow":["GET"]}}],"collection":[{"href":"https:\/\/akincilardergisi.com\/tr\/wp-json\/wp\/v2\/posts"}],"about":[{"href":"https:\/\/akincilardergisi.com\/tr\/wp-json\/wp\/v2\/types\/post"}],"author":[{"embeddable":true,"href":"https:\/\/akincilardergisi.com\/tr\/wp-json\/wp\/v2\/users\/26"}],"replies":[{"embeddable":true,"href":"https:\/\/akincilardergisi.com\/tr\/wp-json\/wp\/v2\/comments?post=34665"}],"version-history":[{"count":0,"href":"https:\/\/akincilardergisi.com\/tr\/wp-json\/wp\/v2\/posts\/34665\/revisions"}],"wp:featuredmedia":[{"embeddable":true,"href":"https:\/\/akincilardergisi.com\/tr\/wp-json\/wp\/v2\/media\/48521"}],"wp:attachment":[{"href":"https:\/\/akincilardergisi.com\/tr\/wp-json\/wp\/v2\/media?parent=34665"}],"wp:term":[{"taxonomy":"category","embeddable":true,"href":"https:\/\/akincilardergisi.com\/tr\/wp-json\/wp\/v2\/categories?post=34665"},{"taxonomy":"post_tag","embeddable":true,"href":"https:\/\/akincilardergisi.com\/tr\/wp-json\/wp\/v2\/tags?post=34665"}],"curies":[{"name":"wp","href":"https:\/\/api.w.org\/{rel}","templated":true}]}}