{"id":33580,"date":"2019-03-08T08:46:47","date_gmt":"2019-03-08T06:46:47","guid":{"rendered":"http:\/\/akincilardergisi.com\/dergi\/?p=33580"},"modified":"2023-11-05T13:40:54","modified_gmt":"2023-11-05T10:40:54","slug":"devlet-ve-beka-sorunu","status":"publish","type":"post","link":"https:\/\/akincilardergisi.com\/tr\/devlet-ve-beka-sorunu\/","title":{"rendered":"Devlet ve \u2018\u2019Beka\u2019\u2019 Sorunu"},"content":{"rendered":"<div class=\"container\"><\/div>\n<div class=\"container\">\n<div class=\"container-fluid\">\n<div class=\"row\">\n<div class=\"col-md-12\">\n<div class=\"authors detail\">\n<div class=\"picture\"><a style=\"color: #000000\" title=\"Arif Altunba\u015f\" href=\"http:\/\/www.haber7.com\/yazarlar\/arif-altunbas\"><img decoding=\"async\" title=\"Devlet ve \u2018\u2019Beka\u2019\u2019 Sorunu\" src=\"http:\/\/i2.haber7.net\/haber7\/columnists\/\/bw\/905.png\" alt=\"Devlet ve \u2018\u2019Beka\u2019\u2019 Sorunu\" \/><\/a><\/div>\n<div class=\"content\">\n<div class=\"name\" style=\"font-weight: 500\"><a style=\"color: #000000\" title=\"Arif Altunba\u015f\" href=\"http:\/\/www.haber7.com\/yazarlar\/arif-altunbas\">Arif Altunba\u015f<\/a><\/div>\n<div class=\"social\"><\/div>\n<\/div>\n<\/div>\n<div class=\"news-detail\">\n<div class=\"head\">\n<h1>Devlet ve \u2018\u2019Beka\u2019\u2019 Sorunu<\/h1>\n<\/div>\n<div class=\"article\">\n<div class=\"news-content\">Milletleri bir arada tutan onlar\u0131n \u00a0beraberlik ve\u00a0 dayan\u0131\u015fma ruhu, ortak idealleri ve \u00e7\u0131karlar\u0131 , istikrar ve bar\u0131\u015f i\u00e7inde birlikte ya\u015fama d\u00fc\u015f\u00fcnce ve arzular\u0131d\u0131r. Bu ortak de\u011ferlerden birisi tehlikeye d\u00fc\u015ferse beka sorunu denilen durum ortaya \u00e7\u0131kar. Beka sorunu bir milletin bug\u00fcn\u00fcn\u00fc ve gelece\u011fini ilgilendiren en temel meselelerden birisidir. Tarihi tecr\u00fcbelerin \u0131\u015f\u0131\u011f\u0131nda bug\u00fcn\u00fcn\u00fc ve yar\u0131n\u0131n\u0131 d\u00fc\u015f\u00fcnmeyen, onun i\u00e7in \u00f6n haz\u0131rl\u0131klar yapmayan bir insan ve ailenin, toplum ve devletin gelecekle ilgili s\u00fcrekli bir kayg\u0131s\u0131 ve sorunu vard\u0131r. B\u00f6yle \u00a0bir sorunu olanlar her zaman d\u00fc\u015fmanlar\u0131n\u0131n sald\u0131r\u0131, i\u015fgal ve istilalar\u0131yla \u00a0ba\u015flar\u0131 beladad\u0131r. Bug\u00fcn T\u00fcrkiyenin kar\u015f\u0131 kar\u015f\u0131ya oldu\u011fu 4 b\u00fcy\u00fck \u2018\u2019Beka\u2019\u2019 sorunu vard\u0131r; 1-Derin Devlet; Bunlar ABD, NATO ve Avrupa devletleri ve onlar\u0131n T\u00fcrkiyedeki yerli i\u015fbirlik\u00e7i ve uzant\u0131lar\u0131d\u0131r. Ba\u015fka bir deyimle, \u2018\u2019Kontrgerille\u2019\u2019 veya \u2018\u2019Derin Devlet\u2019\u2019 uzun bir d\u00f6nem T\u00fcrkiyeyi s\u00f6m\u00fcrge bir devleti gibi y\u00f6netmi\u015ftir. Bunlar devletin b\u00fct\u00fcn kademelerine yerle\u015fmi\u015fler se\u00e7imle gelen y\u00f6neticileri tehditlerle y\u00f6netmeye \u00e7al\u0131\u015fm\u0131\u015flar, vesayetleri alt\u0131na girmeyenleri de darbelerle, idamlarla, hapislerle, yarg\u0131s\u0131z infazlarla safd\u0131\u015f\u0131 b\u0131rakmaya \u00e7al\u0131\u015fm\u0131\u015flard\u0131r. 1960 Menderes\u2019e, 28 \u015eubat Ba\u015fbakan Erbakan\u2019a yapt\u0131klar\u0131 gibi\u2026 Bu oyunun son perdesi ise; FET\u00d6 \u00f6rg\u00fct\u00fc olarak sahneye s\u00fcr\u00fclm\u00fc\u015f, 17-25 Aral\u0131k, 15 Temmuz ihanet darbesiyle Tayyip Erdo\u011fan\u0131 ve h\u00fck\u00fcmetini tasviye etmek istemi\u015flerse de Allah\u0131n yard\u0131m\u0131 ile milletimizin sokaklar\u0131 i\u015fgal ederek meydanlar\u0131 yerli i\u015fbirlik\u00e7ilere terketmemi\u015ftir. Bu tehlike hala T\u00fcrkiye i\u00e7in 1. derece bir beka sorunu olarak kar\u015f\u0131m\u0131zda durmaktad\u0131r. 2-D\u0131\u015f g\u00fc\u00e7lerin oyunlar\u0131; Ha\u00e7l\u0131 seferlerinden bu yana d\u0131\u015f g\u00fc\u00e7ler dedi\u011fimiz Ha\u00e7l\u0131lar\u0131n T\u00fcrkiyeye kar\u015f\u0131 olan d\u00fc\u015fmanl\u0131klar\u0131, y\u0131pratma ve y\u0131kma, par\u00e7alay\u0131p yok etme projeleri son bulmu\u015f de\u011fil. Bu ba\u011flamda ne ABD\u2019 ye, ne Avrupa devletlerine, ne Rusya\u2019 ya, ne de \u00c7in\u2019 e, ne de ba\u015fka bir g\u00fcce asla g\u00fcvenemeyece\u011fimiz tarihi tecr\u00fcbelerimizle sabittir. Gas ve petrol zengini olan Do\u011fu Akdeniz her \u00e7a\u011fda e\u011femen g\u00fc\u00e7lerin sava\u015f alan\u0131 olmu\u015ftur. Fenikelilerle Romal\u0131lar\u0131n, Perslerle Yunanl\u0131lar\u0131n, Bizans ile Osmanl\u0131lar\u0131n kara ve deniz sava\u015flar\u0131na sahne olan bu stratejik b\u00f6lge \u00a0\u015fu anda gerek K\u0131br\u0131s\u0131, gerek Do\u011fu Akdenizdeki m\u00fcnhas\u0131r b\u00f6lgelerdeki hak ve hukukumuzu savunmak i\u00e7in hayati bir \u00f6nem arzetmektedir. 3-PKK-PYD gibi Ter\u00f6r \u00f6rg\u00fctleri; \u00a0Hem K\u00fcrt, hem Arap, hem de T\u00fcrk halk\u0131n\u0131n ba\u015f\u0131na bela edilen bu illegal \u00f6rg\u00fctler T\u00fcrkiyeyi b\u00f6lmek ve par\u00e7alamak i\u00e7in d\u0131\u015f g\u00fc\u00e7ler taraf\u0131ndan desteklenmekte ve sahiplenilmektedir. ABD ve Avrupal\u0131 devletler \u0130ran, T\u00fcrkiye, Irak, Suriyede topraklar\u0131 \u00fczerinde bir k\u00fcrt devleti kurarak buradan \u0130sraili g\u00fcvence alt\u0131na almak, petrol ve gas zengini b\u00f6lgeleri kontrol ve denetimleri alt\u0131nda tutarak b\u00f6lgeye hakim olmay\u0131 d\u00fc\u015f\u00fcn\u00fcyorlar. \u00d6nlerinde en b\u00fcy\u00fck engel olarak da T\u00fcrkiyeyi g\u00f6rd\u00fckleri i\u00e7in \u00f6nce onu tesirsiz hale getirmeye \u00e7al\u0131\u015f\u0131yorlar. Do\u011fu ve G\u00fcneydo\u011fudan K\u00fcrt devleti ve Ermenistan ile, Do\u011fu Akdenizde \u0130srail, M\u0131s\u0131r ve\u00a0 Rumlarla, Egede Yunanl\u0131lar ile, i\u00e7eride yerli m\u00fcnaf\u0131klarla \u00fclkemizi ve milletimizi bir kurt kapan\u0131na almaya \u00e7al\u0131\u015f\u0131yorlar. 4-Lider T\u00fcrkiye; T\u00fcrkiye tarihe damgas\u0131n\u0131 vurmu\u015f b\u00fcy\u00fck ve soylu bir milettir. G\u00fc\u00e7l\u00fc bir devlet olarak b\u00f6lgesini ve co\u011frafyas\u0131n\u0131 kucaklayan bir misyon ve vizyona sahiptir.. Bu durum \u00fclkemiz, b\u00f6lgemiz ve co\u011frafyam\u0131z \u00fczerinde hesaplar\u0131 olan burnu gaz ve petrol kokusundan ba\u015fka bir koku almayan bat\u0131l\u0131 le\u015f kargalar\u0131, \u00e7akallar\u0131 ve canavarlar\u0131 olduk\u00e7a rahats\u0131z ediyor. Bu co\u011frafyada d\u00fc\u015fmanlar\u0131m\u0131z g\u00fc\u00e7l\u00fc bir T\u00fcrkiyenin olmas\u0131n\u0131 istemiyor. Bunun i\u00e7in Tayyip Erdo\u011fan d\u00fc\u015fmanl\u0131\u011f\u0131 ve lider T\u00fcrkiye kar\u015f\u0131tl\u0131\u011f\u0131 her zaman kar\u015f\u0131m\u0131za sorun olarak dikiliyor.T\u00fcrkiyenin ba\u015f\u0131na ekonomik, askeri, siyasi ve uluslararas\u0131 sorunlar \u00e7\u0131kararak milletimizi ve devletimizi zay\u0131flatmak, y\u0131kmak, par\u00e7alamak ve yok etmek istiyorlar.Beka sorunu denilen \u015fey tam da bu i\u015fte. Bu ger\u00e7ekler kar\u015f\u0131s\u0131nda AK Parti ve MHP \u2018\u2019Cumhur \u0130ttifak\u0131\u2019\u2019 yaparak i\u00e7teki yerli m\u00fcnaf\u0131klara, d\u0131\u015fdaki T\u00fcrkiye d\u00fc\u015fmanlar\u0131na kar\u015f\u0131 bir blok olu\u015fturarak yerel se\u00e7imlere giriyor. \u00d6teyandan ba\u015f\u0131n\u0131 K\u0131l\u0131\u00e7daro\u011flunun \u00e7ekti\u011fi CHP ve \u0130P, PKK, FET\u00d6 ve maalesef SP \u2018\u2019Cumhur \u0130ttifak\u0131n\u0131n\u2019\u2019 yolunu kesmek i\u00e7in ellerinden gelen her eylem ve s\u00f6ylemi yap\u0131yorlar. \u2018\u2019Beka Sorunu\u2019\u2019 denilen \u015fey sadece bu d\u00f6rt meseleden ibaret de\u011fil elbet. Bu \u00fczerinde bir\u00e7ok kitap yaz\u0131lacak kadar geni\u015f ve derin bir konudur. Rabbim milletimize Hakk\u0131 Hak olarak, bat\u0131l\u0131 da bat\u0131l olarak g\u00f6stersin!.. Bizi dinsiz imans\u0131zlar\u0131n, vatan ve millet d\u00fc\u015fmanlar\u0131n\u0131n eline mecbur b\u0131rakmas\u0131n!.. Arif Altunba\u015f,\u00a0<a class=\"link_keywords\" style=\"color: #98171c\" title=\"Haber\" href=\"http:\/\/www.haber7.com\/\" target=\"_blank\" rel=\"noopener\">Haber<\/a>\u00a07<\/div>\n<\/div>\n<\/div>\n<\/div>\n<\/div>\n<\/div>\n<\/div>\n","protected":false},"excerpt":{"rendered":"<p>Arif Altunba\u015f Devlet ve \u2018\u2019Beka\u2019\u2019 Sorunu Milletleri bir arada tutan onlar\u0131n \u00a0beraberlik ve\u00a0 dayan\u0131\u015fma ruhu, ortak idealleri ve \u00e7\u0131karlar\u0131 , istikrar ve bar\u0131\u015f i\u00e7inde birlikte ya\u015fama d\u00fc\u015f\u00fcnce ve arzular\u0131d\u0131r. Bu ortak de\u011ferlerden birisi tehlikeye d\u00fc\u015ferse beka sorunu denilen durum ortaya \u00e7\u0131kar. Beka sorunu bir milletin bug\u00fcn\u00fcn\u00fc ve gelece\u011fini ilgilendiren en temel meselelerden birisidir. Tarihi tecr\u00fcbelerin &hellip;<\/p>\n","protected":false},"author":2,"featured_media":45555,"comment_status":"open","ping_status":"open","sticky":false,"template":"","format":"standard","meta":{"om_disable_all_campaigns":false,"_themeisle_gutenberg_block_has_review":false,"_joinchat":[],"footnotes":""},"categories":[49,38,43],"tags":[],"class_list":["post-33580","post","type-post","status-publish","format-standard","has-post-thumbnail","","category-arif","category-guncel","category-yazarlar"],"_links":{"self":[{"href":"https:\/\/akincilardergisi.com\/tr\/wp-json\/wp\/v2\/posts\/33580","targetHints":{"allow":["GET"]}}],"collection":[{"href":"https:\/\/akincilardergisi.com\/tr\/wp-json\/wp\/v2\/posts"}],"about":[{"href":"https:\/\/akincilardergisi.com\/tr\/wp-json\/wp\/v2\/types\/post"}],"author":[{"embeddable":true,"href":"https:\/\/akincilardergisi.com\/tr\/wp-json\/wp\/v2\/users\/2"}],"replies":[{"embeddable":true,"href":"https:\/\/akincilardergisi.com\/tr\/wp-json\/wp\/v2\/comments?post=33580"}],"version-history":[{"count":0,"href":"https:\/\/akincilardergisi.com\/tr\/wp-json\/wp\/v2\/posts\/33580\/revisions"}],"wp:featuredmedia":[{"embeddable":true,"href":"https:\/\/akincilardergisi.com\/tr\/wp-json\/wp\/v2\/media\/45555"}],"wp:attachment":[{"href":"https:\/\/akincilardergisi.com\/tr\/wp-json\/wp\/v2\/media?parent=33580"}],"wp:term":[{"taxonomy":"category","embeddable":true,"href":"https:\/\/akincilardergisi.com\/tr\/wp-json\/wp\/v2\/categories?post=33580"},{"taxonomy":"post_tag","embeddable":true,"href":"https:\/\/akincilardergisi.com\/tr\/wp-json\/wp\/v2\/tags?post=33580"}],"curies":[{"name":"wp","href":"https:\/\/api.w.org\/{rel}","templated":true}]}}