{"id":33423,"date":"2019-03-01T00:00:55","date_gmt":"2019-02-28T22:00:55","guid":{"rendered":"http:\/\/akincilardergisi.com\/dergi\/?p=33423"},"modified":"2023-11-05T13:25:33","modified_gmt":"2023-11-05T10:25:33","slug":"cuntaci-ordulardan-milli-ordulara","status":"publish","type":"post","link":"https:\/\/akincilardergisi.com\/tr\/cuntaci-ordulardan-milli-ordulara\/","title":{"rendered":"DARBEC\u0130 ORDULARDAN M\u0130LL\u0130 ORDULARA"},"content":{"rendered":"<p style=\"text-align: justify\">1960 darbesi ile darbeler d\u00f6nemi ba\u015flam\u0131\u015ft\u0131. Hem de bizzat ABD askerleri eliyle. \u00c7\u00fcnk\u00fc ordumuzun milli, \u0130slami geneti\u011fi rahats\u0131z ediyordu onlar\u0131. ABD hemen subay kadrosunun g\u00f6revden al\u0131nmas\u0131n\u0131 istedi. Biz bunlar\u0131n maa\u015flar\u0131 ne olacak dedi\u011fimizde ise ben \u00f6derim demi\u015flerdi. Ordu, ABD ordusuna d\u00f6n\u00fc\u015fm\u00fc\u015ft\u00fc.<\/p>\n<p style=\"text-align: justify\">Hi\u00e7 \u015f\u00fcphesiz ki 28 \u015eubat da bu milletin hem dini inan\u0131\u015f\u0131na hem ordunun milli, dini kanad\u0131na kar\u015f\u0131 yap\u0131lm\u0131\u015ft\u0131. Ba\u015f \u00f6rt\u00fcl\u00fc anneler k\u0131\u015fla nizamiyelerinden i\u00e7eri sokulmad\u0131, okul birincisi olan bir k\u0131z s\u0131rf ba\u015f \u00f6rt\u00fcl\u00fc oldu\u011fu i\u00e7in \u00f6d\u00fcl t\u00f6renine kat\u0131lmas\u0131na izin verilmedi, kamu binalar\u0131nda \u00e7al\u0131\u015fan kad\u0131nlara ya kafan\u0131zdaki \u00f6rt\u00fcleri \u00e7\u0131kar\u0131r da \u00f6yle girersiniz ya da d\u00f6n\u00fcp gidersiniz denildi..<\/p>\n<p style=\"text-align: justify\">Subaylara da ayn\u0131 garabet uyguland\u0131. Gece vakti namaz k\u0131l\u0131yor mu k\u0131lm\u0131yor mu diye gizlice camdan girilip odalar\u0131 kontrol edildi, ortal\u0131kta saccade var m\u0131 yok mu diye bak\u0131ld\u0131. Subaylar\u0131n oru\u00e7 tutup tutmad\u0131\u011f\u0131n\u0131 anlamak i\u00e7in tam da \u00f6\u011fle vakti ziyaretlerine gidilme numaralar\u0131 yap\u0131ld\u0131, bakal\u0131m bana \u00f6\u011fle yeme\u011fi s\u00f6yleyecek mi ve kendisi de benimle yiyecek mi diye kontrol edildi.<\/p>\n<p style=\"text-align: justify\">Ve utanmadan da 28 \u015eubat bin y\u0131l s\u00fcrecek dediler. Bunlar \u00e7ok uzun s\u00fcre \u00f6nce olmad\u0131, daha 22 y\u0131l ge\u00e7ti \u00fczerinden. Senelerdir askeriyeye darbe yaparak bu \u00fclkenin rotas\u0131n\u0131 de\u011fi\u015ftirenler 28 \u015eubatla hem dini hem de milli de\u011ferlerimizle bu milleti h\u00fcsrana u\u011fratmaya \u00e7al\u0131\u015ft\u0131lar.<\/p>\n<p style=\"text-align: justify\">Bedir&#8217;de Hz. Peygamber&#8217;in makam\u0131 olan, \u0130stanbul&#8217;un Fethinde Fatih&#8217;in makam\u0131nda olan, Sakarya&#8217;da Mustafa Kemal&#8217;in makam\u0131nda olan T\u00fcrk Ordusunun kimli\u011fi ile oynad\u0131lar.<\/p>\n<p style=\"text-align: justify\">Onlar\u0131n bin y\u0131l dedi\u011fi hadise Alparslan&#8217;\u0131n Anadolu&#8217;nun i\u00e7ine girmesi ile tam da yak\u0131ndan ilgiliydi.<\/p>\n<p style=\"text-align: justify\">Onlar bu darbeyi T\u00fcrkiye&#8217;ye kar\u015f\u0131 yapmam\u0131\u015flard\u0131. Zaten devlet onlardayd\u0131. Onlar M\u00fcsl\u00fcmanl\u0131\u011f\u0131n kimli\u011fi ile oynamaya \u00e7al\u0131\u015ft\u0131lar. T\u00fcrkiyeyi bu misyonun \u00f6nc\u00fcs\u00fc oldu\u011fu i\u00e7in d\u00fc\u015fman g\u00f6rd\u00fcler.<\/p>\n<p style=\"text-align: justify\">Ama her \u015ferde bir hay\u0131r vard\u0131. Bu \u015ferden de hay\u0131rlar \u00e7\u0131kacakt\u0131, \u00f6yle de oldu. Daha 22 sene \u00f6nce dini-milli kimli\u011fimizle oynamaya \u00e7al\u0131\u015fanlar ilerleyen s\u00fcre\u00e7te boyunlar\u0131n\u0131n \u00f6l\u00e7\u00fcs\u00fcn\u00fc ald\u0131.<\/p>\n<p style=\"text-align: justify\">15 Temmuz da bir \u015ferdi. Bunun \u00fczerinde en ufak bir \u015f\u00fcphe yok. Ama bu \u015ferden de hay\u0131r \u00e7\u0131kt\u0131. 15 Temmuzla birlikte FET\u00d6 denen yap\u0131n\u0131n \u015fifreleri tek tek de\u015fifre olmaya ba\u015flad\u0131. \u00d6zellikle ordunun i\u00e7inden FET\u00d6&#8217;c\u00fcler bit gibi ay\u0131klan\u0131yor, ordumuz millile\u015fiyor.<\/p>\n<p style=\"text-align: justify\">T\u00fcrk Ordusu Cumhuriyet tarihi boyunca bu kadar milli de\u011fildi. Hele 1960&#8217;dan itibaren ABD yanl\u0131s\u0131 askerler ordunun i\u00e7ine yerle\u015ftirildi ve bu yap\u0131larla birlikte T\u00fcrkiye her ne zaman ibresini yukar\u0131ya \u00e7evirse yola getirmeye \u00e7al\u0131\u015ft\u0131lar.<\/p>\n<p style=\"text-align: justify\">\u00d6zellikle 15 Temmuzdan beri Hz. Muhammed&#8217;in ordular\u0131n\u0131n temsilcileri olan T\u00fcrk Ordusu milli-dini karakterimize uygun bir kodla\u015fmaya gitti.<\/p>\n<p style=\"text-align: justify\">Allah&#8217;\u0131n izniyle de bundan sonra ABD generallerinin her dedi\u011fini yapan bir ordu de\u011fil, yerli-milli ordumuz olacak.<\/p>\n<p style=\"text-align: justify\">T\u00fcrk Ordusu bizi bekleyen co\u011frafyalara yelken a\u00e7maya devam edecek. \u00c7\u00fcnk\u00fc T\u00fcrk beklenilendir, T\u00fcrk Ordusunun sanca\u011f\u0131 t\u00fcm mazlumlar\u0131 sarar&#8230;<\/p>\n<p style=\"text-align: justify\">Selam ve dua ile&#8230;<\/p>\n<p style=\"text-align: justify\"><strong>\u0130BRAH\u0130M YAVUZ<\/strong><\/p>\n","protected":false},"excerpt":{"rendered":"<p>1960 darbesi ile darbeler d\u00f6nemi ba\u015flam\u0131\u015ft\u0131. Hem de bizzat ABD askerleri eliyle. \u00c7\u00fcnk\u00fc ordumuzun milli, \u0130slami geneti\u011fi rahats\u0131z ediyordu onlar\u0131. ABD hemen subay kadrosunun g\u00f6revden al\u0131nmas\u0131n\u0131 istedi. Biz bunlar\u0131n maa\u015flar\u0131 ne olacak dedi\u011fimizde ise ben \u00f6derim demi\u015flerdi. Ordu, ABD ordusuna d\u00f6n\u00fc\u015fm\u00fc\u015ft\u00fc. Hi\u00e7 \u015f\u00fcphesiz ki 28 \u015eubat da bu milletin hem dini inan\u0131\u015f\u0131na hem ordunun milli, &hellip;<\/p>\n","protected":false},"author":20,"featured_media":48521,"comment_status":"open","ping_status":"open","sticky":false,"template":"","format":"standard","meta":{"om_disable_all_campaigns":false,"_themeisle_gutenberg_block_has_review":false,"_joinchat":[],"footnotes":""},"categories":[38,57,43],"tags":[],"class_list":["post-33423","post","type-post","status-publish","format-standard","has-post-thumbnail","","category-guncel","category-ibrahim","category-yazarlar"],"_links":{"self":[{"href":"https:\/\/akincilardergisi.com\/tr\/wp-json\/wp\/v2\/posts\/33423","targetHints":{"allow":["GET"]}}],"collection":[{"href":"https:\/\/akincilardergisi.com\/tr\/wp-json\/wp\/v2\/posts"}],"about":[{"href":"https:\/\/akincilardergisi.com\/tr\/wp-json\/wp\/v2\/types\/post"}],"author":[{"embeddable":true,"href":"https:\/\/akincilardergisi.com\/tr\/wp-json\/wp\/v2\/users\/20"}],"replies":[{"embeddable":true,"href":"https:\/\/akincilardergisi.com\/tr\/wp-json\/wp\/v2\/comments?post=33423"}],"version-history":[{"count":0,"href":"https:\/\/akincilardergisi.com\/tr\/wp-json\/wp\/v2\/posts\/33423\/revisions"}],"wp:featuredmedia":[{"embeddable":true,"href":"https:\/\/akincilardergisi.com\/tr\/wp-json\/wp\/v2\/media\/48521"}],"wp:attachment":[{"href":"https:\/\/akincilardergisi.com\/tr\/wp-json\/wp\/v2\/media?parent=33423"}],"wp:term":[{"taxonomy":"category","embeddable":true,"href":"https:\/\/akincilardergisi.com\/tr\/wp-json\/wp\/v2\/categories?post=33423"},{"taxonomy":"post_tag","embeddable":true,"href":"https:\/\/akincilardergisi.com\/tr\/wp-json\/wp\/v2\/tags?post=33423"}],"curies":[{"name":"wp","href":"https:\/\/api.w.org\/{rel}","templated":true}]}}