{"id":3323,"date":"2014-11-29T14:17:03","date_gmt":"2014-11-29T12:17:03","guid":{"rendered":"http:\/\/akincilardergisi.com\/dergi\/?p=3323"},"modified":"2023-11-04T20:12:32","modified_gmt":"2023-11-04T17:12:32","slug":"musluman-cellat-bulamayan-islam-devletleri","status":"publish","type":"post","link":"https:\/\/akincilardergisi.com\/tr\/musluman-cellat-bulamayan-islam-devletleri\/","title":{"rendered":"M\u00dcSL\u00dcMAN CELLAT BULAMAYAN \u0130SLAM DEVLETLER\u0130!??"},"content":{"rendered":"<p>\u00d6nce bir tarihi vak\u0131a&#8230;<\/p>\n<p>Y\u0131l 1876&#8230; Selanik&#8217;te, bir Bulgar k\u0131z\u0131, m\u00fcsl\u00fcman olup bir M\u00fcsl\u00fcman gencine ka\u00e7ar. Bulgarlar, k\u0131z\u0131 ka\u00e7\u0131r\u0131p bir kiliseye saklarlar.<\/p>\n<p>M\u00fcsl\u00fcmanlar, &#8220;m\u00fcsl\u00fcman olmu\u015f&#8221; bu k\u0131z\u0131 kurtarmak i\u00e7in, kiliseye do\u011fru hareket ederler.Bulgarlar\u00a0 ve di\u011fer h\u0131r\u0131stiyan ahali de kiliseyi savunmaktad\u0131r.<br \/>\nOlaya, Alman, \u0130ngiliz, Frans\u0131z ve Amerikan konsolosluk g\u00f6revilileri de kat\u0131l\u0131r. G\u00fcya, g\u00f6zlemcidirler. G\u00fcya arabulucudurlar.<\/p>\n<p>Frans\u0131z ve Alman konsolosluk g\u00f6revlileri bu hengamede \u00f6l\u00fcrler. Bu \u00f6l\u00fcmlerden dolay\u0131 alt\u0131 m\u00fcsl\u00fcman tutuklan\u0131r. Tutuklulardan ikisi, Afrikal\u0131 zenci gen\u00e7lerdir.<\/p>\n<p>Frans\u0131zlar, tutuklu alt\u0131 ki\u015finin yarg\u0131lamas\u0131n\u0131 kendileri yapmak isterler. Osmanl\u0131&#8217;ya &#8220;\u00fcltimatom&#8221; verirler ve donanmalar\u0131n\u0131 Selanik a\u00e7\u0131klar\u0131nda da demirlerler. Osmanl\u0131&#8217;y\u0131 sava\u015fla tehdit ederler.<\/p>\n<p>Osmanl\u0131, do\u011fal olarak bu talebi elbette kabul etmez. Bu alt\u0131 ki\u015fi\u00a0 yarg\u0131lan\u0131r ve idama mahkum edilirler. Sultan Abdulaziz de &#8220;istemeyerek&#8221; idamlar\u0131 tasdik eder ve infaz\u0131 i\u00e7in emrini g\u00f6nderir.<\/p>\n<p>Frans\u0131zlar, \u0130damlar\u0131n, Sahilde ve Frans\u0131z donanmas\u0131n\u0131n g\u00f6r\u00fc\u015f alan\u0131 i\u00e7inde yap\u0131lmas\u0131n\u0131 isterler. Asl\u0131nda, ba\u015fka talepleri ile Osmanl\u0131, en oluru olarak bunu kabul etmi\u015ftir.<\/p>\n<p>Sahile, dara\u011fa\u00e7lar\u0131 kurulur. \u0130damlar, Frans\u0131z donanmas\u0131 g\u00f6zetiminde, sahilde yap\u0131lacakt\u0131r ama: \u0130damlar\u0131 ger\u00e7ekle\u015ftirecek, &#8220;cellat&#8221; bir t\u00fcrl\u00fc bulunamaz. M\u00fcsl\u00fcmanlar, imanlar\u0131 sebebiyle, gayr-i m\u00fcslim tebaa ise korkusundan dolay\u0131, bu i\u015fe, Osmanl\u0131 tebaas\u0131ndan kimse raz\u0131 gelmez.<\/p>\n<p>Ancak: Ortada, toplar\u0131 \u015fehre \u00e7evrilmi\u015f bir d\u00fc\u015fman donanmas\u0131 ve sava\u015f tehdidi vard\u0131r.<\/p>\n<p>\u00d6nce:<\/p>\n<p>Afrikal\u0131 iki gen\u00e7 y\u00fcr\u00fcr idam sehpas\u0131na&#8230; Sandalyeye kendileri \u00e7\u0131karlar: \u0130lmikleri bo\u011fazlar\u0131na kendileri ge\u00e7irirler; Sandalyelerini kendileri tekmelerler. Ard\u0131nda da, kalan d\u00f6rt ki\u015fi, kendi idamlar\u0131n\u0131 kendileri ger\u00e7ekle\u015ftirirler.<\/p>\n<p>Osmanl\u0131, bu alt\u0131 insan\u0131 asacak, ne m\u00fc&#8217;min bulabilmi\u015ftir ne de kendi tebaas\u0131 gayr-\u0131 m\u00fcslim vatanda\u015f\u0131n\u0131.<\/p>\n<p>*************<\/p>\n<p>Gelelim as\u0131l konuya:<\/p>\n<p>I\u015e\u0130D \u015fimdiye kadar kafa kesme g\u00f6r\u00fcnt\u00fcleri yay\u0131nlad\u0131. Y\u00fczleri kapal\u0131 bir tak\u0131m insanlar, gayr-\u0131 m\u00fcslim\u00a0 insanlar\u0131n kafalar\u0131n\u0131 kesiyorlar ve bunlar\u0131 &#8220;\u0130slam Devleti \u0130craat\u0131&#8221; olarak, d\u00fcnyaya servis ediyorlar.<\/p>\n<p>Her infazda, \u00f6lenlerin y\u00fcz\u00fc a\u00e7\u0131k: Cellatlar ise y\u00fczleri kapal\u0131&#8230; Sadece, bu g\u00f6r\u00fcnt\u00fclerde de\u011fil: Toplu infaz g\u00f6r\u00fcnt\u00fclerinde de \u00f6ld\u00fcr\u00fclenlerin kim olduklar\u0131 belli ve fakat \u00f6ld\u00fcrenler hep maskeliler.<\/p>\n<p>Akl\u0131n\u0131za getirin ki:<\/p>\n<p>Bat\u0131l\u0131, onbine yak\u0131n &#8220;sava\u015f\u00e7\u0131&#8221; varm\u0131\u015f&#8230; Suriye&#8217;de ve Irak&#8217;ta&#8230;<\/p>\n<p>Bu onbin sava\u015f\u00e7\u0131n\u0131n \u00fc\u00e7-d\u00f6rt binini, kolay yoldan cennete gitmek isteyen &#8220;muhtedi m\u00fcsl\u00fcmanlar&#8221; olduklar\u0131n\u0131 &#8220;evet&#8221; kabul edelim. Geriye kalanlar\u0131 kimdir? Bat\u0131&#8217;n\u0131n cicim demokrasilerini b\u0131rakm\u0131\u015f: Orada, o kadar profesyonel sava\u015f tekniklerini \u00f6\u011frenmi\u015f bu insanlar: K\u0130M?<\/p>\n<p>Bat\u0131l\u0131 h\u00fck\u00fcmetler: Kendi profesyonel adamlar\u0131n\u0131 &#8220;m\u00fcsl\u00fcman kisvesinde&#8221; co\u011frafyam\u0131za g\u00f6nderiyorlar. Hepsi, neticede, profesyonel ki\u015filer ve bu profesyonellikleri ile,co\u011frafyadaki\u00a0 nice insan\u0131 harekete ge\u00e7irebilirler.Gerisini siz ak\u0131l ediniz.<\/p>\n<p>Benim diyece\u011fim \u015fu:<\/p>\n<p>Co\u011frafyam\u0131z, evet, Bat\u0131l\u0131 profesyoneller sayesinde, &#8220;kan g\u00f6l\u00fc&#8221;<\/p>\n<p>Fakat \u015fu var ki: Bu kafir profesyoneller, &#8220;cellatl\u0131k&#8221; gibi\u00a0 pisli\u011fi a\u015fikar olan i\u015fleri, demek oluyor ki, harekete ge\u00e7irebildikleri &#8220;m\u00fcsl\u00fcman&#8221;lara yapt\u0131ram\u0131yorlar.<\/p>\n<p>Kafa kesen cellatlar\u0131n &#8220;ingiliz&#8221; olmalar\u0131 ba\u015fka t\u00fcrl\u00fc nas\u0131l izah edilebilir ki?<\/p>\n<p>Selanik sahillerine, Frans\u0131zlar \u00e7\u0131km\u0131\u015flar: Y\u00fczlerinde maske: K\u0131l\u0131klar\u0131 Osmanl\u0131&#8230;<\/p>\n<p>\u00d6yle d\u00fc\u015f\u00fcn\u00fcn.<\/p>\n","protected":false},"excerpt":{"rendered":"<p>\u00d6nce bir tarihi vak\u0131a&#8230; Y\u0131l 1876&#8230; Selanik&#8217;te, bir Bulgar k\u0131z\u0131, m\u00fcsl\u00fcman olup bir M\u00fcsl\u00fcman gencine ka\u00e7ar. Bulgarlar, k\u0131z\u0131 ka\u00e7\u0131r\u0131p bir kiliseye saklarlar. M\u00fcsl\u00fcmanlar, &#8220;m\u00fcsl\u00fcman olmu\u015f&#8221; bu k\u0131z\u0131 kurtarmak i\u00e7in, kiliseye do\u011fru hareket ederler.Bulgarlar\u00a0 ve di\u011fer h\u0131r\u0131stiyan ahali de kiliseyi savunmaktad\u0131r. Olaya, Alman, \u0130ngiliz, Frans\u0131z ve Amerikan konsolosluk g\u00f6revilileri de kat\u0131l\u0131r. G\u00fcya, g\u00f6zlemcidirler. G\u00fcya arabulucudurlar. Frans\u0131z &hellip;<\/p>\n","protected":false},"author":17,"featured_media":48521,"comment_status":"open","ping_status":"open","sticky":false,"template":"","format":"standard","meta":{"om_disable_all_campaigns":false,"_themeisle_gutenberg_block_has_review":false,"_joinchat":[],"footnotes":""},"categories":[53,38,43],"tags":[],"class_list":["post-3323","post","type-post","status-publish","format-standard","has-post-thumbnail","","category-aydin","category-guncel","category-yazarlar"],"_links":{"self":[{"href":"https:\/\/akincilardergisi.com\/tr\/wp-json\/wp\/v2\/posts\/3323","targetHints":{"allow":["GET"]}}],"collection":[{"href":"https:\/\/akincilardergisi.com\/tr\/wp-json\/wp\/v2\/posts"}],"about":[{"href":"https:\/\/akincilardergisi.com\/tr\/wp-json\/wp\/v2\/types\/post"}],"author":[{"embeddable":true,"href":"https:\/\/akincilardergisi.com\/tr\/wp-json\/wp\/v2\/users\/17"}],"replies":[{"embeddable":true,"href":"https:\/\/akincilardergisi.com\/tr\/wp-json\/wp\/v2\/comments?post=3323"}],"version-history":[{"count":0,"href":"https:\/\/akincilardergisi.com\/tr\/wp-json\/wp\/v2\/posts\/3323\/revisions"}],"wp:featuredmedia":[{"embeddable":true,"href":"https:\/\/akincilardergisi.com\/tr\/wp-json\/wp\/v2\/media\/48521"}],"wp:attachment":[{"href":"https:\/\/akincilardergisi.com\/tr\/wp-json\/wp\/v2\/media?parent=3323"}],"wp:term":[{"taxonomy":"category","embeddable":true,"href":"https:\/\/akincilardergisi.com\/tr\/wp-json\/wp\/v2\/categories?post=3323"},{"taxonomy":"post_tag","embeddable":true,"href":"https:\/\/akincilardergisi.com\/tr\/wp-json\/wp\/v2\/tags?post=3323"}],"curies":[{"name":"wp","href":"https:\/\/api.w.org\/{rel}","templated":true}]}}