{"id":32969,"date":"2019-02-06T00:00:39","date_gmt":"2019-02-05T22:00:39","guid":{"rendered":"http:\/\/akincilardergisi.com\/dergi\/?p=32969"},"modified":"2023-11-05T13:25:34","modified_gmt":"2023-11-05T10:25:34","slug":"1299-ruhu-3","status":"publish","type":"post","link":"https:\/\/akincilardergisi.com\/tr\/1299-ruhu-3\/","title":{"rendered":"1299 RUHU -3-"},"content":{"rendered":"<p style=\"text-align: justify\">1815 Viyana Kongresinde Osmanl\u0131 D\u00fc\u015fmanlar\u0131 toplanm\u0131\u015flard\u0131. Osmanl\u0131y\u0131 nas\u0131l payla\u015f\u0131r\u0131z, birbirine tespih taneleri gibi ba\u011fl\u0131 olan bu \u00e7ok uluslu imparatorlu\u011fu nas\u0131l b\u00f6leriz diye fikir al\u0131\u015fveri\u015finde bulunuyorlard\u0131. \u0130lk s\u00f6z\u00fc Rus Delegasyonunun ba\u015fkan\u0131 alm\u0131\u015ft\u0131&#8230; K\u0131saca \u00f6zetleyecek olursak konu\u015fmas\u0131 \u015f\u00f6yleydi:<\/p>\n<p style=\"text-align: justify\">Rus Delegasyonunun ba\u015f\u0131ndaki ki\u015fi elindeki tespihi g\u00f6stererek bu nedir dedi. Masadakiler de tespih dediler. Peki, bu tespih tanelerini birbirine ba\u011flayan ba\u015f\u0131ndaki \u015fu k\u0131sa ba\u015fl\u0131k nedir dedi, onu bilemediler. Rus Delege, i\u015fte bu da imamedir dedi. Bu imame nas\u0131l bu tespih tanelerini bir yerde tutuyorsa Osmanl\u0131 \u0130mparatorlu\u011fu da b\u00fcnyesindeki farkl\u0131 topluluklar\u0131 bir arada tutuyor. Onlar\u0131n dinlerine, gelenek-g\u00f6reneklerine kar\u0131\u015fm\u0131yor, ya\u015fam serbestisi sunuyor. Bu topluluklar da ben \u015fuyum ben buyum demiyor, ben Osmanl\u0131y\u0131m diyor. Devam ediyor Rus Delege:<\/p>\n<p style=\"text-align: justify\">Peki ben \u015fimdi bu tespihin imamesini kopar\u0131rsam ne olur? Tabiki bu tespih taneleri oraya buraya sa\u00e7\u0131l\u0131r. Ki \u00f6yle de yap\u0131yor. Daha sonra oraya buraya sa\u00e7t\u0131\u011f\u0131 tespih tanelerinden istedi\u011fi gibi \u015fekiller yap\u0131yor. Ve sonras\u0131nda ekliyor:<\/p>\n<p style=\"text-align: justify\">Bu tespih tanelerini nas\u0131l istedi\u011fimiz \u015fekle sokabiliyorsak, Osmanl\u0131y\u0131 da b\u00f6yle yapmal\u0131y\u0131z. Bu farkl\u0131 uluslar\u0131n \u0130mamesi Osmanl\u0131d\u0131r. Biz bunun ba\u015f\u0131n\u0131 kopar\u0131rsak bu uluslar\u0131 da istedi\u011fimiz gibi \u015fekillendirebiliriz diye s\u00f6z\u00fcn\u00fc bitiriyor Rus Delege.<\/p>\n<p style=\"text-align: justify\">Fakat \u00e7\u0131karlar\u0131 \u00e7ak\u0131\u015ft\u0131, \u00e7\u0131karlar \u00e7ak\u0131\u015f\u0131nca da bu planlar\u0131 biraz ertelendi. 1800&#8217;l\u00fc y\u0131llar\u0131n ortalar\u0131ndan itibaren Osmanl\u0131 \u00e7ok b\u00fcy\u00fck darbeler ge\u00e7irmi\u015fti zaten. Sultan Abd\u00fclmecid&#8217;den hemen sonra tahta ge\u00e7en Sultan Abd\u00fclaziz intihar s\u00fcs\u00fc verilerek iki elinin bilekleri kesilmi\u015f bir \u015fekilde katledildi. Ard\u0131ndan darbeciler kolayca kullanabileceklerini zannettikleri 5. Murat&#8217;\u0131 getirdiler&#8230;<\/p>\n<p style=\"text-align: justify\">Ancak 5.Murat&#8217;\u0131n anomalisi yani davran\u0131\u015f bozuklu\u011fu vard\u0131, \u00f6yle ki bu davran\u0131\u015flar\u0131n\u0131n nedeni olarak amcas\u0131 Abd\u00fclaziz&#8217;in katledilmesi ve amcas\u0131n\u0131 kanlar i\u00e7inde g\u00f6rmesi de s\u00f6ylenir. Sonu\u00e7ta 5.Murat tahtta \u00e7ok kalamam\u0131\u015f onu hemen tahttan indirdiler ve y\u00f6netebileceklerini zannettikleri \u015eehzade Abd\u00fclhamid&#8217;i tahta ge\u00e7irdiler. Ama yan\u0131ld\u0131klar\u0131 bir nokta vard\u0131 darbecilerin, bunu da hesap edememi\u015flerdi&#8230;<\/p>\n<p style=\"text-align: justify\">Sultan Abd\u00fclhamid \u015fehzadelik y\u0131llar\u0131n\u0131 saraylardan uzakta, Maslak Kasr\u0131nda ge\u00e7irmi\u015fti. Bu onun en b\u00fcy\u00fck art\u0131s\u0131 oldu padi\u015fahl\u0131k y\u0131llar\u0131nda. Hi\u00e7kimse onu \u00e7\u00f6zemedi. Akl\u0131ndan ge\u00e7enleri hi\u00e7kimse okuyamad\u0131.<\/p>\n<p style=\"text-align: justify\">O kendisinden \u00f6nce darbecilerin bu devlete neler yapt\u0131\u011f\u0131n\u0131, amcas\u0131na neler yapt\u0131klar\u0131n\u0131 \u00e7ok iyi biliyordu. \u015eimdi s\u0131ra ondayd\u0131. Darbecilerin burnundan fitil fitil getirecekti. Tabi bunlar\u0131n arkas\u0131nda da kimlerin oldu\u011funu da biliyordu&#8230; Bu y\u00fczden \u00e7ok dikkatli olmal\u0131yd\u0131.<\/p>\n<p style=\"text-align: justify\">O, \u0130ngilizlerle i\u015f yaparken Almanlaya&#8217;ya da g\u00f6z k\u0131rp\u0131yordu. Kud\u00fcs, bug\u00fcn payla\u015f\u0131lamayan bir b\u00f6lge ise bu onun sayesindedir. Hi\u00e7bir zaman k\u0131rma d\u00f6kme pe\u015finde olmam\u0131\u015f, ihanet te\u015febb\u00fcs\u00fcnde olabilecekleri etraf\u0131nda tutarak onlar\u0131 bu hareketlerinden uzak tutmu\u015ftur. Bu \u00f6yle herkesin yapabilece\u011fi bir \u015fey de\u011fildi. Onunki devlet y\u00f6netme zekas\u0131 de\u011fil dehas\u0131yd\u0131 adeta&#8230;<\/p>\n<p style=\"text-align: justify\">Osmanl\u0131&#8217;n\u0131n \u00f6mr\u00fcn\u00fc de 33 y\u0131l dehas\u0131yla uzatm\u0131\u015ft\u0131. Ama darbeciler onu indirmekte kararl\u0131yd\u0131lar. Daha fazla beklemeye tahamm\u00fclleri yoktu. Bu i\u015fi kendilerince bitirmeliydiler&#8230;<\/p>\n<p style=\"text-align: justify\">Y\u0131ld\u0131z Saray\u0131n\u0131 darma da\u011f\u0131n ettiler, talan ettiler. Hal fetvas\u0131n\u0131 Karasso&#8217;nun da aras\u0131nda bulundu\u011fu d\u00f6rt darbeci vermi\u015fti. Abd\u00fclhamid Han da karde\u015f kan\u0131n\u0131 d\u00f6kmemek i\u00e7in taht\u0131 b\u0131rakmak zorunda kald\u0131&#8230;<\/p>\n<p style=\"text-align: justify\">Devam\u0131 Cumaya. Biliyorum en heyecanl\u0131 yerde yar\u0131m kald\u0131 ama biraz daha sab\u0131r&#8230;<\/p>\n<p style=\"text-align: justify\">Selam ve dua ile&#8230;<\/p>\n<p style=\"text-align: justify\"><strong>\u0130BRAH\u0130M YAVUZ<\/strong><\/p>\n","protected":false},"excerpt":{"rendered":"<p>1815 Viyana Kongresinde Osmanl\u0131 D\u00fc\u015fmanlar\u0131 toplanm\u0131\u015flard\u0131. Osmanl\u0131y\u0131 nas\u0131l payla\u015f\u0131r\u0131z, birbirine tespih taneleri gibi ba\u011fl\u0131 olan bu \u00e7ok uluslu imparatorlu\u011fu nas\u0131l b\u00f6leriz diye fikir al\u0131\u015fveri\u015finde bulunuyorlard\u0131. \u0130lk s\u00f6z\u00fc Rus Delegasyonunun ba\u015fkan\u0131 alm\u0131\u015ft\u0131&#8230; K\u0131saca \u00f6zetleyecek olursak konu\u015fmas\u0131 \u015f\u00f6yleydi: Rus Delegasyonunun ba\u015f\u0131ndaki ki\u015fi elindeki tespihi g\u00f6stererek bu nedir dedi. Masadakiler de tespih dediler. Peki, bu tespih tanelerini birbirine &hellip;<\/p>\n","protected":false},"author":20,"featured_media":48521,"comment_status":"open","ping_status":"open","sticky":false,"template":"","format":"standard","meta":{"om_disable_all_campaigns":false,"_themeisle_gutenberg_block_has_review":false,"_joinchat":[],"footnotes":""},"categories":[38,57,43],"tags":[],"class_list":["post-32969","post","type-post","status-publish","format-standard","has-post-thumbnail","","category-guncel","category-ibrahim","category-yazarlar"],"_links":{"self":[{"href":"https:\/\/akincilardergisi.com\/tr\/wp-json\/wp\/v2\/posts\/32969","targetHints":{"allow":["GET"]}}],"collection":[{"href":"https:\/\/akincilardergisi.com\/tr\/wp-json\/wp\/v2\/posts"}],"about":[{"href":"https:\/\/akincilardergisi.com\/tr\/wp-json\/wp\/v2\/types\/post"}],"author":[{"embeddable":true,"href":"https:\/\/akincilardergisi.com\/tr\/wp-json\/wp\/v2\/users\/20"}],"replies":[{"embeddable":true,"href":"https:\/\/akincilardergisi.com\/tr\/wp-json\/wp\/v2\/comments?post=32969"}],"version-history":[{"count":0,"href":"https:\/\/akincilardergisi.com\/tr\/wp-json\/wp\/v2\/posts\/32969\/revisions"}],"wp:featuredmedia":[{"embeddable":true,"href":"https:\/\/akincilardergisi.com\/tr\/wp-json\/wp\/v2\/media\/48521"}],"wp:attachment":[{"href":"https:\/\/akincilardergisi.com\/tr\/wp-json\/wp\/v2\/media?parent=32969"}],"wp:term":[{"taxonomy":"category","embeddable":true,"href":"https:\/\/akincilardergisi.com\/tr\/wp-json\/wp\/v2\/categories?post=32969"},{"taxonomy":"post_tag","embeddable":true,"href":"https:\/\/akincilardergisi.com\/tr\/wp-json\/wp\/v2\/tags?post=32969"}],"curies":[{"name":"wp","href":"https:\/\/api.w.org\/{rel}","templated":true}]}}