{"id":32948,"date":"2019-02-04T07:49:35","date_gmt":"2019-02-04T05:49:35","guid":{"rendered":"http:\/\/akincilardergisi.com\/dergi\/?p=32948"},"modified":"2023-11-07T12:01:34","modified_gmt":"2023-11-07T09:01:34","slug":"dun-ingiltereye-bugun-abdye","status":"publish","type":"post","link":"https:\/\/akincilardergisi.com\/tr\/dun-ingiltereye-bugun-abdye\/","title":{"rendered":"D\u00dcN \u0130NG\u0130LTERE\u2019YE BUG\u00dcN ABD\u2019YE"},"content":{"rendered":"<p style=\"text-align: justify\"><span style=\"font-weight: inherit;font-style: inherit;color: inherit\">T\u00fcrkiye\u2019de yerlilik ve millilik tart\u0131\u015fmas\u0131 bug\u00fcn\u00fcn meselesi de\u011fildir. 1839\u2019da ilan edilen Tanzimat Ferman\u0131\u2019yla ba\u015flayan tart\u0131\u015fmalar, 1856\u2019da ilan edilen Islahat Ferman\u0131 ile farkl\u0131 bir boyut kazanm\u0131\u015f, \u0130ttihat ve Terakki\u2019nin kurulmas\u0131 ile birlikte Bat\u0131 ad\u0131na tam yol al\u0131nm\u0131\u015ft\u0131r. B\u00f6ylelikle Bat\u0131, art\u0131k Osmanl\u0131 topraklar\u0131nda kurumsal manada yeni bir muhatap ve ayn\u0131 zamanda yeni bir emir eri bulmu\u015ftur. \u0130ttihat\u00e7\u0131lar Bat\u0131\u2019y\u0131 rahats\u0131z edecek hi\u00e7bir eyleme giri\u015fmedikleri gibi yapt\u0131klar\u0131yla alakal\u0131 olarak t\u00fcm talimatlar\u0131 da onlardan alm\u0131\u015flard\u0131r. \u00dcniversite y\u0131llar\u0131nda Osmanl\u0131 Yenile\u015fme Hareketleri dersimizde hocam\u0131z, Prens Sabahattin\u2019i ve d\u00fc\u015f\u00fcncelerini anlata anlata bitiremiyordu. Adam\u0131n sevimlili\u011fi ve \u00f6nemi yerli ve milli olu\u015fundan de\u011fil, a\u011fababalar\u0131na olan sadakatinden geliyordu. Zaten bizde tarih devlerin c\u00fcce, c\u00fccelerin dev g\u00f6sterilmesi mizanseni de\u011fil midir? Ne \u00fcniversitelerde okutulan, ne de liselerde okutulan tarih ger\u00e7ek tarih de\u011fil, kurgulanm\u0131\u015f tarihtir. En \u00f6nemli ders bu \u015fekilde sunulunca sonu\u00e7lar istenilen gibi olmuyor. Tarih \u00e7o\u011fu zaman ac\u0131t\u0131r; ancak ac\u0131tsa da do\u011frular bir g\u00fcn nas\u0131l olsa a\u00e7\u0131\u011fa \u00e7\u0131kacakt\u0131r. \u00c7\u00fcnk\u00fc uzun s\u00fcre saklanma \u00f6zelli\u011fi yoktur.<\/span><\/p>\n<p style=\"text-align: justify\"><span style=\"font-weight: inherit;font-style: inherit;color: inherit\">\u0130ttihat\u00e7\u0131 gelenek ve bug\u00fcnk\u00fc takip\u00e7ileri genelde Bat\u0131\u2019y\u0131 \u00f6zelde \u0130ngiltere\u2019yi rahats\u0131z edecek hi\u00e7bir ad\u0131m\u0131 atmam\u0131\u015ft\u0131r. Kurtulu\u015f Sava\u015f\u0131\u2019nda Yunan\u2019\u0131 denize d\u00f6kt\u00fck, sonras\u0131nda Mudanya M\u00fctarekesi\u2019ni\/ate\u015fkesini \u0130ngiltere ile yapt\u0131k. Lozan Antla\u015fmas\u0131\u2019nda sava\u015fmad\u0131\u011f\u0131m\u0131z \u0130ngiltere\u2019nin dalaverelerine boyun e\u011fdik. Bug\u00fcn Orta Do\u011fu\u2019da ya\u015fad\u0131\u011f\u0131m\u0131z sorunlar\u0131n temelinde Lozan\u2019la ba\u015flayan ve Ankara Antla\u015fmas\u0131 ile devam eden ezilmi\u015fli\u011fin kabullenilmemesi yatmaktad\u0131r.<\/span><\/p>\n<p style=\"text-align: justify\"><span style=\"font-weight: inherit;font-style: inherit;color: inherit\">Lozan sonras\u0131nda idarede ve siyasette ya\u015fanan geli\u015fmelerin tamam\u0131 \u0130ngiliz onayl\u0131d\u0131r. Onlar\u0131 rahats\u0131z edecek hi\u00e7bir geli\u015fme bu topraklarda ya\u015fanmam\u0131\u015ft\u0131r. \u0130ngiliz Krallar\u0131 bu \u00fclkede sanki Osmanl\u0131\u2019y\u0131 onlar y\u0131kmam\u0131\u015f gibi, sanki Orta Do\u011fu\u2019yu onlar elimizden almam\u0131\u015f gibi, sanki Paris Bar\u0131\u015f Konferans\u0131\u2019nda \u00fclkemizin i\u015fgal ile payla\u015f\u0131lmas\u0131 karar\u0131n\u0131 onlar vermemi\u015f gibi en b\u00fcy\u00fck ilgiyle kar\u015f\u0131lanm\u0131\u015ft\u0131r. O g\u00fcnlerin gazete ba\u015fl\u0131klar\u0131n\u0131n ortak man\u015feti:\u00a0<b>\u201cHasretle beklenen misafirimize kavu\u015ftuk.\u201d<\/b>\u00a0olmu\u015ftur. \u0130stiklal Sava\u015f\u0131 ile birlikte Emperyalizme kar\u015f\u0131 m\u00fccadele eden devletimiz, bunlar\u0131n en sevimli dostu haline gelmi\u015ftir. Onlar\u0131 \u00fczecek, rahats\u0131z edecek hi\u00e7bir ad\u0131m at\u0131lmam\u0131\u015f, yap\u0131lanlar\u0131n tamam\u0131 onay alm\u0131\u015ft\u0131r. Hat\u0131rlayal\u0131m Cumhurba\u015fkanl\u0131\u011f\u0131 sistemi ile ilgili referandumda Bat\u0131 taraf olmu\u015f, T\u00fcrkiye\u2019nin bu sisteme ge\u00e7mesine \u015fiddetle kar\u015f\u0131 \u00e7\u0131km\u0131\u015f, bu mesele Avrupa\u2019n\u0131n en \u00f6nemli sorunu haline gelmi\u015fti. Ayn\u0131 Bat\u0131; hukuk sistemimizi kendilerinden almam\u0131za, Medeni Kanunu \u0130svi\u00e7re\u2019den almam\u0131za, kendilerinin kulland\u0131\u011f\u0131 f\u00f6tr \u015fapkay\u0131 almam\u0131za, Latin alfabesine ge\u00e7i\u015fimize, halifeli\u011fi kald\u0131r\u0131\u015f\u0131m\u0131za pek memnun olmu\u015flard\u0131. \u0130slam d\u00fcnyas\u0131na ve M\u00fcsl\u00fcmanlara s\u0131rt d\u00f6nmemiz, Afrika\u2019y\u0131 unutur olmam\u0131z onlar\u0131 ziyadesiyle memnun etmi\u015fti. B\u00f6yle bir T\u00fcrkiye onlar i\u00e7in olmazsa olmaz idi. Fransa\u2019n\u0131n bir \u00f6nceki ba\u015fkan\u0131 Holand\u2019\u0131n dedi\u011fi gibi:\u00a0<b>\u201cTayyip Erdo\u011fan\u2019dan \u00f6nce ne g\u00fczel bir T\u00fcrkiye vard\u0131, ne diyorsak yap\u0131yorlard\u0131, oysa \u015fimdi sorunlar ya\u015f\u0131yoruz.\u201d\u00a0<\/b>\u00d6yle art\u0131k emir erleri bir T\u00fcrkiye yok, zincirlerini, prangalar\u0131n\u0131 k\u0131ran bir T\u00fcrkiye var. B\u00fct\u00fcn bunlar bir tak\u0131m sanc\u0131lar\u0131n ya\u015fanmas\u0131na yol a\u00e7maktad\u0131r. K\u00fc\u00e7\u00fck \u00e7ocuklarda b\u00fcy\u00fcmekten kaynaklanan a\u011fr\u0131lar\u0131n olmas\u0131 gibi T\u00fcrkiye\u2019miz de geli\u015fmekten, b\u00fcy\u00fcmekten ve g\u00fc\u00e7lenmekten kaynaklanan bir tak\u0131m a\u011fr\u0131lar ya\u015famaktad\u0131r. Bizim \u0130ttihat\u00e7\u0131 gelene\u011fin temsilcileri ve h\u00fcrmetle e\u011fildikleri \u00fclkeler de buna al\u0131\u015facakt\u0131r.<\/span><\/p>\n<p style=\"text-align: justify\"><span style=\"font-weight: inherit;font-style: inherit;color: inherit\">T\u00fcrkiye\u2019nin ezikleri d\u00fcn \u0130ngiltere\u2019ye \u00f6vg\u00fcler dizerken bug\u00fcn ayn\u0131 \u00f6vg\u00fcler Amerika\u2019ya dizilmektedir. Amerika\u2019y\u0131 sevdiklerinden de\u011fil, Amerikas\u0131z bir darbe yap\u0131p Erdo\u011fan\u2019\u0131 deviremeyeceklerini bildiklerindendir. Fet\u00f6 hain kalk\u0131\u015fmas\u0131na tiyatro demeleri de bundand\u0131r. Du\u015f al\u0131p tra\u015f olacaks\u0131n, beyaz g\u00f6mle\u011fi giyip, lacivert tak\u0131m elbiseyi \u00e7ekeceksin, televizyonun ba\u015f\u0131na ge\u00e7ip geli\u015fmeleri takip edip gelecek olan telefonu bekleyeceksin. Sabah saatlerinde askerlerin teslim oldu\u011funu g\u00f6r\u00fcnce de \u201cKahretsin yine olmad\u0131!\u201d deyip beceremeyenlere kapt\u0131racaks\u0131n, ondan sonra da bu bir tiyatrodur diyeceksin. Hakikaten senin televizyon ba\u015f\u0131ndaki beklemeyle ba\u015flayan rol\u00fcn bir tiyatroydu ama gerisini oynatamad\u0131lar. Senin rol\u00fcn sabaha kadar televizyonun ba\u015f\u0131nda ABD\u2019den gelecek olan telefonu beklemekti. Ve bu rol\u00fc hakk\u0131yla da oynad\u0131n.<\/span><\/p>\n<p style=\"text-align: justify\"><span style=\"font-weight: inherit;font-style: inherit;color: inherit\">15 Temmuz darbe giri\u015fiminden sonra ya\u015fananlara ve bu zihniyetin yapt\u0131klar\u0131na bakt\u0131\u011f\u0131m\u0131zda d\u00fcn \u0130ngilizler olmadan bir \u015feyler yap\u0131lamaz diyenler, bug\u00fcn ABD\u2019siz bir \u015fey yap\u0131lamaz anlay\u0131\u015f\u0131na evirildikleri i\u00e7in ABD\u2019ci oldular. Adam Venez\u00fcella\u2019da darbe yap\u0131yor, se\u00e7ilmi\u015f ve g\u00fc\u00e7l\u00fc liderlere tahamm\u00fcl etmedi\u011fini a\u00e7\u0131k\u00e7a ilan ediyor, bizim \u0130ttihat\u00e7\u0131 gelenek\u00e7ilerden ses \u00e7\u0131km\u0131yor. ABD ad\u0131na darbe yapan hainleri koluna tak\u0131p onlara adalet isteyebiliyor. Bu nas\u0131l bir millilik, bu nas\u0131l bir yerlilik, bu nas\u0131l bir solculuktur? Amerika\u2019y\u0131 takmayan Ecevit, Afyon ekimine ge\u00e7mi\u015fti. Bunlar o g\u00fcnlerde partide olsayd\u0131lar demek ki Ecevit\u2019e de bir kaset komplosu kurup partiden atacaklard\u0131. Sorsan yerli ve milliler, tabi yersen\u2026<\/span><\/p>\n<p style=\"text-align: justify\"><span style=\"font-weight: inherit;font-style: inherit;color: inherit\">D\u00fcn \u0130ngilizler ad\u0131na y\u00f6netilen T\u00fcrkiye\u2019yi geri alan bir Reis varken, ABD\u2019ye eklemlenmek istenen T\u00fcrkiye\u2019yi geri almak i\u00e7in canla ba\u015fla m\u00fccadele eden Reis varken, Reis\u2019in yan\u0131nda olmak varken;<span style=\"color: inherit\">\u00a0\u00a0<\/span>hani so\u011fan, hani sar\u0131msak diyen Yahudiler gibi mi olal\u0131m?<\/span><\/p>\n<p style=\"text-align: justify\"><b><span style=\"font-weight: inherit;font-style: inherit;color: red\">\u00d6mer Naci YILMAZ<\/span><\/b><\/p>\n","protected":false},"excerpt":{"rendered":"<p>T\u00fcrkiye\u2019de yerlilik ve millilik tart\u0131\u015fmas\u0131 bug\u00fcn\u00fcn meselesi de\u011fildir. 1839\u2019da ilan edilen Tanzimat Ferman\u0131\u2019yla ba\u015flayan tart\u0131\u015fmalar, 1856\u2019da ilan edilen Islahat Ferman\u0131 ile farkl\u0131 bir boyut kazanm\u0131\u015f, \u0130ttihat ve Terakki\u2019nin kurulmas\u0131 ile birlikte Bat\u0131 ad\u0131na tam yol al\u0131nm\u0131\u015ft\u0131r. B\u00f6ylelikle Bat\u0131, art\u0131k Osmanl\u0131 topraklar\u0131nda kurumsal manada yeni bir muhatap ve ayn\u0131 zamanda yeni bir emir eri bulmu\u015ftur. \u0130ttihat\u00e7\u0131lar &hellip;<\/p>\n","protected":false},"author":26,"featured_media":48521,"comment_status":"open","ping_status":"open","sticky":false,"template":"","format":"standard","meta":{"om_disable_all_campaigns":false,"_themeisle_gutenberg_block_has_review":false,"_joinchat":[],"footnotes":""},"categories":[38,54,43],"tags":[],"class_list":["post-32948","post","type-post","status-publish","format-standard","has-post-thumbnail","","category-guncel","category-omer","category-yazarlar"],"_links":{"self":[{"href":"https:\/\/akincilardergisi.com\/tr\/wp-json\/wp\/v2\/posts\/32948","targetHints":{"allow":["GET"]}}],"collection":[{"href":"https:\/\/akincilardergisi.com\/tr\/wp-json\/wp\/v2\/posts"}],"about":[{"href":"https:\/\/akincilardergisi.com\/tr\/wp-json\/wp\/v2\/types\/post"}],"author":[{"embeddable":true,"href":"https:\/\/akincilardergisi.com\/tr\/wp-json\/wp\/v2\/users\/26"}],"replies":[{"embeddable":true,"href":"https:\/\/akincilardergisi.com\/tr\/wp-json\/wp\/v2\/comments?post=32948"}],"version-history":[{"count":0,"href":"https:\/\/akincilardergisi.com\/tr\/wp-json\/wp\/v2\/posts\/32948\/revisions"}],"wp:featuredmedia":[{"embeddable":true,"href":"https:\/\/akincilardergisi.com\/tr\/wp-json\/wp\/v2\/media\/48521"}],"wp:attachment":[{"href":"https:\/\/akincilardergisi.com\/tr\/wp-json\/wp\/v2\/media?parent=32948"}],"wp:term":[{"taxonomy":"category","embeddable":true,"href":"https:\/\/akincilardergisi.com\/tr\/wp-json\/wp\/v2\/categories?post=32948"},{"taxonomy":"post_tag","embeddable":true,"href":"https:\/\/akincilardergisi.com\/tr\/wp-json\/wp\/v2\/tags?post=32948"}],"curies":[{"name":"wp","href":"https:\/\/api.w.org\/{rel}","templated":true}]}}