{"id":32886,"date":"2019-02-01T00:00:39","date_gmt":"2019-01-31T22:00:39","guid":{"rendered":"http:\/\/akincilardergisi.com\/dergi\/?p=32886"},"modified":"2023-11-05T13:25:34","modified_gmt":"2023-11-05T10:25:34","slug":"1299-ruhu-2","status":"publish","type":"post","link":"https:\/\/akincilardergisi.com\/tr\/1299-ruhu-2\/","title":{"rendered":"1299 RUHU -2-"},"content":{"rendered":"<p style=\"text-align: justify\">Osmanl\u0131&#8217;n\u0131n Kurucu Padi\u015fahlar\u0131ndan Orhan Bey Avrupa&#8217;ya yay\u0131lman\u0131n ilk ad\u0131m\u0131n\u0131 att\u0131. Bizansl\u0131 bir Prensesle evlenen Orhan Bey, Gelibolu Kalesi olmak \u00fczere bir\u00e7ok hediyeyi de \u00e7eyiz olarak ald\u0131. B\u00f6ylece Osmanl\u0131, Rumeli&#8217;de bir yer edinmi\u015fti ve ileride Balkanlara yay\u0131lmada buras\u0131 b\u00fcy\u00fck bir rol oynayacakt\u0131.<\/p>\n<p style=\"text-align: justify\">Osmanl\u0131 zamanla bir\u00e7ok Anadolu topraklar\u0131n\u0131 s\u0131n\u0131rlar\u0131 i\u00e7erisine katm\u0131\u015f ve ald\u0131\u011f\u0131 her yeri \u0130slam K\u00fclt\u00fcr ve Medeniyet \u015fehri haline getirmi\u015fti.<\/p>\n<p style=\"text-align: justify\">&#8230;<\/p>\n<p style=\"text-align: justify\">Art\u0131k s\u0131ras\u0131 gelmi\u015fti. Hz. Peygamber Efendimizin m\u00fcjdeledi\u011fi Konstantiniyye&#8217;nin yani \u0130stanbul&#8217;un Fethine. Bu kime nasip olacakt\u0131? Osman Bey, Orhan Bey, Murad-\u0131 H\u00fcdavendigar, Y\u0131ld\u0131r\u0131m Bayezid, 2. Murat&#8230; Elbette onlar da \u00e7ok istemi\u015flerdi \u0130stanbul&#8217;u almay\u0131. Ancak o \u00f6yle herkese nasip olmazd\u0131&#8230;<\/p>\n<p style=\"text-align: justify\">Hem onlar\u0131n d\u00f6neminde Osmanl\u0131 daha yeni yeni topraklar\u0131n\u0131 geni\u015fletiyordu. S\u00f6z konusu ayr\u0131 bir Medeniyet olan Konstantiniyye idi. Evet, zaman\u0131 gelmi\u015fti. Bu 21 ya\u015f\u0131nda gen\u00e7, cengaver, g\u00f6z\u00fc kara bir yi\u011fite nasip olacakt\u0131&#8230;<\/p>\n<p style=\"text-align: justify\">O Fatih&#8217;ti. \u0130stanbul&#8217;un Fatihiydi. Konstantiniyye&#8217;nin hakimiydi. O belki \u0130stanbul&#8217;a hakim olmu\u015ftu ama onun derdi hakim olmak de\u011fil hadim olmakt\u0131, gitti\u011fi her yeri \u0130slam Sanca\u011f\u0131 alt\u0131nda sarmalamakt\u0131. Hi\u00e7kimseyi M\u00fcsl\u00fcman olmaya zorlamad\u0131, zaten dininin buna cevaz vermedi\u011fini biliyordu.<\/p>\n<p style=\"text-align: justify\">Zaten onun Fetih sonras\u0131nda Sur i\u00e7indekilere kar\u015f\u0131 tutum ve davran\u0131\u015flar\u0131 bunu g\u00f6steriyordu. Gayri M\u00fcslimler istedi\u011fi \u015fekilde ya\u015famaya, ayn\u0131 d\u00fczende devam ettiler. Bunda hi\u00e7bir zorlama olmam\u0131\u015ft\u0131&#8230;<\/p>\n<p style=\"text-align: justify\">Ya o kimin izinden gidiyordu? Bu a\u00e7\u0131kt\u0131, o Hz. Peygamberin yolunu izliyordu, o Hz. \u00d6mer&#8217;in Anadolu s\u0131n\u0131rlar\u0131na vard\u0131\u011f\u0131nda, Afrika&#8217;ya kadar gitti\u011finde izledi\u011fi yolu izledi, o Selahaddin Eyyubi&#8217;nin dizlere kadar M\u00fcsl\u00fcman kan\u0131 d\u00f6k\u00fclmesine ra\u011fmen izledi\u011fi yolu izliyordu, o atalar\u0131n\u0131n yolunu izliyordu&#8230;<\/p>\n<p style=\"text-align: justify\">\u0130\u015fte \u0130slam buydu. \u0130slam yak\u0131p y\u0131kmay\u0131 de\u011fil, yapmay\u0131, ye\u015fertmeyi, Medeniyet Havzas\u0131 kurmay\u0131 emrediyordu. O y\u00fczden \u0130slam dini geldi\u011fi g\u00fcnden bu yana dalga dalga ilerliyordu. Bu, ba\u015fka bir \u015feyle a\u00e7\u0131klanamazd\u0131&#8230;<\/p>\n<p style=\"text-align: justify\">\u0130\u015fte Fatih bu dalgan\u0131n neferiydi sadece. \u0130stanbul&#8217;la yetinmeyecekti elbette. Daha yukar\u0131lara gidecekti. G\u00fcc\u00fc yetti\u011fince Avrupa i\u00e7lerine girmeye \u00e7al\u0131\u015fm\u0131\u015ft\u0131, M\u00fcsl\u00fcmanl\u0131\u011f\u0131 Avrupa&#8217;ya g\u00f6t\u00fcrmek i\u00e7in s\u0131n\u0131rlar\u0131n\u0131 zorlam\u0131\u015ft\u0131 ama vadesi yetmemi\u015fti. Ona nasip olmad\u0131. Arkas\u0131ndan gelen torunu Yavuz Sultan Selim tekrar \u0130slam topraklar\u0131na \u00e7evirmi\u015fti g\u00f6z\u00fcn\u00fc. Meml\u00fckleri yenerek Halifeli\u011fi alm\u0131\u015ft\u0131.\u00a0 Torunu Kanuni Sultan S\u00fcleyman Avrupa&#8217;da Viyana kap\u0131lar\u0131na kadar dayand\u0131 ama o yapamad\u0131. Bu kime nasip olacakt\u0131? Galiba daha beklemek gerekiyordu.<\/p>\n<p style=\"text-align: justify\">Kanuni Sultan S\u00fcleyman sonras\u0131 bir duraksama oldu cihan devletinde. Buna ister taht h\u0131rslar\u0131 deyin, ister devlet y\u00f6netmeyi bilmeyenlerin ba\u015fa gelmesi deyin, ister darbeler deyin&#8230; D\u00fcnya de\u011fi\u015fiyor ancak Osmanl\u0131 buna ayak uyduram\u0131yordu.<\/p>\n<p style=\"text-align: justify\">Zamanla d\u00fcnyaya adalet da\u011f\u0131tan, bir Medeniyetin nas\u0131l kuruldu\u011funu, nas\u0131l ye\u015fertildi\u011fini, devlet y\u00f6netmenin ne demek oldu\u011funu d\u00fcnyaya hayk\u0131ran koca bir \u0130mparatorluk zay\u0131f d\u00fc\u015fmeye ba\u015flam\u0131\u015ft\u0131.<\/p>\n<p style=\"text-align: justify\">\u0130slam d\u00fc\u015fmanlar\u0131 da g\u00fc\u00e7 birli\u011fi yapmaya gitmi\u015flerdi. Birbirlerini zerre kadar sevmeyenler b\u00fcy\u00fck pastadan pay almak i\u00e7in bir olmu\u015flard\u0131. Osmanl\u0131 ise zay\u0131fl\u0131yor ve zamanla \u0130SLAM SANCA\u011eI \u0130LE SARMALADI\u011eI yerlerden bir deniz misali geri \u00e7ekiliyordu&#8230;<\/p>\n<p style=\"text-align: justify\">Devam edecek&#8230;<\/p>\n<p style=\"text-align: justify\">Selam ve dua ile&#8230;<\/p>\n<p style=\"text-align: justify\"><strong>\u0130BRAH\u0130M YAVUZ<\/strong><\/p>\n<p style=\"text-align: justify\">\n","protected":false},"excerpt":{"rendered":"<p>Osmanl\u0131&#8217;n\u0131n Kurucu Padi\u015fahlar\u0131ndan Orhan Bey Avrupa&#8217;ya yay\u0131lman\u0131n ilk ad\u0131m\u0131n\u0131 att\u0131. Bizansl\u0131 bir Prensesle evlenen Orhan Bey, Gelibolu Kalesi olmak \u00fczere bir\u00e7ok hediyeyi de \u00e7eyiz olarak ald\u0131. B\u00f6ylece Osmanl\u0131, Rumeli&#8217;de bir yer edinmi\u015fti ve ileride Balkanlara yay\u0131lmada buras\u0131 b\u00fcy\u00fck bir rol oynayacakt\u0131. Osmanl\u0131 zamanla bir\u00e7ok Anadolu topraklar\u0131n\u0131 s\u0131n\u0131rlar\u0131 i\u00e7erisine katm\u0131\u015f ve ald\u0131\u011f\u0131 her yeri \u0130slam K\u00fclt\u00fcr &hellip;<\/p>\n","protected":false},"author":20,"featured_media":48521,"comment_status":"open","ping_status":"open","sticky":false,"template":"","format":"standard","meta":{"om_disable_all_campaigns":false,"_themeisle_gutenberg_block_has_review":false,"_joinchat":[],"footnotes":""},"categories":[38,57,43],"tags":[],"class_list":["post-32886","post","type-post","status-publish","format-standard","has-post-thumbnail","","category-guncel","category-ibrahim","category-yazarlar"],"_links":{"self":[{"href":"https:\/\/akincilardergisi.com\/tr\/wp-json\/wp\/v2\/posts\/32886","targetHints":{"allow":["GET"]}}],"collection":[{"href":"https:\/\/akincilardergisi.com\/tr\/wp-json\/wp\/v2\/posts"}],"about":[{"href":"https:\/\/akincilardergisi.com\/tr\/wp-json\/wp\/v2\/types\/post"}],"author":[{"embeddable":true,"href":"https:\/\/akincilardergisi.com\/tr\/wp-json\/wp\/v2\/users\/20"}],"replies":[{"embeddable":true,"href":"https:\/\/akincilardergisi.com\/tr\/wp-json\/wp\/v2\/comments?post=32886"}],"version-history":[{"count":0,"href":"https:\/\/akincilardergisi.com\/tr\/wp-json\/wp\/v2\/posts\/32886\/revisions"}],"wp:featuredmedia":[{"embeddable":true,"href":"https:\/\/akincilardergisi.com\/tr\/wp-json\/wp\/v2\/media\/48521"}],"wp:attachment":[{"href":"https:\/\/akincilardergisi.com\/tr\/wp-json\/wp\/v2\/media?parent=32886"}],"wp:term":[{"taxonomy":"category","embeddable":true,"href":"https:\/\/akincilardergisi.com\/tr\/wp-json\/wp\/v2\/categories?post=32886"},{"taxonomy":"post_tag","embeddable":true,"href":"https:\/\/akincilardergisi.com\/tr\/wp-json\/wp\/v2\/tags?post=32886"}],"curies":[{"name":"wp","href":"https:\/\/api.w.org\/{rel}","templated":true}]}}