{"id":32304,"date":"2019-01-02T00:00:32","date_gmt":"2019-01-01T22:00:32","guid":{"rendered":"http:\/\/akincilardergisi.com\/dergi\/?p=32304"},"modified":"2023-11-05T13:25:36","modified_gmt":"2023-11-05T10:25:36","slug":"heyet-3ten-muhtesem-detaylar","status":"publish","type":"post","link":"https:\/\/akincilardergisi.com\/tr\/heyet-3ten-muhtesem-detaylar\/","title":{"rendered":"M\u0130LL\u0130 M\u00dcCADELE&#8217;N\u0130N L\u0130DER\u0130 NASIL BEL\u0130RLEND\u0130!!!"},"content":{"rendered":"<p style=\"text-align: justify\">Halil Ya\u015far Kollu&#8217;nun kaleme ald\u0131\u011f\u0131 &#8220;HEYET III&#8221; adl\u0131 eser devletin cumhuriyet d\u00f6neminde a\u00e7\u0131klanmam\u0131\u015f ve \u015fimdiye kadar hi\u00e7bir yerde yaz\u0131lmam\u0131\u015f s\u0131rlar\u0131n\u0131 deliller ve belgeler e\u015fli\u011finde okuyucular\u0131na sunuyor. Ekim 2018&#8217;de ilk bas\u0131m\u0131 yap\u0131lan eser \u00f6nceki iki seriyi aratmayacak derecede etkili. \u0130lk okudu\u011fumda pek bir tat alamad\u0131m, anlayamad\u0131m daha do\u011frusu. O y\u00fczden ikinci kez okumaya ba\u015flad\u0131m&#8230;<\/p>\n<p style=\"text-align: justify\">Yazar\u0131n da dedi\u011fi gibi bir tarih profes\u00f6r\u00fcn\u00fcn bile belki de ilk defa okuyaca\u011f\u0131 bilgiler mevcut i\u00e7erisinde. Zira ben de dahil \u015fimdiki nesillere de bu bilgiler aktar\u0131lm\u0131yor sadece kronoloji tarih\u00e7ili\u011fi \u00fczerinde duruluyor. Bu da bizleri &#8220;\u00f6l\u00fcm\u00fc g\u00f6sterip s\u0131tmaya raz\u0131 etmek&#8221; demek oluyor.<\/p>\n<p style=\"text-align: justify\">Kitab\u0131n hemen ba\u015f\u0131nda \u00e7ok \u00f6nemli bir konuya de\u011finilmi\u015f. Konu\u00a0 M\u0130LL\u0130 M\u00dcCADELEN\u0130N ba\u015f\u0131na kimin ge\u00e7irilece\u011fi. Bununla ilgili toplant\u0131 Sultan Vahdettin&#8217;in ablas\u0131 Mediha Sultan&#8217;\u0131n o\u011flu Sami Bey&#8217;in evinde yap\u0131l\u0131r. Tarihler Mart 1919&#8217;u g\u00f6stermektedir. Dikkat edin hen\u00fcz May\u0131s de\u011fil!<\/p>\n<p style=\"text-align: justify\">Ordudaki \u00fcst d\u00fczey isimler Milli M\u00fccadelenin ba\u015f\u0131na kimin ge\u00e7ece\u011fi ile ilgili fikir al\u0131\u015fveri\u015flerinde bulunurlar. Kimi bir isim s\u00f6ylemekte kimi ise o ismi uygun bulmamakta. Gece yar\u0131s\u0131 oldu\u011funda ise herkesin hemfikir olabilece\u011fi bir isim \u00fczerinde anla\u015fmaya yak\u0131nd\u0131rlar. Bu isim Enver Pa\u015fa&#8217;n\u0131n karde\u015fi ve &#8220;BAK\u00dc FAT\u0130H\u0130&#8221; olarak bilinen Nuri Pa\u015fa&#8217;d\u0131r. (Nuri Pa\u015fa daha sonralar\u0131 K\u0131br\u0131s Harekat\u0131 i\u00e7in el alt\u0131ndan silah aktard\u0131\u011f\u0131 gerek\u00e7esiyle kendisinin de i\u00e7inde bulundu\u011fu fabrikada patlayan bomba nedeniyle \u015fehit olacakt\u0131r.)<\/p>\n<p style=\"text-align: justify\">Herkes da\u011f\u0131lmak \u00fczereydi. Sonu\u00e7ta Nuri Pa\u015fa \u00fczerinde karar k\u0131l\u0131nm\u0131\u015ft\u0131. Herkes vedala\u015f\u0131rken bir arac\u0131n yakla\u015ft\u0131\u011f\u0131n\u0131 g\u00f6rd\u00fcler. Hemen silahlar\u0131na sar\u0131lm\u0131\u015flard\u0131. Ancak gelenin Refet Bele oldu\u011funu anlay\u0131nca rahat bir nefes ald\u0131lar. Refet Bey \u00f6z\u00fcrlerini diledikten sonra kimin \u00fczerinde karar k\u0131l\u0131nd\u0131\u011f\u0131n\u0131 sorarlar. Refet Bey, Nuri Pa\u015fa cevab\u0131n\u0131 al\u0131nca &#8220;Bu pek do\u011fru karar olmasa gerek&#8221; der.<\/p>\n<p style=\"text-align: justify\">Oradakilerin sebebini sormas\u0131 \u00fczerine Refet Bey de herkesin daha \u00e7ok tan\u0131d\u0131\u011f\u0131 birinin olmas\u0131 gerekti\u011fini s\u00f6yler ve tekrar g\u00f6r\u00fc\u015fmek \u00fczere k\u00f6\u015fke girerler. Refet Bey, Mustafa Kemal Pa\u015fa&#8217;n\u0131n olmas\u0131n\u0131, onun arkas\u0131nda \u00c7anakkale&#8217;nin oldu\u011funu ve bunun da g\u00fc\u00e7l\u00fc bir dayanak oldu\u011funu s\u00f6yler.<\/p>\n<p style=\"text-align: justify\">Orada tart\u0131\u015fma tekrar ba\u015flar. \u00d6yle ki Mustafa Kemal Pa\u015fa&#8217;y\u0131 da istemeyenler vard\u0131r. Padi\u015faha g\u00f6nderilecek isim listesi haz\u0131rlan\u0131r. Listede hangi isimlerin kimi s\u00f6yledi\u011fi ve hangi ismi kimin istemedi\u011fi yaz\u0131l\u0131d\u0131r. Art\u0131k bir isim \u00fczerinde anla\u015f\u0131l\u0131r, son karar\u0131 verecek olan da Sultan Vahdettin&#8217;dir.<\/p>\n<p style=\"text-align: justify\">Listeyi Padi\u015faha sadrazam g\u00f6t\u00fcrm\u00fc\u015ft\u00fcr. Sadrazam listeyi Sultana sunarken askerlerin Mustafa Kemal Pa\u015fa&#8217;y\u0131 istedi\u011fini s\u00f6yler. Vahdettin, ablas\u0131n\u0131n o\u011flu Sami Beye &#8220;Ne dersin, Enver mi daha iyi askerdir yoksa Mustafa Kemal mi?&#8221; der. Sami Bey bir yandan kendisine uzat\u0131lan notu okumaktad\u0131r. Notta \u015f\u00f6yle yazmaktad\u0131r:<\/p>\n<p style=\"text-align: justify\">&#8220;En iyi askerimizdir ama baz\u0131 sebeplerden dolay\u0131 uygun de\u011fildir. Cumhuriyet\u00e7i oldu\u011fu s\u00f6ylenir.&#8221; (Mustafa Kemal i\u00e7in)<\/p>\n<p style=\"text-align: justify\">Sami Bey, Sultana d\u00f6nerek &#8220;Yaz\u0131lanlar\u0131 okudunuz Sultan\u0131m. Hepsi do\u011frudur. Mustafa Kemal cumhuriyet\u00e7i biridir. Hanedan\u0131 s\u0131k\u0131nt\u0131ya d\u00fc\u015f\u00fcrebilir. Hanedan\u0131n\u0131z\u0131 d\u00fc\u015f\u00fcn\u00fcp ba\u015fka bir isim d\u00fc\u015f\u00fcnelim.&#8221; der.<\/p>\n<p style=\"text-align: justify\">Sultan Vahdettin ise &#8220;Ne Hanedan\u0131! Ne Hanedan\u0131! Hanedan m\u0131 kalm\u0131\u015f? Hanedan olmu\u015f handegan! Madem en iyi askerimiz diyorlar, o zaman onun gitmesi laz\u0131m.&#8221; diye sert\u00e7e konu\u015fur. &#8220;Eski pa\u015falar onu k\u0131skan\u0131yorlar&#8221; der ve askeriyenin ald\u0131\u011f\u0131 karara imza att\u0131ktan sonra \u015f\u00f6yle der:<\/p>\n<p style=\"text-align: justify\">&#8220;Bu adam bu i\u015fi yapacak.&#8221;<\/p>\n<p style=\"text-align: justify\">Yaz\u0131y\u0131 bitirmeden ben de bir parantez ekleyeyim. Sultan Vahdettin \u00e7ok \u00f6nemli bir noktaya de\u011finmi\u015f. Hanedan falan kalmam\u0131\u015ft\u0131 art\u0131k ortada. Vahdettin&#8217;in as\u0131l amac\u0131 art\u0131k Anadoluyu kurtarmak Kars-Edirne aras\u0131n\u0131 kurtarmakt\u0131. \u0130ki ki\u015fi \u00fczerinde tart\u0131\u015f\u0131yorlard\u0131. Enver Pa\u015fa ve Mustafa Kemal Pa\u015fa. Enver Pa\u015fa&#8217;y\u0131 askerler \u00e7ok severdi ama Subay kadrosu pek sevmezdi. Mustafa Kemal Pa\u015fa&#8217;n\u0131n arkas\u0131nda ise koskoca \u00c7anakkale vard\u0131 hem de Cumhuriyet\u00e7iydi. O zaman i\u00e7in \u00f6yle birinin olmas\u0131 gerekiyordu. Enver Pa\u015fa dindar bir insand\u0131. Yanl\u0131\u015f anla\u015f\u0131lmas\u0131n burada Mustafa Kemal Pa\u015fa&#8217;ya bir \u015fey dedi\u011fim yok. Zaten Sultan Vahdettin de onun Cumhuriyet\u00e7i kimli\u011fi nedeniyle onu g\u00f6revlendirmi\u015fti. Olaya bu a\u00e7\u0131dan bakarsak daha iyi anlar\u0131z diye d\u00fc\u015f\u00fcn\u00fcyorum. O zaman\u0131n derin T\u00fcrk Ordusu. \u015eimdi daha iyi anl\u0131yoruz her \u015feyi&#8230;<\/p>\n<p style=\"text-align: justify\">Selam ve dua ile&#8230;<\/p>\n<p style=\"text-align: justify\"><strong>\u0130BRAH\u0130M YAVUZ<\/strong><\/p>\n<p style=\"text-align: justify\">\n","protected":false},"excerpt":{"rendered":"<p>Halil Ya\u015far Kollu&#8217;nun kaleme ald\u0131\u011f\u0131 &#8220;HEYET III&#8221; adl\u0131 eser devletin cumhuriyet d\u00f6neminde a\u00e7\u0131klanmam\u0131\u015f ve \u015fimdiye kadar hi\u00e7bir yerde yaz\u0131lmam\u0131\u015f s\u0131rlar\u0131n\u0131 deliller ve belgeler e\u015fli\u011finde okuyucular\u0131na sunuyor. Ekim 2018&#8217;de ilk bas\u0131m\u0131 yap\u0131lan eser \u00f6nceki iki seriyi aratmayacak derecede etkili. \u0130lk okudu\u011fumda pek bir tat alamad\u0131m, anlayamad\u0131m daha do\u011frusu. O y\u00fczden ikinci kez okumaya ba\u015flad\u0131m&#8230; Yazar\u0131n da &hellip;<\/p>\n","protected":false},"author":20,"featured_media":48521,"comment_status":"open","ping_status":"open","sticky":false,"template":"","format":"standard","meta":{"om_disable_all_campaigns":false,"_themeisle_gutenberg_block_has_review":false,"_joinchat":[],"footnotes":""},"categories":[38,57,43],"tags":[],"class_list":["post-32304","post","type-post","status-publish","format-standard","has-post-thumbnail","","category-guncel","category-ibrahim","category-yazarlar"],"_links":{"self":[{"href":"https:\/\/akincilardergisi.com\/tr\/wp-json\/wp\/v2\/posts\/32304","targetHints":{"allow":["GET"]}}],"collection":[{"href":"https:\/\/akincilardergisi.com\/tr\/wp-json\/wp\/v2\/posts"}],"about":[{"href":"https:\/\/akincilardergisi.com\/tr\/wp-json\/wp\/v2\/types\/post"}],"author":[{"embeddable":true,"href":"https:\/\/akincilardergisi.com\/tr\/wp-json\/wp\/v2\/users\/20"}],"replies":[{"embeddable":true,"href":"https:\/\/akincilardergisi.com\/tr\/wp-json\/wp\/v2\/comments?post=32304"}],"version-history":[{"count":0,"href":"https:\/\/akincilardergisi.com\/tr\/wp-json\/wp\/v2\/posts\/32304\/revisions"}],"wp:featuredmedia":[{"embeddable":true,"href":"https:\/\/akincilardergisi.com\/tr\/wp-json\/wp\/v2\/media\/48521"}],"wp:attachment":[{"href":"https:\/\/akincilardergisi.com\/tr\/wp-json\/wp\/v2\/media?parent=32304"}],"wp:term":[{"taxonomy":"category","embeddable":true,"href":"https:\/\/akincilardergisi.com\/tr\/wp-json\/wp\/v2\/categories?post=32304"},{"taxonomy":"post_tag","embeddable":true,"href":"https:\/\/akincilardergisi.com\/tr\/wp-json\/wp\/v2\/tags?post=32304"}],"curies":[{"name":"wp","href":"https:\/\/api.w.org\/{rel}","templated":true}]}}