{"id":32035,"date":"2018-12-21T00:00:30","date_gmt":"2018-12-20T22:00:30","guid":{"rendered":"http:\/\/akincilardergisi.com\/dergi\/?p=32035"},"modified":"2023-11-05T13:25:38","modified_gmt":"2023-11-05T10:25:38","slug":"nasil-cekilme","status":"publish","type":"post","link":"https:\/\/akincilardergisi.com\/tr\/nasil-cekilme\/","title":{"rendered":"NASIL \u00c7EK\u0130LME!"},"content":{"rendered":"<p style=\"text-align: justify\">ABD Ba\u015fkan\u0131 Trump, Amerikan askerlerinin Suriye&#8217;den \u00e7ekilece\u011fini duyurmu\u015ftu. Duyurdu ama daha \u00f6nce YPG\/PKK&#8217;ya t\u0131rlar dolusu askeri m\u00fchimmat deste\u011fi vermi\u015fti. Peki bu m\u00fchimmatlar\u0131 da geri alacak m\u0131? Buras\u0131 muamma!!! Ba\u015ftan gelelim, Suriye olaylar\u0131n\u0131n en ba\u015f\u0131ndan&#8230;<\/p>\n<p style=\"text-align: justify\">Ayn\u0131s\u0131n\u0131 bir \u00f6nceki Ba\u015fkan Obama da yapm\u0131\u015ft\u0131. Eyl\u00fcl 2010&#8217;da Suriye&#8217;de ba\u015flayan olaylardan sonra rejime y\u00f6nelik s\u00fcrekli &#8220;k\u0131rm\u0131z\u0131 \u00e7izgi&#8221; den bahsetmi\u015fti. Bu tutum sadece &#8220;kimyasal silah&#8221; konusuyla ilgiliydi. Kimyasal silah kullan\u0131lmas\u0131 durumunda her \u015fey de\u011fi\u015febilirdi. \u00d6yle olmad\u0131 ama. A\u011fustos 2013&#8217;te Do\u011fu Guta&#8217;da 1400 masum insan hayat\u0131n\u0131 kaybetmi\u015fti. Obama hi\u00e7 oral\u0131 olmad\u0131.<\/p>\n<p style=\"text-align: justify\">Eyl\u00fcl 2014&#8217;e gelindi\u011finde ABD, Kobani&#8217;den ter\u00f6r \u00f6rg\u00fct\u00fc DEA\u015e&#8217;\u0131 temizlemek i\u00e7in bir ba\u015fka ter\u00f6r \u00f6rg\u00fct\u00fc YPG\/PKK&#8217;ya askeri m\u00fchimmat yard\u0131m\u0131 yapm\u0131\u015ft\u0131. Hem de t\u0131rlar dolusu. Ocak 2015&#8217;te Kobani&#8217;yi, Haziran 2015&#8217;te de Tel Abyad&#8217;\u0131 DEA\u015e&#8217;tan temizlemi\u015fti. Kiminle? Kendi g\u00fcd\u00fcm\u00fcnde olan ve format de\u011fi\u015ftiren bir ba\u015fka ter\u00f6r \u00f6rg\u00fct\u00fc YPG\/PKK ile&#8230; Cambaza bak cambaza numaras\u0131 yani!<\/p>\n<p style=\"text-align: justify\">Tabi T\u00fcrkiye \u00e7ok uyar\u0131da bulundu. Binlerce t\u0131r yard\u0131m\u0131 her defas\u0131nda yineledi. Ama dinleyen olmad\u0131. ABD, YPG\/PKK&#8217;y\u0131 desteklemeye devam etti. Ter\u00f6r \u00f6rg\u00fct\u00fc de 2015&#8217;in sonlar\u0131na do\u011fru F\u0131rat&#8217;\u0131n Bat\u0131&#8217;s\u0131na ge\u00e7ti.<\/p>\n<p style=\"text-align: justify\">ABD bu s\u00fcre\u00e7te Haseke&#8217;de askeri bir \u00fcs kurdu ve ter\u00f6r \u00f6rg\u00fct\u00fc YPG\/PKK&#8217;y\u0131 her anlamda donatmaya devam etti ve Suriye&#8217;nin \u00fc\u00e7te birlik b\u00f6l\u00fcm\u00fcn\u00fc i\u015fgal etti. \u015eimdi ne olacak? Verilen silahlar geri al\u0131nacak m\u0131? Nas\u0131l bir \u00e7ekilme olacak? Hele ki s\u00f6z konusu F\u0131rat&#8217;\u0131n Bat\u0131s\u0131 olunca merak daha da art\u0131yor. \u00c7ar\u015famba g\u00fcn\u00fc de yazm\u0131\u015ft\u0131m hat\u0131rlayacaks\u0131n\u0131z. Hadi Bat\u0131&#8217;da pek ses \u00e7\u0131karmad\u0131. Do\u011fu&#8217;da da ayn\u0131 durum mu s\u00f6z konusu olacak? Bunu bilmiyoruz. B\u00fcy\u00fck Orta Do\u011fu Projesi de d\u00fc\u015f\u00fcn\u00fcld\u00fc\u011f\u00fcnde pek de ihtimal dahilinde g\u00f6r\u00fcnm\u00fcyor.<\/p>\n<p style=\"text-align: justify\">Zira ABD, \u00e7ekilme karar\u0131n\u0131 vermeden \u00f6nce Bat\u0131 k\u0131s\u0131mda T\u00fcrkiye ile olan s\u0131n\u0131rda 4 g\u00f6zlem noktas\u0131 kurmu\u015ftu. \u00c7ekilme olacak ama ABD&#8217;nin bir g\u00f6z\u00fc hala b\u00f6lgede olacak. Zaten aksi m\u00fcmk\u00fcn de\u011fil!<\/p>\n<p style=\"text-align: justify\">\u00c7ekilme karar\u0131n\u0131n ard\u0131ndan bir a\u00e7\u0131klama da d\u00fcn geldi. DEA\u015e&#8217;a y\u00f6nelik hava sald\u0131r\u0131lar\u0131n\u0131n durdurulaca\u011f\u0131 ABD kanad\u0131ndan duyuruldu. Karar\u0131n da Trump taraf\u0131ndan verildi\u011fi a\u00e7\u0131kland\u0131.<\/p>\n<p style=\"text-align: justify\">Bu karar\u0131n ard\u0131ndan PKK\/YPG kanad\u0131ndan a\u00e7\u0131klama geldi ve ter\u00f6r \u00f6rg\u00fct\u00fc ABD&#8217;nin bu karar\u0131n\u0131 kendilerine vurulmu\u015f bir han\u00e7er olarak de\u011ferlendirdi. DEA\u015e&#8217;a kar\u015f\u0131 m\u00fccadelede \u00f6lenlere ihanet olarak g\u00f6r\u00fcld\u00fc. Yaln\u0131z burada \u015funu unutuyor ter\u00f6r kanad\u0131. DEA\u015e&#8217;\u0131n sahibi de kendilerinin sahibi de ayn\u0131 yap\u0131. \u00d6yle ki Trump DEA\u015e&#8217;\u0131 zaten Obama kurdu demi\u015fti. YPG\/PKK&#8217;ya kimlerin destek oldu\u011fu da malum&#8230;<\/p>\n<p style=\"text-align: justify\">\u015eunu da hat\u0131rlatmakta fayda var: \u00c7ekilmek i\u00e7in belirli bir s\u00fcre belirtildi. Neden? \u00c7ekileceksen hemen \u00e7ekilirsin \u00f6yle de\u011fil mi? Yine bir k\u0131l\u0131k de\u011fi\u015ftirme mi olacak yoksa verilen silahlarla ilgili bir ayak oyunu mu var yine? Yak\u0131nda ortaya \u00e7\u0131kar.<\/p>\n<p style=\"text-align: justify\">Fransa da Suriye&#8217;de olmaya devam edece\u011fini a\u00e7\u0131klad\u0131. DEA\u015e&#8217;\u0131n b\u00fcy\u00fck bir g\u00fc\u00e7 kayb\u0131na u\u011frad\u0131\u011f\u0131n\u0131 fakat tamamen ortadan kald\u0131r\u0131lmad\u0131\u011f\u0131 s\u00f6ylendi.<\/p>\n<p style=\"text-align: justify\">D\u00fcn T\u00fcrkiye&#8217;ye gelen \u0130ran Cumhurba\u015fkan\u0131 Ruhani de Erdo\u011fan ile birlikte birliktelik mesaj\u0131 verdi. Ruhani, T\u00fcrkiye ile olan ili\u015fkileri hi\u00e7kimsenin bozamayaca\u011f\u0131n\u0131 s\u00f6yledi. Barzani ise kayg\u0131l\u0131 oldu\u011funu dile getirdi.<\/p>\n<p style=\"text-align: justify\">Peki yeni durumda ne olacak? E\u011fer etkin ABD \u00e7ekilmesi ya\u015fan\u0131rsa b\u00f6lgede zaten var olan Rus etkinli\u011fi daha da artacak m\u0131? T\u00fcrkiye ve Rusya bu alanda kar\u015f\u0131 kar\u015f\u0131ya gelecek mi? Pek ihtimal vermesem de her \u015fey m\u00fcmk\u00fcn. \u00c7\u00fcnk\u00fc Suriye derya-deniz. Akdeniz&#8217;e giden yol Suriye&#8217;den ge\u00e7iyor. Ancak Putin \u00e7ok zeki bir adam. Erdo\u011fan ile kar\u015f\u0131 kar\u015f\u0131ya gelmek istemeyecektir. Hem Karadeniz&#8217;de hem de Akdeniz&#8217;de T\u00fcrkiye-Rusya yak\u0131nl\u0131\u011f\u0131n\u0131 bozmak istemez.<\/p>\n<p style=\"text-align: justify\">Bakal\u0131m zaman neler g\u00f6sterecek. T\u00fcrkiye her pozisyonda g\u00fc\u00e7l\u00fc. Bu kesin. At\u0131lacak ad\u0131mlara g\u00f6re ad\u0131m atma hakk\u0131 var. Co\u011frafi konumu ve ula\u015ft\u0131\u011f\u0131 uluslararas\u0131 etkin g\u00fcc\u00fc bunu g\u00f6steriyor \u00e7\u00fcnk\u00fc&#8230;<\/p>\n<p style=\"text-align: justify\">Selam ve dua ile&#8230;<\/p>\n<p style=\"text-align: justify\"><strong>\u0130BRAH\u0130M YAVUZ<\/strong><\/p>\n<p style=\"text-align: justify\">\n","protected":false},"excerpt":{"rendered":"<p>ABD Ba\u015fkan\u0131 Trump, Amerikan askerlerinin Suriye&#8217;den \u00e7ekilece\u011fini duyurmu\u015ftu. Duyurdu ama daha \u00f6nce YPG\/PKK&#8217;ya t\u0131rlar dolusu askeri m\u00fchimmat deste\u011fi vermi\u015fti. Peki bu m\u00fchimmatlar\u0131 da geri alacak m\u0131? Buras\u0131 muamma!!! Ba\u015ftan gelelim, Suriye olaylar\u0131n\u0131n en ba\u015f\u0131ndan&#8230; Ayn\u0131s\u0131n\u0131 bir \u00f6nceki Ba\u015fkan Obama da yapm\u0131\u015ft\u0131. Eyl\u00fcl 2010&#8217;da Suriye&#8217;de ba\u015flayan olaylardan sonra rejime y\u00f6nelik s\u00fcrekli &#8220;k\u0131rm\u0131z\u0131 \u00e7izgi&#8221; den bahsetmi\u015fti. Bu &hellip;<\/p>\n","protected":false},"author":20,"featured_media":48521,"comment_status":"open","ping_status":"open","sticky":false,"template":"","format":"standard","meta":{"om_disable_all_campaigns":false,"_themeisle_gutenberg_block_has_review":false,"_joinchat":[],"footnotes":""},"categories":[38,57,43],"tags":[],"class_list":["post-32035","post","type-post","status-publish","format-standard","has-post-thumbnail","","category-guncel","category-ibrahim","category-yazarlar"],"_links":{"self":[{"href":"https:\/\/akincilardergisi.com\/tr\/wp-json\/wp\/v2\/posts\/32035","targetHints":{"allow":["GET"]}}],"collection":[{"href":"https:\/\/akincilardergisi.com\/tr\/wp-json\/wp\/v2\/posts"}],"about":[{"href":"https:\/\/akincilardergisi.com\/tr\/wp-json\/wp\/v2\/types\/post"}],"author":[{"embeddable":true,"href":"https:\/\/akincilardergisi.com\/tr\/wp-json\/wp\/v2\/users\/20"}],"replies":[{"embeddable":true,"href":"https:\/\/akincilardergisi.com\/tr\/wp-json\/wp\/v2\/comments?post=32035"}],"version-history":[{"count":0,"href":"https:\/\/akincilardergisi.com\/tr\/wp-json\/wp\/v2\/posts\/32035\/revisions"}],"wp:featuredmedia":[{"embeddable":true,"href":"https:\/\/akincilardergisi.com\/tr\/wp-json\/wp\/v2\/media\/48521"}],"wp:attachment":[{"href":"https:\/\/akincilardergisi.com\/tr\/wp-json\/wp\/v2\/media?parent=32035"}],"wp:term":[{"taxonomy":"category","embeddable":true,"href":"https:\/\/akincilardergisi.com\/tr\/wp-json\/wp\/v2\/categories?post=32035"},{"taxonomy":"post_tag","embeddable":true,"href":"https:\/\/akincilardergisi.com\/tr\/wp-json\/wp\/v2\/tags?post=32035"}],"curies":[{"name":"wp","href":"https:\/\/api.w.org\/{rel}","templated":true}]}}