{"id":31558,"date":"2018-11-30T00:00:29","date_gmt":"2018-11-29T22:00:29","guid":{"rendered":"http:\/\/akincilardergisi.com\/dergi\/?p=31558"},"modified":"2023-11-05T13:25:39","modified_gmt":"2023-11-05T10:25:39","slug":"yahudilerin-surgun-hayati","status":"publish","type":"post","link":"https:\/\/akincilardergisi.com\/tr\/yahudilerin-surgun-hayati\/","title":{"rendered":"YAHUD\u0130LER\u0130N S\u00dcRG\u00dcN HAYATI"},"content":{"rendered":"<p style=\"text-align: justify\">Ramazan Kurto\u011flu&#8217;nun ilk bask\u0131s\u0131 2006 y\u0131l\u0131nda yap\u0131lan ve o zamandan bu yana da ilgiyle okunan EVANJEL\u0130ZM kitab\u0131ndan a\u00e7\u0131k\u00e7as\u0131 ilk ald\u0131\u011f\u0131mda korkuyordum. 600 sayfal\u0131k bu kitap sanki bana bo\u011fucu bir his verecek gibi duruyordu. Ancak \u00f6yle olmad\u0131. Hen\u00fcz \u00d6NS\u00d6Z&#8217;de Kurto\u011flu \u00f6n yarg\u0131lar\u0131m\u0131 y\u0131kt\u0131. Kitab\u0131 daha bitirmedim ama yeni yeni ilerlerken arada bana yabanc\u0131 gelen konular olsa da \u00e7ok zevkle okuyaca\u011f\u0131m belliydi&#8230;<\/p>\n<p style=\"text-align: justify\">\u00a0Buradan \u015fimdiye kadar okuduklar\u0131mdan \u00e7ok g\u00fczel yaz\u0131lar \u00e7\u0131kar dedim kendi kendime. \u00d6yle de oldu. Bir konuya de\u011finmek istiyorum burada. Yahudilerin oradan oraya s\u00fcrg\u00fcn edilmeleri ve en sonunda mukaddes topraklar yalan\u0131 alt\u0131nda tutulup \u0130srail&#8217;e yerle\u015ftirilmeleri ve sonras\u0131nda kar\u015f\u0131la\u015ft\u0131klar\u0131 zorluklarda kendilerine yard\u0131m eden M\u00fcsl\u00fcmanlara katliam \u00fcst\u00fcne katliam yapmalar\u0131&#8230;<\/p>\n<p style=\"text-align: justify\">Ger\u00e7ekten de Yahudilerin hayat\u0131 s\u00fcrg\u00fcnle ge\u00e7ti. Yahudiler (Eski ad\u0131yla \u0130srail O\u011fullar\u0131) ilk kez bir devlet te\u015fkilat\u0131 ad\u0131 alt\u0131nda Hz. Davud ile kavu\u015fmu\u015flard\u0131r. Hz. Davud vefat ettikten sonra o\u011flu Hz. S\u00fcleyman ba\u015fa ge\u00e7mi\u015f, b\u00fcy\u00fck geli\u015fmeler sonucunda da tam anlam\u0131yla bir \u0130srail Krall\u0131\u011f\u0131n\u0131 kurmu\u015ftur.<\/p>\n<p style=\"text-align: justify\">Hz. S\u00fcleyman da vefat ettikten sonra \u0130srail Krall\u0131\u011f\u0131, Yahuda ve Kuzey \u0130srail Krall\u0131\u011f\u0131 olarak ikiye b\u00f6l\u00fcnm\u00fc\u015f. Kuzey \u0130srail Krall\u0131\u011f\u0131 uzun d\u00f6nem Asurlular\u0131n bask\u0131s\u0131 alt\u0131nda kalm\u0131\u015f ve Asur Kral\u0131 2.Sargon taraf\u0131ndan M.\u00d6. 722&#8217;de s\u00fcrg\u00fcn edilmi\u015f. Buradan s\u00fcrg\u00fcn edilen Yahudiler, Buhara, Urfa, Harran, Kuzey Irak b\u00f6lgelerine yerle\u015fmi\u015f&#8230;<\/p>\n<p style=\"text-align: justify\">G\u00fcneyde kalan Yahuda Devleti ise Asur Krall\u0131\u011f\u0131n\u0131 ortadan kald\u0131ran Babiller&#8217;in Kral\u0131 Buhtunnas\u0131r (Nabukadnezar) taraf\u0131ndan M.\u00d6. 586 y\u0131l\u0131nda s\u00fcrg\u00fcn edilmi\u015f. Buna Babil S\u00fcrg\u00fcn\u00fc de deniyor. \u0130\u015fin garip taraf\u0131 da Kuzey&#8217;de daha \u00f6nce s\u00fcrg\u00fcn edilen kar\u0131\u015f\u0131k Yahudi Samiriler&#8217;in, Babillilere yard\u0131m etmesidir.<\/p>\n<p style=\"text-align: justify\">Yahudilerin yerle\u015ftikleri topraklar \u00e7o\u011funlukla M\u00fcsl\u00fcmanlar\u0131n hakimiyeti alt\u0131nda kalm\u0131\u015f asl\u0131nda. Hz. \u00d6mer d\u00f6neminde Kud\u00fcs&#8217;\u00fcn fethedilmesi olsun, 1187&#8217;de Selahaddin Eyyubi&#8217;nin H\u0131ttin ile Ha\u00e7l\u0131lar\u0131 yenmesi ve sonras\u0131nda oran\u0131n yine M\u00fcsl\u00fcmanlar\u0131n elinde bulunmas\u0131 olsun bu s\u00fcre\u00e7 1917 y\u0131l\u0131nda Kud\u00fcs&#8217;\u00fcn i\u015fgal edilmesine kadar gider. Zaten sonunda da 1948&#8217;de \u0130srail Devleti kurulur.<\/p>\n<p style=\"text-align: justify\">En \u00f6nemli s\u00fcrg\u00fcnlerden biri de hi\u00e7 \u015f\u00fcphesiz ki 1492&#8217;de \u0130spanyollar\u0131n ve Portekizlilerin yapm\u0131\u015f oldu\u011fu Yahudi S\u00fcrg\u00fcn\u00fcd\u00fcr. Tabi o d\u00f6nemde bize y\u0131llarca ders kitaplar\u0131nda sevimli ka\u015fifler olarak tan\u0131t\u0131lan Kristof Kolomb, Vespucci, Vasco De Gama gibi katiller Amerika K\u0131tas\u0131n\u0131 ke\u015ffetmi\u015flerdi. (Asl\u0131nda bu bile tart\u0131\u015fmal\u0131)<\/p>\n<p style=\"text-align: justify\">Zaten \u00f6nce Yahudiler 1290&#8217;da \u0130ngiltere&#8217;den \u0130spanya ve Portekiz&#8217;e s\u00fcrg\u00fcn edilmi\u015fler daha sonra 1492&#8217;de de oradan s\u00fcrg\u00fcn edilmi\u015flerdi. \u0130spanya&#8217;da M\u00fcsl\u00fcmanlar\u0131n varl\u0131\u011f\u0131 ortadan kalk\u0131nca Yahudiler i\u00e7in s\u0131k\u0131nt\u0131l\u0131 g\u00fcnler ba\u015flam\u0131\u015ft\u0131. Buradan da \u00f6yle anla\u015f\u0131l\u0131yor ki Yahudiler, M\u00fcsl\u00fcmanlar\u0131n korumas\u0131 alt\u0131nda ya\u015famlar\u0131n\u0131 huzurlu bir \u015fekilde s\u00fcrd\u00fcrm\u00fc\u015flerdi.<\/p>\n<p style=\"text-align: justify\">Halbuki yine \u0130spanya&#8217;dan s\u00fcrg\u00fcn edilen 170 bin Yahudiye Osmanl\u0131 \u0130mparatorlu\u011fu sahip \u00e7\u0131km\u0131\u015ft\u0131.<\/p>\n<p style=\"text-align: justify\">Hitler&#8217;in b\u00fcy\u00fck bir Yahudi katliam\u0131 yapt\u0131\u011f\u0131 ve 6 milyon Yahudiyi katletti\u011fi s\u00f6ylenir. Koca bir yalan. Olay yerine giden Rus ara\u015ft\u0131rmac\u0131lar \u00f6ld\u00fcr\u00fclenlerin \u00e7o\u011funun Polonyal\u0131 ve Romanlar oldu\u011funu az bir k\u0131sm\u0131n\u0131n da Yahudiler oldu\u011funu s\u00f6yler. Peki nereye gitti bu kadar Yahudi? Adres belli. Tabiki \u0130srail. Vaatler verilerek \u0130srail&#8217;e s\u00fcr\u00fcld\u00fcler. Amerika K\u0131tas\u0131ndan da gelenler oldu. Sonu\u00e7ta da 1948&#8217;de \u0130srail Devleti kuruldu.<\/p>\n<p style=\"text-align: justify\">\u0130\u015fte Yahudilerin s\u00fcrg\u00fcn hayat\u0131 k\u0131saca b\u00f6yle. Ama gelip g\u00f6r\u00fcyoruz ki bug\u00fcn n\u00fcfusunun \u00e7ok az olmas\u0131na ra\u011fmen Yahudi \u0130srail Devleti en g\u00fc\u00e7l\u00fc devletlerden biri. Hem askeri hem de finansal a\u00e7\u0131dan. Gariptir ki Yahudilere oralar\u0131 sizin ata topra\u011f\u0131n\u0131z diyerek nice martaval okuyanlar, \u0130srail Devletini kullanarak b\u00f6lgede hakimiyet kurmaya \u00e7al\u0131\u015f\u0131yorlar.<\/p>\n<p style=\"text-align: justify\">Zaten haritaya bak\u0131n \u0130srail Devleti&#8217;nin neden kuruldu\u011fu ortaya \u00e7\u0131kar. Afrika ve Orta Do\u011fu&#8217;nun tam birle\u015fti\u011fi yerde katil bir devlet. T\u0131pk\u0131 Ermenistan&#8217;\u0131n Azerbaycan ile T\u00fcrkiye aras\u0131na ili\u015ftirilmesi gibi. Bunlar\u0131n hi\u00e7biri tesad\u00fcf de\u011fil. Hepsi puzzle&#8217;nin bir par\u00e7as\u0131.<\/p>\n<p style=\"text-align: justify\">\u015eimdilerde ise Tanr\u0131y\u0131 k\u0131yamate zorlayarak \u0130sa Mesih&#8217;in gelmesini ve kendilerini kurtarmas\u0131n\u0131 bekliyorlar. Bilmiyorlar ki Tanr\u0131 diye tapt\u0131klar\u0131 \u0130sa Peygamber onlar\u0131n cehennemine odun ta\u015f\u0131yacak&#8230;<\/p>\n<p style=\"text-align: justify\">Selam ve dua ile&#8230;<\/p>\n<p style=\"text-align: justify\"><strong>\u0130BRAH\u0130M YAVUZ<\/strong><\/p>\n","protected":false},"excerpt":{"rendered":"<p>Ramazan Kurto\u011flu&#8217;nun ilk bask\u0131s\u0131 2006 y\u0131l\u0131nda yap\u0131lan ve o zamandan bu yana da ilgiyle okunan EVANJEL\u0130ZM kitab\u0131ndan a\u00e7\u0131k\u00e7as\u0131 ilk ald\u0131\u011f\u0131mda korkuyordum. 600 sayfal\u0131k bu kitap sanki bana bo\u011fucu bir his verecek gibi duruyordu. Ancak \u00f6yle olmad\u0131. Hen\u00fcz \u00d6NS\u00d6Z&#8217;de Kurto\u011flu \u00f6n yarg\u0131lar\u0131m\u0131 y\u0131kt\u0131. Kitab\u0131 daha bitirmedim ama yeni yeni ilerlerken arada bana yabanc\u0131 gelen konular olsa &hellip;<\/p>\n","protected":false},"author":20,"featured_media":48521,"comment_status":"open","ping_status":"open","sticky":false,"template":"","format":"standard","meta":{"om_disable_all_campaigns":false,"_themeisle_gutenberg_block_has_review":false,"_joinchat":[],"footnotes":""},"categories":[38,57,43],"tags":[],"class_list":["post-31558","post","type-post","status-publish","format-standard","has-post-thumbnail","","category-guncel","category-ibrahim","category-yazarlar"],"_links":{"self":[{"href":"https:\/\/akincilardergisi.com\/tr\/wp-json\/wp\/v2\/posts\/31558","targetHints":{"allow":["GET"]}}],"collection":[{"href":"https:\/\/akincilardergisi.com\/tr\/wp-json\/wp\/v2\/posts"}],"about":[{"href":"https:\/\/akincilardergisi.com\/tr\/wp-json\/wp\/v2\/types\/post"}],"author":[{"embeddable":true,"href":"https:\/\/akincilardergisi.com\/tr\/wp-json\/wp\/v2\/users\/20"}],"replies":[{"embeddable":true,"href":"https:\/\/akincilardergisi.com\/tr\/wp-json\/wp\/v2\/comments?post=31558"}],"version-history":[{"count":0,"href":"https:\/\/akincilardergisi.com\/tr\/wp-json\/wp\/v2\/posts\/31558\/revisions"}],"wp:featuredmedia":[{"embeddable":true,"href":"https:\/\/akincilardergisi.com\/tr\/wp-json\/wp\/v2\/media\/48521"}],"wp:attachment":[{"href":"https:\/\/akincilardergisi.com\/tr\/wp-json\/wp\/v2\/media?parent=31558"}],"wp:term":[{"taxonomy":"category","embeddable":true,"href":"https:\/\/akincilardergisi.com\/tr\/wp-json\/wp\/v2\/categories?post=31558"},{"taxonomy":"post_tag","embeddable":true,"href":"https:\/\/akincilardergisi.com\/tr\/wp-json\/wp\/v2\/tags?post=31558"}],"curies":[{"name":"wp","href":"https:\/\/api.w.org\/{rel}","templated":true}]}}