{"id":31464,"date":"2018-11-25T11:09:59","date_gmt":"2018-11-25T09:09:59","guid":{"rendered":"http:\/\/akincilardergisi.com\/dergi\/?p=31464"},"modified":"2023-11-05T13:42:22","modified_gmt":"2023-11-05T10:42:22","slug":"mankurtlarin-son-oyunu","status":"publish","type":"post","link":"https:\/\/akincilardergisi.com\/tr\/mankurtlarin-son-oyunu\/","title":{"rendered":"Mankurtlar\u0131n Son Oyunu"},"content":{"rendered":"<div class=\"authors detail\">\n<div class=\"picture\"><a style=\"color: #000000\" title=\"Arif Altunba\u015f\" href=\"http:\/\/www.haber7.com\/yazarlar\/arif-altunbas\"><img decoding=\"async\" title=\" Mankurtlar\u0131n Son Oyunu\" src=\"http:\/\/i2.haber7.net\/haber7\/columnists\/\/bw\/905.png\" alt=\" Mankurtlar\u0131n Son Oyunu\" \/><\/a><\/div>\n<div class=\"content\">\n<div class=\"name\" style=\"font-weight: 500\"><a style=\"color: #000000\" title=\"Arif Altunba\u015f\" href=\"http:\/\/www.haber7.com\/yazarlar\/arif-altunbas\">Arif Altunba\u015f<\/a><\/div>\n<div class=\"social\">Mankurt; kendi k\u00fclt\u00fcr\u00fc, tarihi ve de\u011ferlerinden kopar\u0131lm\u0131\u015f, \u00f6z\u00fcne ve kendisine yabanc\u0131la\u015ft\u0131r\u0131lm\u0131\u015f, \u00fclkesine ve milletine kar\u015f\u0131 sava\u015fmak i\u00e7in \u00a0d\u00fc\u015fmanlar taraf\u0131ndan \u00f6zel olarak yeti\u015ftirilmi\u015f \u00a0kendi toplumumuz i\u00e7inde ya\u015fay\u0131p da d\u00fc\u015fman cephesinde sava\u015fan ruhsuz ve beyinsizlere denir.<\/div>\n<\/div>\n<\/div>\n<div class=\"news-detail\">\n<div class=\"article\">\n<div class=\"news-content\">\n<p>Devlet adam\u0131, siyaset\u00e7i, ayd\u0131n ve akedemisyen olarak iki as\u0131rl\u0131k tarihimizde<\/p>\n<p>T\u00fcrk, K\u00fcrt, Arap, Fars, Malay, Pakistanl\u0131 olmas\u0131 farketmedi\u011fi gibi Ortaasyal\u0131, Kafkasl\u0131,, Balkanl\u0131, Afrikal\u0131, Avrupal\u0131, Amerikal\u0131 olmas\u0131 beyaz, siyah, k\u0131z\u0131l, sar\u0131 derili olmas\u0131, m\u00fcsl\u00fcman, h\u0131ristiyan, hindu, Budist, ataist olmas\u0131 da farketmiyor. Mankurt her \u00e7a\u011fda ve zamanda, her \u00fclkede ve co\u011frafyada, her dinde ve k\u00fclt\u00fcrde, \u00a0her yerde ve \u00a0\u00fclkede vatan\u0131na, milletine ve onun de\u011ferlerine kar\u015f\u0131 sava\u015fmak i\u00e7in e\u011fitilmi\u015f, pro\u011framlanm\u0131\u015f, hissiz ve duygusuz robotlard\u0131r.<\/p>\n<p>\u00d6zellikle \u0130slam \u00fclkeleri ile halen s\u00f6m\u00fcr\u00fclen Asya, Afrika ve Amerikadaki 3. d\u00fcnya \u00fclkelerindeki y\u00f6neticilerin kahir ekseriyeti bu tiplemenin i\u00e7ine girer. E\u011fer; bu \u00fclkelerin y\u00f6neticileri emperyalizme kar\u015f\u0131 ise, onlar\u0131n g\u00f6z\u00fcnde o, ya dengesiz, ya hain veya ter\u00f6rist, yobaz veya diktat\u00f6rd\u00fcr. \u00a0Bunlar kendi halk\u0131na ve d\u00fcnya kamuoyuna yanl\u0131\u015f olarak tan\u0131t\u0131l\u0131r. Haklar\u0131nda olumsuz imajlar olu\u015fturulur, insanlar\u0131n g\u00f6z\u00fcnde itibar suikast\u0131na u\u011frat\u0131l\u0131r.<\/p>\n<p>Emperyalist ve s\u00f6m\u00fcrgeciler veli olan insan\u0131 deli gibi, deli olan\u0131 da veli gibi tan\u0131tarak istedikleri \u00fclkeleri ve co\u011frafyalar\u0131 kendi kontrolleri alt\u0131nda tutarlar. Onlar\u0131n talimat ve emirlerini yerine getiren insanlar\u0131 lider olarak bir gecede o \u00fclkenin ba\u015f\u0131na getirirler. Daha sonra bunlar\u0131 istedikleri gibi kullan\u0131rlar. Son kullanma tarihleri ge\u00e7ince de onlar\u0131 kendi kaderlerine terkederler ve yeni kuklalarla birlikte \u00e7al\u0131\u015f\u0131rlar.<\/p>\n<p>Mankurtlar Osmanl\u0131dan bu yana T\u00fcrkiyede ve \u0130slam co\u011frafyas\u0131nda iki as\u0131rd\u0131r bat\u0131l\u0131 emperyalistlerin ba\u015fkentlerinde \u00f6zel olarak yeti\u015ftirildikten sonra kendi \u00fclkelerine g\u00f6nderilerek oralarda ihanet ocaklar\u0131n\u0131n ileri karakollar\u0131 olarak g\u00f6rev yapm\u0131\u015flar ve yapmaktad\u0131rlar. Bunlar \u0130slam topraklar\u0131ndaki \u00a0krallar, emirler,\u00a0 prensler, darbeciler, cuntac\u0131lar, diktat\u00f6rler, zalim y\u00f6neticiler olarak bug\u00fcn de emperyalizmin Truva atlar\u0131 olarak g\u00f6revleri ba\u015f\u0131ndad\u0131rlar.<\/p>\n<p>\u0130slam Aleminin ba\u015f\u0131na \u00f6r\u00fclen ve \u00f6r\u00fclmek istenen t\u00fcm \u00e7oraplar Osmanl\u0131y\u0131 s\u0131rt\u0131ndan vuran zaman\u0131n \u015eerif H\u00fcseyinleri, Suudileri ve Lawrenz&#8217;leri olarak\u00a0 bu mankurtlar taraf\u0131ndan organize edilip y\u00f6netilmekte ve finans edilmektedir.<\/p>\n<p>Lawrenz \u0130ngiliz kan\u0131 ta\u015f\u0131yan profesyonel ve ne yapaca\u011f\u0131n\u0131 \u00e7ok iyi bilen bir ajan-provakat\u00f6rd\u00fc. Mankurtlar ise; bat\u0131n\u0131n \u00fclkelerimizi ve co\u011frafyam\u0131z\u0131 ele ge\u00e7irmek ve s\u00f6m\u00fcrmek i\u00e7in \u00f6zel olarak yeti\u015ftirdi\u011fi \u00a0yerli m\u00fcnaf\u0131klard\u0131r. J\u00f6nt\u00fcrkler, \u0130ttihat\u00e7\u0131lar,\u00a0 zaman\u0131m\u0131zdaki CHP zihniyetinin T\u00fcrk, K\u00fcrt olarak sa\u011fc\u0131 ve solcu uzant\u0131lar\u0131 gibi.<\/p>\n<p>Bu yerli m\u00fcnaf\u0131klar ve bunlar\u0131n olu\u015fturdu\u011fu uzaktan kumandal\u0131 ihanet \u00e7eteleri Lawrenz Arabinin \u0130slam Alemine verdi\u011fi zarardan\u00a0 bin kat daha fazla zarar vermi\u015fler ve vermektedirler. Darbeciler, PKK, YPG, Cumhuriyet mitingleri yapanlar, Gaziciler ve paralel \u00e7etenin devlet ve millet i\u00e7inde sinsi oyun, tuzak ve 15 Temmuz darbesinde yapt\u0131\u011f\u0131 ihanetler gibi\u2026<\/p>\n<p>Son olarak \u0130slam aleminde ve d\u00fcnyada Ka\u015f\u0131k\u00e7\u0131 cinayetiyle birlikte bu \u00e7etenin ne tehlikeli ve vah\u015fi i\u015fler yapt\u0131\u011f\u0131\/yapabilece\u011fi, ne al\u00e7ak bir yap\u0131ya b\u00fcr\u00fcnd\u00fc\u011f\u00fc, ne sinsi bir yap\u0131lanma i\u00e7inde oldu\u011fu apa\u00e7\u0131k ortaya \u00e7\u0131km\u0131\u015ft\u0131r. Art\u0131k Arap aleminde masum krallar\u0131n, \u00e7i\u00e7e\u011fi burnunda sempatik prenslerin yerinde gizli ve a\u00e7\u0131k b\u00fct\u00fcn su\u00e7lar\u0131 ve oyunlar\u0131 ortaya \u00e7\u0131km\u0131\u015f katil ve cani emperyalizmin u\u015fa\u011f\u0131 i\u015fgalciler oturmaktad\u0131r. Takke d\u00fc\u015fm\u00fc\u015f kel g\u00f6r\u00fcnm\u00fc\u015ft\u00fcr.<\/p>\n<p>Bunlar\u0131n i\u015fledikleri cinayetler, ihanetler, b\u00f6lgeye ve m\u00fcsl\u00fcmanlara kar\u015f\u0131 bat\u0131 emperyalistleri ve g\u00fc\u00e7 odaklar\u0131yla birlikte \u00a0oynad\u0131klar\u0131 \u00e7irkin oyunlar, \u00e7evirdikleri f\u0131r\u0131ldaklar, ihanet tiyatrolar\u0131 bu zalim ve gas\u0131p \u015f\u0131mar\u0131klar\u0131n, bu g\u00fc\u00e7 sarho\u015fu asalaklar\u0131n kendi sonlar\u0131n\u0131 da getirecektir.<\/p>\n<p>\u0130\u015fbirlik\u00e7i Arap Mankurtlar\u0131 tarihe ge\u00e7ecek bir ihanetin\u00a0 akt\u00f6rleri olarak bug\u00fcn \u0130slam d\u00fc\u015fmanlar\u0131 taraf\u0131ndan yaz\u0131lm\u0131\u015f en adi, en al\u00e7ak, en \u015ferefsiz senaryolar\u0131n acemi oyuncular\u0131 olarak tarihe ge\u00e7ecektir.<\/p>\n<p>B\u00fct\u00fcn bunlara ra\u011fmen, b\u00fct\u00fcn bunlara kar\u015f\u0131 tarihe y\u00f6n verecek, tarihi \u015fekillendirecek, tarih yazacak olanlar bu topraklar\u0131n \u00a0ger\u00e7ek sahipleri olan ve Allah\u0131n rengine boyanarak, yaln\u0131z O\u2019nun r\u0131zas\u0131 i\u00e7in m\u00fccadele eden m\u00fcsl\u00fcmanlar olacakt\u0131r.<\/p>\n<p><strong style=\"font-weight: bold\">Arif Altunba\u015f,\u00a0<a class=\"link_keywords\" style=\"color: #98171c\" title=\"Haber\" href=\"http:\/\/www.haber7.com\/\" target=\"_blank\" rel=\"noopener\">Haber<\/a>\u00a07<\/strong><\/p>\n<\/div>\n<\/div>\n<\/div>\n","protected":false},"excerpt":{"rendered":"<p>Arif Altunba\u015f Mankurt; kendi k\u00fclt\u00fcr\u00fc, tarihi ve de\u011ferlerinden kopar\u0131lm\u0131\u015f, \u00f6z\u00fcne ve kendisine yabanc\u0131la\u015ft\u0131r\u0131lm\u0131\u015f, \u00fclkesine ve milletine kar\u015f\u0131 sava\u015fmak i\u00e7in \u00a0d\u00fc\u015fmanlar taraf\u0131ndan \u00f6zel olarak yeti\u015ftirilmi\u015f \u00a0kendi toplumumuz i\u00e7inde ya\u015fay\u0131p da d\u00fc\u015fman cephesinde sava\u015fan ruhsuz ve beyinsizlere denir. Devlet adam\u0131, siyaset\u00e7i, ayd\u0131n ve akedemisyen olarak iki as\u0131rl\u0131k tarihimizde T\u00fcrk, K\u00fcrt, Arap, Fars, Malay, Pakistanl\u0131 olmas\u0131 farketmedi\u011fi gibi &hellip;<\/p>\n","protected":false},"author":2,"featured_media":45555,"comment_status":"open","ping_status":"open","sticky":false,"template":"","format":"standard","meta":{"om_disable_all_campaigns":false,"_themeisle_gutenberg_block_has_review":false,"_joinchat":[],"footnotes":""},"categories":[49,38,43],"tags":[],"class_list":["post-31464","post","type-post","status-publish","format-standard","has-post-thumbnail","","category-arif","category-guncel","category-yazarlar"],"_links":{"self":[{"href":"https:\/\/akincilardergisi.com\/tr\/wp-json\/wp\/v2\/posts\/31464","targetHints":{"allow":["GET"]}}],"collection":[{"href":"https:\/\/akincilardergisi.com\/tr\/wp-json\/wp\/v2\/posts"}],"about":[{"href":"https:\/\/akincilardergisi.com\/tr\/wp-json\/wp\/v2\/types\/post"}],"author":[{"embeddable":true,"href":"https:\/\/akincilardergisi.com\/tr\/wp-json\/wp\/v2\/users\/2"}],"replies":[{"embeddable":true,"href":"https:\/\/akincilardergisi.com\/tr\/wp-json\/wp\/v2\/comments?post=31464"}],"version-history":[{"count":0,"href":"https:\/\/akincilardergisi.com\/tr\/wp-json\/wp\/v2\/posts\/31464\/revisions"}],"wp:featuredmedia":[{"embeddable":true,"href":"https:\/\/akincilardergisi.com\/tr\/wp-json\/wp\/v2\/media\/45555"}],"wp:attachment":[{"href":"https:\/\/akincilardergisi.com\/tr\/wp-json\/wp\/v2\/media?parent=31464"}],"wp:term":[{"taxonomy":"category","embeddable":true,"href":"https:\/\/akincilardergisi.com\/tr\/wp-json\/wp\/v2\/categories?post=31464"},{"taxonomy":"post_tag","embeddable":true,"href":"https:\/\/akincilardergisi.com\/tr\/wp-json\/wp\/v2\/tags?post=31464"}],"curies":[{"name":"wp","href":"https:\/\/api.w.org\/{rel}","templated":true}]}}