{"id":31054,"date":"2018-11-07T00:00:56","date_gmt":"2018-11-06T22:00:56","guid":{"rendered":"http:\/\/akincilardergisi.com\/dergi\/?p=31054"},"modified":"2023-11-05T13:25:41","modified_gmt":"2023-11-05T10:25:41","slug":"vay-be-biz-neler-yapmisiz","status":"publish","type":"post","link":"https:\/\/akincilardergisi.com\/tr\/vay-be-biz-neler-yapmisiz\/","title":{"rendered":"VAY BE B\u0130Z NELER YAPMI\u015eIZ!"},"content":{"rendered":"<p style=\"text-align: justify\">Bug\u00fcnk\u00fc yaz\u0131mda bizden as\u0131rlar evvel ya\u015fam\u0131\u015f M\u00fcsl\u00fcman bir bilim adam\u0131n\u0131n buldu\u011fu birka\u00e7 ilim-bilim hediyesinden bahsedece\u011fim. Bize \u015fimdiye kadar her \u015feyi Bat\u0131 yapt\u0131, ilim-bilim Do\u011fu&#8217;dan de\u011fil Bat\u0131&#8217;dan y\u00fckseldi, sizin atalar\u0131n\u0131z Osmanl\u0131 y\u0131k\u0131ld\u0131ktan sonra Cumhuriyeti kurdu, 80-90 sene hi\u00e7bir \u015fey yapmad\u0131, \u00fcretmedi dediler.<\/p>\n<p style=\"text-align: justify\">\u00d6yle ki kuma\u015f\u0131 Anadolu topraklar\u0131nda dokunmam\u0131\u015f gayri milli TC. kimlik\u00e7ileri de bidon kafal\u0131, g\u00f6be\u011fini ka\u015f\u0131yan, aya\u011f\u0131 \u00e7ar\u0131kl\u0131 diye diye a\u015fa\u011f\u0131lad\u0131lar. Biz de buna y\u0131llard\u0131r inand\u0131k. Ama yanl\u0131\u015f tarihin \u00fczerindeki tozlar kalkmaya, temizlenmeye ba\u015fland\u0131ktan sonra ger\u00e7ekler ortaya \u00e7\u0131kmaya ba\u015flad\u0131.<\/p>\n<p style=\"text-align: justify\">Gelin bug\u00fcn bunlardan bahsedelim biraz. Bahsedelim ki atalar\u0131m\u0131zla gurur duyal\u0131m, \u00fczerimize at\u0131lm\u0131\u015f olan bu a\u015fa\u011f\u0131l\u0131k duygusunu bir kez daha \u00fczerimizden silkip atal\u0131m. Bundan sonras\u0131 i\u00e7in de biz art\u0131k en iyisini yapmaya aday\u0131z diyebilelim&#8230;<\/p>\n<p style=\"text-align: justify\">Bug\u00fcn kulland\u0131\u011f\u0131m\u0131z ve matemati\u011fin ana damarlar\u0131ndan biri olan rakamlar\u0131 kim buldu dersiniz? Hemen akl\u0131n\u0131za yabanc\u0131 biri gelmesin. \u00c7\u00fcnk\u00fc bu rakamlar\u0131 M\u00fcsl\u00fcman bir ilim adam\u0131 buldu. Ad\u0131n\u0131 duyduk mu bilmiyorum ama ben de \u00f6\u011freneli \u00e7ok olmad\u0131. Evet, EL-HAREZM\u0130 buldu de\u011ferli okuyucular.<\/p>\n<p style=\"text-align: justify\">O, bu rakamlar\u0131 \u00f6yle bir sistemle kurgulam\u0131\u015ft\u0131 ki Roma rakamlar\u0131 gibi herhangi bir kurgusu olmayan rakamlardan daha inand\u0131r\u0131c\u0131d\u0131r. Mesela 1 rakam\u0131n\u0131 ele alal\u0131m. Bu 1 rakam\u0131n\u0131n ka\u00e7 tane a\u00e7\u0131s\u0131 vard\u0131r? 1 tane. O da rakam\u0131n hemen yukar\u0131s\u0131ndaki k\u0131vr\u0131ml\u0131 olan b\u00f6lgenin i\u00e7 a\u00e7\u0131s\u0131. EL-HAREZM\u0130 ayn\u0131 \u015fekilde 2 rakam\u0131n\u0131 da 2 i\u00e7 a\u00e7\u0131l\u0131 olarak tasarlam\u0131\u015f, bizim bug\u00fcn Z harfi olarak kulland\u0131\u011f\u0131m\u0131z harf gibi tasarlam\u0131\u015f. Yine 3,4,5,6,7,8,9 rakamlar\u0131n\u0131n da say\u0131 de\u011feri kadar i\u00e7 a\u00e7\u0131s\u0131 bulunmaktad\u0131r.<\/p>\n<p style=\"text-align: justify\">Peki siz diyeceksiniz ki, g\u00fczel karde\u015fim 0 (s\u0131f\u0131r) da var, onu kim buldu? Merak etmeyin onu da EL-HAREZM\u0130 buldu. S\u0131f\u0131r\u0131n da bakt\u0131\u011f\u0131n\u0131z zaman a\u00e7\u0131s\u0131 yoktur, bir \u00e7ember gibidir zaten, a\u00e7\u0131s\u0131n\u0131n olmas\u0131 m\u00fcmk\u00fcn de\u011fildir.<\/p>\n<p style=\"text-align: justify\">Siz al\u0131n, Roma rakamlar\u0131n\u0131 bir anlamaya \u00e7al\u0131\u015f\u0131n, bakal\u0131m bir \u015fey anlayabilecek misiniz? Mesela 5 rakam\u0131,Roma rakamlar\u0131nda bizim bug\u00fcn alfabemizde kulland\u0131\u011f\u0131m\u0131z &#8220;V&#8221; ile g\u00f6sterilmektedir. Ka\u00e7 a\u00e7\u0131s\u0131 var, bir. Bu bir \u015fey ifade etmiyor&#8230; Bu rakamlarla ilim-bilim nas\u0131l ilerletilebilecekti \u00e7ok merak ediyorum.<\/p>\n<p style=\"text-align: justify\">EL HAREZM\u0130&#8217;nin matemati\u011fe hediyesi sadece rakamlardan ibaret de\u011fildir. Matemati\u011fin en zor konular\u0131ndan biridir Cebir. Bu da EL-HAREZM\u0130&#8217;nin bilim d\u00fcnyas\u0131na bir hediyesidir. Bat\u0131 d\u00fcnyas\u0131 bunu 1498&#8217;de ke\u015ffetmi\u015f! EL-HAREZM\u0130 ise bunu 500 y\u0131l \u00f6nce bulmu\u015f. 950&#8217;li y\u0131llarda bilim d\u00fcnyas\u0131na hediye etmi\u015f bunu.<\/p>\n<p style=\"text-align: justify\">Bir ba\u015fka \u00f6rnek bilgisayarla ilgili. Bilgisayarlar\u0131n \u00e7al\u0131\u015fmas\u0131 i\u00e7in gereken alt yap\u0131 ALGOR\u0130TMA&#8217;d\u0131r. Bu form\u00fclasyon olmazsa bilgisayarlar kesinlikle \u00e7al\u0131\u015fmaz. Siz diyeceksiniz ki bunu kesin BATI bulmu\u015ftur. Ama yan\u0131lacaks\u0131n\u0131z. \u00c7\u00fcnk\u00fc bunu da M\u00fcsl\u00fcman bir bilim adam\u0131 buldu. O da EL-HAREZM\u0130. Evet, bunu da o bulmu\u015f.<\/p>\n<p style=\"text-align: justify\">Ad\u0131 da isminde gizli \u00f6yle ki. Algoritma, AL-GOR\u0130ZMA&#8217;dan gelir. AL-GOR\u0130ZMA ise EL-HAREZM\u0130&#8217;nin BATI&#8217;ya ge\u00e7mi\u015f olan \u015feklidir. Ve biz bunu as\u0131rlard\u0131r bilmiyorduk. Bu t\u00fcr bilgileri yeni yeni biliyoruz. \u00d6\u011frendi\u011fimizde de \u015fa\u015f\u0131r\u0131yoruz. \u015ea\u015f\u0131rmamak da elde de\u011fil zaten&#8230;<\/p>\n<p style=\"text-align: justify\">Ben de yaz\u0131m\u0131 bitirirken \u015fimdiden VAY BE B\u0130Z NELER YAPMI\u015eIZ dedi\u011finizi duyar gibi oluyorum&#8230;<\/p>\n<p style=\"text-align: justify\">Selam ve dua ile&#8230;<\/p>\n<p style=\"text-align: justify\"><strong>\u0130BRAH\u0130M YAVUZ<\/strong><\/p>\n","protected":false},"excerpt":{"rendered":"<p>Bug\u00fcnk\u00fc yaz\u0131mda bizden as\u0131rlar evvel ya\u015fam\u0131\u015f M\u00fcsl\u00fcman bir bilim adam\u0131n\u0131n buldu\u011fu birka\u00e7 ilim-bilim hediyesinden bahsedece\u011fim. Bize \u015fimdiye kadar her \u015feyi Bat\u0131 yapt\u0131, ilim-bilim Do\u011fu&#8217;dan de\u011fil Bat\u0131&#8217;dan y\u00fckseldi, sizin atalar\u0131n\u0131z Osmanl\u0131 y\u0131k\u0131ld\u0131ktan sonra Cumhuriyeti kurdu, 80-90 sene hi\u00e7bir \u015fey yapmad\u0131, \u00fcretmedi dediler. \u00d6yle ki kuma\u015f\u0131 Anadolu topraklar\u0131nda dokunmam\u0131\u015f gayri milli TC. kimlik\u00e7ileri de bidon kafal\u0131, g\u00f6be\u011fini &hellip;<\/p>\n","protected":false},"author":20,"featured_media":48521,"comment_status":"open","ping_status":"open","sticky":false,"template":"","format":"standard","meta":{"om_disable_all_campaigns":false,"_themeisle_gutenberg_block_has_review":false,"_joinchat":[],"footnotes":""},"categories":[38,57,43],"tags":[],"class_list":["post-31054","post","type-post","status-publish","format-standard","has-post-thumbnail","","category-guncel","category-ibrahim","category-yazarlar"],"_links":{"self":[{"href":"https:\/\/akincilardergisi.com\/tr\/wp-json\/wp\/v2\/posts\/31054","targetHints":{"allow":["GET"]}}],"collection":[{"href":"https:\/\/akincilardergisi.com\/tr\/wp-json\/wp\/v2\/posts"}],"about":[{"href":"https:\/\/akincilardergisi.com\/tr\/wp-json\/wp\/v2\/types\/post"}],"author":[{"embeddable":true,"href":"https:\/\/akincilardergisi.com\/tr\/wp-json\/wp\/v2\/users\/20"}],"replies":[{"embeddable":true,"href":"https:\/\/akincilardergisi.com\/tr\/wp-json\/wp\/v2\/comments?post=31054"}],"version-history":[{"count":0,"href":"https:\/\/akincilardergisi.com\/tr\/wp-json\/wp\/v2\/posts\/31054\/revisions"}],"wp:featuredmedia":[{"embeddable":true,"href":"https:\/\/akincilardergisi.com\/tr\/wp-json\/wp\/v2\/media\/48521"}],"wp:attachment":[{"href":"https:\/\/akincilardergisi.com\/tr\/wp-json\/wp\/v2\/media?parent=31054"}],"wp:term":[{"taxonomy":"category","embeddable":true,"href":"https:\/\/akincilardergisi.com\/tr\/wp-json\/wp\/v2\/categories?post=31054"},{"taxonomy":"post_tag","embeddable":true,"href":"https:\/\/akincilardergisi.com\/tr\/wp-json\/wp\/v2\/tags?post=31054"}],"curies":[{"name":"wp","href":"https:\/\/api.w.org\/{rel}","templated":true}]}}