{"id":31000,"date":"2018-11-03T07:14:00","date_gmt":"2018-11-03T05:14:00","guid":{"rendered":"http:\/\/akincilardergisi.com\/dergi\/?p=31000"},"modified":"2023-11-05T13:42:22","modified_gmt":"2023-11-05T10:42:22","slug":"idealsiz-ogretmenler-ve-surungen-egitim-sistemi","status":"publish","type":"post","link":"https:\/\/akincilardergisi.com\/tr\/idealsiz-ogretmenler-ve-surungen-egitim-sistemi\/","title":{"rendered":"\u0130dealsiz \u00f6\u011fretmenler ve s\u00fcr\u00fcngen e\u011fitim sistemi"},"content":{"rendered":"<div class=\"authors detail\">\n<div class=\"picture\"><a style=\"color: #000000\" title=\"Arif Altunba\u015f\" href=\"http:\/\/www.haber7.com\/yazarlar\/arif-altunbas\"><img decoding=\"async\" title=\"\u0130dealsiz  \u00f6\u011fretmenler ve  s\u00fcr\u00fcngen e\u011fitim sistemi\" src=\"http:\/\/i2.haber7.net\/haber7\/columnists\/\/bw\/905.png\" alt=\"\u0130dealsiz  \u00f6\u011fretmenler ve  s\u00fcr\u00fcngen e\u011fitim sistemi\" \/><\/a><\/div>\n<div class=\"content\">\n<div class=\"name\" style=\"font-weight: 500\"><a style=\"color: #000000\" title=\"Arif Altunba\u015f\" href=\"http:\/\/www.haber7.com\/yazarlar\/arif-altunbas\">Arif Altunba\u015f<\/a>\u00a0, Haber 7<\/div>\n<\/div>\n<\/div>\n<div class=\"news-detail\">\n<div class=\"article\">\n<div class=\"news-content\">\n<p>K\u00fcreselle\u015fme ve beraberinde getirdi\u011fi yeni anlay\u0131\u015f sa\u011flam temeller \u00fczerine oturmam\u0131\u015f e\u011fitim sistemimiz ve gen\u00e7li\u011fimiz \u00fczerinde derin yaralar b\u0131rakmaya devam ediyor. Ardarda e\u011fitim sistemimizde yap\u0131lan de\u011fi\u015fiklikler \u00e7ocuklar\u0131m\u0131z \u00fczerinde maddi ve manevi b\u00fcy\u00fck tahribatlar, tamiri ve tedavisi g\u00fc\u00e7 izler b\u0131rak\u0131yor.<\/p>\n<p>D\u00fcnyan\u0131n hi\u00e7bir \u00fclkesinde her gelen bakan\u0131n e\u011fitim sistemiyle, m\u00fcfredatla, gen\u00e7li\u011fin d\u00fc\u015fleri ve \u00fclkenin gelece\u011fiyle oynad\u0131\u011f\u0131 g\u00f6r\u00fclmi\u015f de\u011fildir. Tabii ki T\u00fcrkiye hari\u00e7\u2026<\/p>\n<p>Bir \u00fclkede e\u011fitim h\u00fck\u00fcmetlerin ve iktidarlar\u0131n elinde habire de\u011fi\u015ftirilen ideolojik bir ara\u00e7 haline getirilirse, elbette o \u00fclkede e\u011fitimden ve e\u011fitimin kalitesinden bahsedilemez.Fa\u015fizm ve Kominizmle y\u00f6netilen \u00fclkelerin d\u0131\u015f\u0131nda e\u011fitim hi\u00e7bir zaman bir ideolojinin yay\u0131lmas\u0131nda ara\u00e7 olarak kullan\u0131ld\u0131\u011f\u0131 g\u00f6r\u00fclmemi\u015ftir. Tabii ki yine T\u00fcrkiye hari\u00e7\u2026<\/p>\n<p>T\u00fcrkiye \u00f6zellikle CHP tek parti diktat\u00f6rl\u00fc\u011f\u00fcnde, darbeler ve askeri vesayet d\u00f6nemlerinde Bakanl\u0131klar, sivil, askeri ve devlet okullar\u0131 t\u00fcm e\u011fitim ve \u00f6\u011fretim kurumlar\u0131nda esir kamplar\u0131ndaki ve s\u00f6m\u00fcrge \u00fclkelerindeki beyin y\u0131kama taktikleriyle robot gibi tek tip insan yeti\u015ftirilmi\u015ftir.<\/p>\n<p>Bu sakat anlay\u0131\u015f\u0131n tornas\u0131ndan, frezesinden yontularak ge\u00e7en gen\u00e7ler, \u00f6\u011fretmenler, akademisyenler, yazarlar ve sanat\u00e7\u0131larla ne yaz\u0131k ki \u00fclkemiz bir asr\u0131n\u0131 heba edip bo\u015fu bu\u015funa harcam\u0131\u015ft\u0131r. Bu ideolojik vir\u00fcs hala milletin aras\u0131nda CHP olarak ya\u015famakta, hatta iktidara gelmek i\u00e7in me\u015fru gayri me\u015fru b\u00fct\u00fcn yollar\u0131 denemektedir.<\/p>\n<p>Bu k\u00f6r ve sa\u011f\u0131r anlay\u0131\u015fa kar\u015f\u0131 m\u00fccadele eden AK Parti \u015fimdi evrensel bir anlay\u0131\u015f ve d\u00fcnya g\u00f6r\u00fc\u015f\u00fcn\u00fcn atmosferinde alemi ku\u015fatacak ve aleme nizam verecek bir e\u011fitim sistemi ile e\u015frefi mahlukat olan insana insanl\u0131k de\u011ferlerini kazand\u0131racak bir e\u011fitim sistem ve anlay\u0131\u015f\u0131n\u0131 prati\u011fe koymak zorundad\u0131r.<\/p>\n<p>Bu anlay\u0131\u015f, bug\u00fcnk\u00fc s\u00f6m\u00fcrge tipi e\u011fitim sistemimize apa\u00e7\u0131k meydan okuyacak bir m\u00fckemmellikte olmal\u0131d\u0131r. Art\u0131k bu \u00e7arp\u0131k kadrola\u015fmaya, bu m\u00fcfredattaki ve \u00a0sistemdeki geli\u015fig\u00fczel de\u011fi\u015fikliklere, e\u011fitim sistemine yap\u0131lan tepeden inme g\u00fcn\u00fcbirlik m\u00fcdahalelere b\u00f6ylece bir son verilmelidir.<\/p>\n<p>Ya\u015fanan bu olumsuzluklardan maddi ve manevi olarak direkt etkilenen gen\u00e7li\u011fin e\u011fitim sistemine de\u011fil de direkt otoriteye\u00a0 ba\u015fkald\u0131rma ve meydan okuma durumuna bizzat AK Parti iktidarlar\u0131n\u0131n kendi aymazl\u0131\u011f\u0131 getirmi\u015ftir. \u0130ktidar bu yalan ve yanl\u0131\u015f e\u011fitime bir son vermedi\u011finden kendi y\u00f6netiminde yeti\u015ftirdi\u011fi gen\u00e7ler kendine muhalif ve d\u00fc\u015fman olarak yeti\u015fmi\u015ftir. Bir \u00fclkede gen\u00e7lere se\u00e7me ve se\u00e7ilme hakk\u0131 vermekle gen\u00e7lik sorunlar\u0131n\u0131n \u00e7\u00f6z\u00fclmedi\u011fi ve \u00e7\u00f6z\u00fclemeyece\u011fi art\u0131k anla\u015f\u0131lmal\u0131d\u0131r.<\/p>\n<p>Gezi isyan\u0131n\u0131 ba\u015flatan gen\u00e7lerin % 90 \u0131 iktidar\u0131n liselerinde ve \u00dcniversitelerinde yeti\u015fmi\u015f bu \u00fclkenin \u00e7ocuklar\u0131d\u0131r. Sorunu ba\u015fka yerlerde, komplo teorilerinde veya havada tavada aramak hem bu yanl\u0131\u015f\u0131 s\u00fcrd\u00fcrmek, hem de bu sorunu \u00f6rtbas etmek anlam\u0131na gelir.\u2019\u2019Evet\u2019\u2019, \u2018\u2019Hay\u0131r\u2019\u2019 se\u00e7iminde gen\u00e7lerin % 70 nin \u2018\u2019Hay\u0131r\u2019\u2019 dedi\u011fi de ayn\u0131 \u00e7arp\u0131k e\u011fitim ve \u00f6\u011fretim sorunundan kaynaklanmaktad\u0131r.<\/p>\n<p>\u0130ktidar muktedir olmak istiyorsa, \u00f6nce \u2018\u2019Ahlak ve Maneviyat\u2019\u2019 ekseninde e\u011fitim sistemine bir ayar ve d\u00fczen vermek zorundad\u0131r. Aksi takdirde hangi iktidar olursa olsun kendi \u00fcrettti\u011fi sorunlar yuma\u011f\u0131n\u0131n alt\u0131nda kalarak kendi sonunu haz\u0131rlam\u0131\u015f olur.<\/p>\n<p>E\u011fitim sistemine verilen ayardan sonra, yap\u0131lacak ilk i\u015f bu sisteme uyum sa\u011flamas\u0131 gereken y\u00f6netici ve \u00f6\u011fretmen kadrolar\u0131n\u0131 yeni ba\u015ftan dizayn etmektir.A\u015fks\u0131z, g\u00f6n\u00fcls\u00fcz, ruhsuz, idealsiz, milli ve yerli olmayan \u00f6\u011fretmen sorunsal\u0131 ile e\u011fitimde ba\u015far\u0131l\u0131 olmak m\u00fcmk\u00fcn de\u011fildir. E\u011fer; iktidar, Milli E\u011fitim bakanl\u0131\u011f\u0131 ve \u00f6\u011fretmenler ibadet a\u015fk\u0131yla \u00e7al\u0131\u015f\u0131r ve hareket ederlerse e\u011fitim ve \u00f6\u011fretimde kaybetti\u011fimiz \u00a0bir as\u0131rl\u0131k zaman\u0131 en k\u0131sa zamanda telafi edebiliriz.<\/p>\n<p>Bunu ba\u015farmak pekala m\u00fcmk\u00fcn\u2026Yeterki; her\u015feyi Allah ad\u0131na, Allah i\u00e7in ve Allah\u0131n \u00f6l\u00e7\u00fcleri \u00e7izgisinde yapal\u0131m. Milli E\u011fitimimizi inkar ve k\u00fcfr\u00fcn her t\u00fcrl\u00fc sistem ve dayatmalar\u0131ndan ar\u0131nd\u0131ral\u0131m. Milli ve yerli olmaya \u00e7al\u0131\u015fal\u0131m. Kendi de\u011ferlerimize ve asl\u0131m\u0131za d\u00f6nelim.<\/p>\n<p><strong style=\"font-weight: bold\">Arif Altunba\u015f,\u00a0<a class=\"link_keywords\" style=\"color: #98171c\" title=\"Haber\" href=\"http:\/\/www.haber7.com\/\" target=\"_blank\" rel=\"noopener\">Haber<\/a>\u00a07<\/strong><\/p>\n<\/div>\n<\/div>\n<\/div>\n","protected":false},"excerpt":{"rendered":"<p>Arif Altunba\u015f\u00a0, Haber 7 K\u00fcreselle\u015fme ve beraberinde getirdi\u011fi yeni anlay\u0131\u015f sa\u011flam temeller \u00fczerine oturmam\u0131\u015f e\u011fitim sistemimiz ve gen\u00e7li\u011fimiz \u00fczerinde derin yaralar b\u0131rakmaya devam ediyor. Ardarda e\u011fitim sistemimizde yap\u0131lan de\u011fi\u015fiklikler \u00e7ocuklar\u0131m\u0131z \u00fczerinde maddi ve manevi b\u00fcy\u00fck tahribatlar, tamiri ve tedavisi g\u00fc\u00e7 izler b\u0131rak\u0131yor. D\u00fcnyan\u0131n hi\u00e7bir \u00fclkesinde her gelen bakan\u0131n e\u011fitim sistemiyle, m\u00fcfredatla, gen\u00e7li\u011fin d\u00fc\u015fleri ve \u00fclkenin &hellip;<\/p>\n","protected":false},"author":2,"featured_media":45555,"comment_status":"open","ping_status":"open","sticky":false,"template":"","format":"standard","meta":{"om_disable_all_campaigns":false,"_themeisle_gutenberg_block_has_review":false,"_joinchat":[],"footnotes":""},"categories":[49,38,43],"tags":[],"class_list":["post-31000","post","type-post","status-publish","format-standard","has-post-thumbnail","","category-arif","category-guncel","category-yazarlar"],"_links":{"self":[{"href":"https:\/\/akincilardergisi.com\/tr\/wp-json\/wp\/v2\/posts\/31000","targetHints":{"allow":["GET"]}}],"collection":[{"href":"https:\/\/akincilardergisi.com\/tr\/wp-json\/wp\/v2\/posts"}],"about":[{"href":"https:\/\/akincilardergisi.com\/tr\/wp-json\/wp\/v2\/types\/post"}],"author":[{"embeddable":true,"href":"https:\/\/akincilardergisi.com\/tr\/wp-json\/wp\/v2\/users\/2"}],"replies":[{"embeddable":true,"href":"https:\/\/akincilardergisi.com\/tr\/wp-json\/wp\/v2\/comments?post=31000"}],"version-history":[{"count":0,"href":"https:\/\/akincilardergisi.com\/tr\/wp-json\/wp\/v2\/posts\/31000\/revisions"}],"wp:featuredmedia":[{"embeddable":true,"href":"https:\/\/akincilardergisi.com\/tr\/wp-json\/wp\/v2\/media\/45555"}],"wp:attachment":[{"href":"https:\/\/akincilardergisi.com\/tr\/wp-json\/wp\/v2\/media?parent=31000"}],"wp:term":[{"taxonomy":"category","embeddable":true,"href":"https:\/\/akincilardergisi.com\/tr\/wp-json\/wp\/v2\/categories?post=31000"},{"taxonomy":"post_tag","embeddable":true,"href":"https:\/\/akincilardergisi.com\/tr\/wp-json\/wp\/v2\/tags?post=31000"}],"curies":[{"name":"wp","href":"https:\/\/api.w.org\/{rel}","templated":true}]}}