{"id":30757,"date":"2018-10-19T00:00:54","date_gmt":"2018-10-18T21:00:54","guid":{"rendered":"http:\/\/akincilardergisi.com\/dergi\/?p=30757"},"modified":"2023-11-05T13:25:42","modified_gmt":"2023-11-05T10:25:42","slug":"bu-topraklar-amerikan-eyaleti-degil","status":"publish","type":"post","link":"https:\/\/akincilardergisi.com\/tr\/bu-topraklar-amerikan-eyaleti-degil\/","title":{"rendered":"BU TOPRAKLAR AMER\u0130KAN EYALET\u0130 DE\u011e\u0130L!"},"content":{"rendered":"<p style=\"text-align: justify\">T\u00fcrkiye son g\u00fcnlerde iki \u00f6nemli konu ile me\u015fgul olmakta. CIA Ajan\u0131 Papaz Brunson\u2019un serbest b\u0131rak\u0131lmas\u0131 ve Cemal Ka\u015f\u0131k\u00e7\u0131\u2019n\u0131n ortadan kaybolmas\u0131. \u00d6ncelikle Brunson ile ba\u015flayal\u0131m. Brunson\u2019un serbest b\u0131rak\u0131lmas\u0131 baz\u0131 tart\u0131\u015fmalara yol a\u00e7m\u0131\u015ft\u0131. Bunun en \u00f6nemlisi hi\u00e7 \u015f\u00fcphesiz ki \u201c\u0130\u015fte Erdo\u011fan bu beden sa\u011f olduk\u00e7a asla teslim alamayacaks\u0131n\u0131z, T\u00fcrkiye\u2019nin ba\u011f\u0131ms\u0131z yarg\u0131s\u0131 var, yarg\u0131n\u0131n kararlar\u0131na sayg\u0131l\u0131y\u0131z.\u201d gibi a\u00e7\u0131klamalara dayan\u0131yordu.<\/p>\n<p style=\"text-align: justify\">\u00d6ncelikle \u015funu s\u00f6yleyeyim: T\u00fcrk Devleti yabana at\u0131lacak bir devlet de\u011fil art\u0131k. Kim ne derse desin bu co\u011frafyada al\u0131nacak sonu\u00e7lar T\u00fcrkiye\u2019siz olmayacak. Hangi taraf di\u011fer tarafa yenilgiyi kabul ettirirse T\u00fcrkiye mutlaka kazanan ve s\u00f6z sahibi olan tarafta yer alacak. Bu adam zaten 3 y\u0131la yak\u0131n i\u00e7erde yatt\u0131. Cezas\u0131n\u0131 \u00e7ekti. Daha sonra kontroll\u00fc bir \u015fekilde ev hapsine al\u0131nd\u0131. Son olarak da yarg\u0131 taraf\u0131ndan serbest b\u0131rak\u0131lmas\u0131na karar verildi.<\/p>\n<p style=\"text-align: justify\">Brunson\u2019un serbest b\u0131rak\u0131lmas\u0131n\u0131, T\u00fcrkiye\u2019nin ABD\u2019ye boyun e\u011fdi\u011fi \u015feklinde gayri milli a\u00e7\u0131klamalara yoranlar i\u015fin hi\u00e7 de T\u00fcrkiye taraf\u0131ndan bir g\u00fc\u00e7 g\u00f6sterisi yap\u0131ld\u0131\u011f\u0131na bakm\u0131yorlar. Daha do\u011frusu bunu kabullenemiyorlar. Evet, T\u00fcrkiye\u2019nin \u0130zmir\u2019de g\u00f6rev yapan ABD\u2019nin Past\u00f6r\u2019\u00fcn\u00fc, CIA Ajan\u0131n\u0131, s\u0131n\u0131rda PKK ile i\u015f birli\u011fi yapm\u0131\u015f olan ter\u00f6rist sever adam\u0131n\u0131 i\u00e7eriye almas\u0131, onu sorgulamas\u0131, ev hapsiyle denetlemeye kalkmas\u0131 bir G\u00dc\u00c7 G\u00d6STER\u0130S\u0130D\u0130R.<\/p>\n<p style=\"text-align: justify\">Bu konuda benim g\u00f6rd\u00fc\u011f\u00fcm en b\u00fcy\u00fck T\u00dcRK DEVLET AKLI hamlelerinden biri de Brunson\u2019un serbest b\u0131rak\u0131lmas\u0131ndan sonra ABD Ba\u015fkan\u0131 Trump\u2019\u0131n bunun i\u00e7in Ba\u015fkan Erdo\u011fan\u2019a te\u015fekk\u00fcr etmesi sonras\u0131nda Ba\u015fkan Erdo\u011fan\u2019\u0131n yapt\u0131\u011f\u0131 a\u00e7\u0131klamayd\u0131. Erdo\u011fan bu karar\u0131 kendisinin vermedi\u011fini, BA\u011eIMSIZ T\u00dcRK YARGISININ bu karar\u0131 ald\u0131\u011f\u0131n\u0131 s\u00f6ylemesi dikkate de\u011fer a\u00e7\u0131klamalardan biriydi.<\/p>\n<p style=\"text-align: justify\">Sonu\u00e7 olarak T\u00fcrkiye\u2019nin Brunson hamlesi, ABD\u2019ye bak ben de sana kar\u015f\u0131 hamle yapabiliyorum, aya\u011f\u0131n\u0131 denk al, bu topraklarda art\u0131k yapaca\u011f\u0131m\u0131z i\u015flere biz karar veririz mesaj\u0131n\u0131n ta kendisiydi.<\/p>\n<p style=\"text-align: justify\">Cemal Ka\u015f\u0131k\u00e7\u0131\u2019n\u0131n ortadan kaybolmas\u0131 ise soru i\u015faretlerini bar\u0131nd\u0131ran en m\u00fchim konulardan. Olay g\u00fcn\u00fc 28 T\u00fcrk personelinin izne \u00e7\u0131kar\u0131lmas\u0131 da ayr\u0131 bir soru. Bu konuda en \u00f6nemli a\u00e7\u0131klamalar\u0131 Takvim Gazetesi Genel Yay\u0131n Y\u00f6netmeni ve yazar\u0131 Erg\u00fcn Diler yapt\u0131. Diler, genel itibariyle Ka\u015f\u0131k\u00e7\u0131\u2019n\u0131n ortadan kald\u0131r\u0131lmas\u0131n\u0131n arkas\u0131nda Amerikan Savunma Bakan\u0131 PENTAGON\u2019un oldu\u011funu s\u00f6yledi. Bu bir bak\u0131ma Suudi Arabistan\u2019a bir mesajd\u0131. Art\u0131k taraf\u0131n\u0131 se\u00e7 diyordu PENTAGON. Aile mi biz mi? \u00c7\u00fcnk\u00fc Suudi Arabistan yava\u015f yava\u015f aileye kay\u0131yordu. Bu kabul edilemezdi. \u0130\u015fleye i\u015fleye buraya kadar getirdikleri i\u015fi yar\u0131m b\u0131rakamazlard\u0131.<\/p>\n<p style=\"text-align: justify\">Bu i\u015fin T\u00fcrkiye\u2019de ger\u00e7ekle\u015ftirilmesi de tesad\u00fcf de\u011fildi. \u0130\u015f T\u00fcrkiye\u2019nin \u00fczerine y\u0131k\u0131lacak, T\u00fcrkiye ve Suudi Arabistan\u2019\u0131n k\u00f6t\u00fc ili\u015fkileri iyice k\u00f6t\u00fcle\u015fecekti. Evet, birileri b\u00fcy\u00fck oynuyordu. Olup bitenleri at g\u00f6zl\u00fc\u011f\u00fc ile de\u011ferlendirirsek, i\u015fin sadece magazin k\u0131sm\u0131yla yetiniriz. Daha derine indi\u011fimizde ise verilmek istenen mesaj\u0131 tam olarak al\u0131r\u0131z.<\/p>\n<p style=\"text-align: justify\">Derin T\u00fcrk Akl\u0131 verilen mesaj\u0131 stratejik bir \u015fekilde d\u00f6n\u00fc\u015ft\u00fcrd\u00fc\u011f\u00fc gibi \u00e7ok da iyi mesaj vermekte. Bunu Brunson olay\u0131nda g\u00f6rd\u00fck.<\/p>\n<p style=\"text-align: justify\">Ne olursa olsun. Bu topraklar Amerikan bir eyaleti de\u011fildir. Nihai karar al\u0131c\u0131 her zaman biz olmu\u015fuzdur. Bir ara versek de bu hi\u00e7bir \u015feyi de\u011fi\u015ftirmez. \u015eimdi yapacaklar\u0131m\u0131z\u0131n fragman\u0131n\u0131 g\u00f6sterdik. As\u0131l film daha yeni ba\u015fl\u0131yor\u2026<\/p>\n<p style=\"text-align: justify\">Selam ve dua ile\u2026<\/p>\n<p style=\"text-align: justify\"><strong>\u0130BRAH\u0130M YAVUZ<\/strong><\/p>\n","protected":false},"excerpt":{"rendered":"<p>T\u00fcrkiye son g\u00fcnlerde iki \u00f6nemli konu ile me\u015fgul olmakta. CIA Ajan\u0131 Papaz Brunson\u2019un serbest b\u0131rak\u0131lmas\u0131 ve Cemal Ka\u015f\u0131k\u00e7\u0131\u2019n\u0131n ortadan kaybolmas\u0131. \u00d6ncelikle Brunson ile ba\u015flayal\u0131m. Brunson\u2019un serbest b\u0131rak\u0131lmas\u0131 baz\u0131 tart\u0131\u015fmalara yol a\u00e7m\u0131\u015ft\u0131. Bunun en \u00f6nemlisi hi\u00e7 \u015f\u00fcphesiz ki \u201c\u0130\u015fte Erdo\u011fan bu beden sa\u011f olduk\u00e7a asla teslim alamayacaks\u0131n\u0131z, T\u00fcrkiye\u2019nin ba\u011f\u0131ms\u0131z yarg\u0131s\u0131 var, yarg\u0131n\u0131n kararlar\u0131na sayg\u0131l\u0131y\u0131z.\u201d gibi a\u00e7\u0131klamalara &hellip;<\/p>\n","protected":false},"author":20,"featured_media":48521,"comment_status":"open","ping_status":"open","sticky":false,"template":"","format":"standard","meta":{"om_disable_all_campaigns":false,"_themeisle_gutenberg_block_has_review":false,"_joinchat":[],"footnotes":""},"categories":[38,57,43],"tags":[],"class_list":["post-30757","post","type-post","status-publish","format-standard","has-post-thumbnail","","category-guncel","category-ibrahim","category-yazarlar"],"_links":{"self":[{"href":"https:\/\/akincilardergisi.com\/tr\/wp-json\/wp\/v2\/posts\/30757","targetHints":{"allow":["GET"]}}],"collection":[{"href":"https:\/\/akincilardergisi.com\/tr\/wp-json\/wp\/v2\/posts"}],"about":[{"href":"https:\/\/akincilardergisi.com\/tr\/wp-json\/wp\/v2\/types\/post"}],"author":[{"embeddable":true,"href":"https:\/\/akincilardergisi.com\/tr\/wp-json\/wp\/v2\/users\/20"}],"replies":[{"embeddable":true,"href":"https:\/\/akincilardergisi.com\/tr\/wp-json\/wp\/v2\/comments?post=30757"}],"version-history":[{"count":0,"href":"https:\/\/akincilardergisi.com\/tr\/wp-json\/wp\/v2\/posts\/30757\/revisions"}],"wp:featuredmedia":[{"embeddable":true,"href":"https:\/\/akincilardergisi.com\/tr\/wp-json\/wp\/v2\/media\/48521"}],"wp:attachment":[{"href":"https:\/\/akincilardergisi.com\/tr\/wp-json\/wp\/v2\/media?parent=30757"}],"wp:term":[{"taxonomy":"category","embeddable":true,"href":"https:\/\/akincilardergisi.com\/tr\/wp-json\/wp\/v2\/categories?post=30757"},{"taxonomy":"post_tag","embeddable":true,"href":"https:\/\/akincilardergisi.com\/tr\/wp-json\/wp\/v2\/tags?post=30757"}],"curies":[{"name":"wp","href":"https:\/\/api.w.org\/{rel}","templated":true}]}}