{"id":30204,"date":"2018-09-19T00:00:12","date_gmt":"2018-09-18T21:00:12","guid":{"rendered":"http:\/\/akincilardergisi.com\/dergi\/?p=30204"},"modified":"2023-11-05T13:25:43","modified_gmt":"2023-11-05T10:25:43","slug":"idlibe-baskan-erdogan-damgasi","status":"publish","type":"post","link":"https:\/\/akincilardergisi.com\/tr\/idlibe-baskan-erdogan-damgasi\/","title":{"rendered":"\u0130DL\u0130B&#8217;E BA\u015eKAN ERDO\u011eAN DAMGASI"},"content":{"rendered":"<p style=\"text-align: justify\">B\u0130R VATANDA\u015e OLARAK A\u011eRINA G\u0130D\u0130YORMU\u015e&#8230;<\/p>\n<p style=\"text-align: justify\">CHP&#8217;nin i\u00e7ler ac\u0131s\u0131 durumunu biliyoruz da bu kadar olmamal\u0131 dedirtiyor insana. T\u00fcrkiye&#8217;nin i\u00e7inden ge\u00e7ti\u011fi s\u00fcre\u00e7 bu kadar yo\u011fun iken ve hayati \u00f6nem ta\u015f\u0131yorken, att\u0131\u011f\u0131m\u0131z her ad\u0131m\u0131 bin d\u00fc\u015f\u00fcnerek att\u0131\u011f\u0131m\u0131z\u0131 hesaba katarken CHP&#8217;nin 90 senelik \u00e7izgisini bir t\u00fcrl\u00fc a\u015f\u0131p, d\u0131\u015far\u0131ya a\u00e7\u0131lamamas\u0131 T\u00fcrkiye&#8217;nin ana muhalefet sorununu bir kez daha g\u00f6zler \u00f6n\u00fcne serdi.<\/p>\n<p style=\"text-align: justify\">Katar \u015eeyhinin T\u00fcrkiye Cumhuriyeti Devleti&#8217;ne hibe etti\u011fi u\u00e7ak ana muhalefet partisi CHP&#8217;yi rahats\u0131z etti. \u00d6yle ki K\u0131l\u0131\u00e7daro\u011flu bunu bir onur meselesi olarak g\u00f6rmekte. Ona g\u00f6re T\u00fcrkiye Cumhuriyeti Devleti bir \u015feyhten hibe u\u00e7ak alacak kadar k\u00fc\u00e7\u00fclmemeli imi\u015f. Gururuna dokunuyormu\u015f&#8230;<\/p>\n<p style=\"text-align: justify\">Halbuki Ba\u015fkan Erdo\u011fan zaten durumu gayet net bir \u015fekilde a\u00e7\u0131klad\u0131. O u\u00e7akla ilgilendiklerini, fiyat\u0131n\u0131n 500 civar\u0131nda oldu\u011funu ancak Katar \u015eeyhinin ben bunu T\u00fcrkiye&#8217;ye para ka\u015f\u0131l\u0131\u011f\u0131 satmam dedi\u011fini s\u00f6yledi\u011fini biliyoruz. Ba\u015fkan Erdo\u011fan u\u00e7a\u011f\u0131n boyand\u0131\u011f\u0131n\u0131, daha sonra T\u00fcrkiye Cumhuriyeti H\u00fck\u00fcmetinin hizmetine verilece\u011fini de s\u00f6yledi.<\/p>\n<p style=\"text-align: justify\">Olay bu kadar net. O u\u00e7ak H\u00fck\u00fcmetin mal\u0131, Recep Tayyip Erdo\u011fan&#8217;\u0131n de\u011fil. Neyse de\u011finecek \u00f6nemli bir konu daha var. Bu kadar ucuz, basit bir mesele i\u00e7in k\u00f6\u015femizi doldurmayal\u0131m&#8230; Devam edelim&#8230;<\/p>\n<p style=\"text-align: justify\">\u0130DL\u0130B&#8217;E BA\u015eKAN ERDO\u011eAN DAMGASI<\/p>\n<p style=\"text-align: justify\">Daha k\u0131sa bir s\u00fcre \u00f6nce Tahran&#8217;da ate\u015fkes diye hayk\u0131rm\u0131\u015ft\u0131 Ba\u015fkan Erdo\u011fan. Daha sonra Azerbaycan&#8217;\u0131n kurtulu\u015funun 100. y\u0131l d\u00f6n\u00fcm\u00fc itibariyle karde\u015f \u00fclke Azerbaycan&#8217;a gidip oradan da mesajlar verdi. Bu mesaj elbette ki Ermenistan&#8217;a idi. Azerbaycan ile Ermenistan aras\u0131ndaki Yukar\u0131 Karaba\u011f sorununun y\u0131llard\u0131r iki \u00fclke aras\u0131nda dolay\u0131s\u0131yla da T\u00fcrkiye ile Ermenistan ili\u015fkilerini nas\u0131l etkiledi\u011fini biliyoruz.<\/p>\n<p style=\"text-align: justify\">Ba\u015fkan Erdo\u011fan Yukar\u0131 Karaba\u011f sorununun \u00e7\u00f6z\u00fclmeden T\u00fcrkiye ile Ermenistan ili\u015fkilerinin d\u00fczelmesinin m\u00fcmk\u00fcn olmad\u0131\u011f\u0131n\u0131 s\u00f6yledi. Bu en b\u00fcy\u00fck mesajd\u0131. Zaten Ermenistan devletinin Azerbaycan ile T\u00fcrkiye aras\u0131na neden ili\u015ftirildi\u011fini \u00e7ok iyi biliyoruz. O meseleye girmeyece\u011fim oras\u0131 ayr\u0131. Zaten Erdo\u011fan&#8217;\u0131n mesaj\u0131 da direkt bu konuyla ilgili&#8230;<\/p>\n<p style=\"text-align: justify\">Daha sonra So\u00e7i&#8217;deydi Ba\u015fkan Erdo\u011fan. Rusya Devlet Ba\u015fkan\u0131 ile Erdo\u011fan aras\u0131ndaki g\u00f6r\u00fc\u015fmeden \u0130dlib&#8217;in gelece\u011fine y\u00f6nelik \u00e7ok \u00f6nemli kararlar \u00e7\u0131kt\u0131. Suriye&#8217;de muhalifler ile rejim kontrol\u00fcndeki alanlar aras\u0131nda silahlardan ar\u0131nd\u0131r\u0131lm\u0131\u015f b\u00f6lge olu\u015fturulmas\u0131 kararla\u015ft\u0131r\u0131ld\u0131.<\/p>\n<p style=\"text-align: justify\">Suriye&#8217;de muhalifler bulundu\u011fu b\u00f6lgede kalmaya devam edecekler. Buralarda Rusya ve T\u00fcrkiye devriye gezecekler. Ba\u015fkan Erdo\u011fan, as\u0131l tehlikenin PYD\/YPG oldu\u011funu, bunun da F\u0131rat&#8217;\u0131n Do\u011fusundan kaynakland\u0131\u011f\u0131n\u0131 s\u00f6zlerine ekledi.<\/p>\n<p style=\"text-align: justify\">\u0130dlib konusunda Ba\u015fkan Erdo\u011fan liderli\u011findeki T\u00fcrkiye&#8217;nin Suriye&#8217;de insanc\u0131l bir facian\u0131n daha \u00f6n\u00fcne ge\u00e7ildi. Yakla\u015f\u0131k 4 milyon insan\u0131n oldu\u011fu \u0130dlib&#8217;de bir g\u00f6\u00e7 hareketini ne T\u00fcrkiye kald\u0131rabilirdi ne de buradan Avrupa&#8217;ya olacak g\u00f6\u00e7lerle Avrupa alt\u0131ndan kalkabilirdi. T\u00fcrkiye&#8217;nin bu ba\u015far\u0131s\u0131 asl\u0131nda Avrupa&#8217;ya da yarad\u0131 bir anlamda. \u00d6yle kendileri de bunu onayl\u0131yorlar&#8230;<\/p>\n<p style=\"text-align: justify\">Yerel se\u00e7imlere de de\u011finece\u011fiz ancak k\u00f6\u015femize s\u0131\u011fd\u0131ramad\u0131k. Nasipse onu da cumaya yazar\u0131z&#8230;<\/p>\n<p style=\"text-align: justify\">Selam ve dua ile&#8230;<\/p>\n<p style=\"text-align: justify\"><strong>\u0130BRAH\u0130M YAVUZ<\/strong><\/p>\n<p style=\"text-align: justify\">\n","protected":false},"excerpt":{"rendered":"<p>B\u0130R VATANDA\u015e OLARAK A\u011eRINA G\u0130D\u0130YORMU\u015e&#8230; CHP&#8217;nin i\u00e7ler ac\u0131s\u0131 durumunu biliyoruz da bu kadar olmamal\u0131 dedirtiyor insana. T\u00fcrkiye&#8217;nin i\u00e7inden ge\u00e7ti\u011fi s\u00fcre\u00e7 bu kadar yo\u011fun iken ve hayati \u00f6nem ta\u015f\u0131yorken, att\u0131\u011f\u0131m\u0131z her ad\u0131m\u0131 bin d\u00fc\u015f\u00fcnerek att\u0131\u011f\u0131m\u0131z\u0131 hesaba katarken CHP&#8217;nin 90 senelik \u00e7izgisini bir t\u00fcrl\u00fc a\u015f\u0131p, d\u0131\u015far\u0131ya a\u00e7\u0131lamamas\u0131 T\u00fcrkiye&#8217;nin ana muhalefet sorununu bir kez daha g\u00f6zler \u00f6n\u00fcne serdi. &hellip;<\/p>\n","protected":false},"author":20,"featured_media":48521,"comment_status":"open","ping_status":"open","sticky":false,"template":"","format":"standard","meta":{"om_disable_all_campaigns":false,"_themeisle_gutenberg_block_has_review":false,"_joinchat":[],"footnotes":""},"categories":[38,57,43],"tags":[],"class_list":["post-30204","post","type-post","status-publish","format-standard","has-post-thumbnail","","category-guncel","category-ibrahim","category-yazarlar"],"_links":{"self":[{"href":"https:\/\/akincilardergisi.com\/tr\/wp-json\/wp\/v2\/posts\/30204","targetHints":{"allow":["GET"]}}],"collection":[{"href":"https:\/\/akincilardergisi.com\/tr\/wp-json\/wp\/v2\/posts"}],"about":[{"href":"https:\/\/akincilardergisi.com\/tr\/wp-json\/wp\/v2\/types\/post"}],"author":[{"embeddable":true,"href":"https:\/\/akincilardergisi.com\/tr\/wp-json\/wp\/v2\/users\/20"}],"replies":[{"embeddable":true,"href":"https:\/\/akincilardergisi.com\/tr\/wp-json\/wp\/v2\/comments?post=30204"}],"version-history":[{"count":0,"href":"https:\/\/akincilardergisi.com\/tr\/wp-json\/wp\/v2\/posts\/30204\/revisions"}],"wp:featuredmedia":[{"embeddable":true,"href":"https:\/\/akincilardergisi.com\/tr\/wp-json\/wp\/v2\/media\/48521"}],"wp:attachment":[{"href":"https:\/\/akincilardergisi.com\/tr\/wp-json\/wp\/v2\/media?parent=30204"}],"wp:term":[{"taxonomy":"category","embeddable":true,"href":"https:\/\/akincilardergisi.com\/tr\/wp-json\/wp\/v2\/categories?post=30204"},{"taxonomy":"post_tag","embeddable":true,"href":"https:\/\/akincilardergisi.com\/tr\/wp-json\/wp\/v2\/tags?post=30204"}],"curies":[{"name":"wp","href":"https:\/\/api.w.org\/{rel}","templated":true}]}}