{"id":29859,"date":"2018-08-26T19:48:31","date_gmt":"2018-08-26T16:48:31","guid":{"rendered":"http:\/\/akincilardergisi.com\/dergi\/?p=29859"},"modified":"2023-11-07T12:01:37","modified_gmt":"2023-11-07T09:01:37","slug":"1071-malazgirtinden-2018-malazgirtine","status":"publish","type":"post","link":"https:\/\/akincilardergisi.com\/tr\/1071-malazgirtinden-2018-malazgirtine\/","title":{"rendered":"1071 MALAZG\u0130RT\u2019\u0130NDEN  2018 MALAZG\u0130RT\u2019\u0130NE"},"content":{"rendered":"<p style=\"color: #000000;text-align: justify\">Anadolu topraklar\u0131nda b\u00fcy\u00fck \u0130slam milleti olarak varl\u0131\u011f\u0131m\u0131z\u0131 hissettirmeye ba\u015flad\u0131\u011f\u0131m\u0131z \u00f6nemli a\u015famalardan biri olan Malazgirt Zaferi, kendi ruhunu ta\u015f\u0131yan, bu ruha sahip \u00e7\u0131kan, buram buram Anadolu kokan y\u00fcreklere kutlu olsun, m\u00fcbarek olsun. 1071\u2019den beri Anadolu \u0130slam yurdunun \u0130slam kalabilmesi u\u011fruna m\u00fccadele eden t\u00fcm \u015fehitlerimize rahmet olsun, onlar\u0131n aziz takip\u00e7ilerine selam olsun.<\/p>\n<p style=\"color: #000000;text-align: justify\">Malazgirt Zaferi, aziz \u0130slam milletimizin tek y\u00fcrek oldu\u011funda, olabildi\u011finde neler yapabilece\u011finin en g\u00fczel \u00f6rneklerinden birisidir. Malazgirt Zaferi, insanl\u0131k onurunun ayaklar alt\u0131na serildi\u011fi bir zaman diliminde \u00f6nce insan diyenlerin, diyebilenlerin ortak duygu etraf\u0131nda birle\u015ftiklerinde neler yapabilece\u011finin en g\u00fczel \u00f6rne\u011fidir. Malazgirt Zaferi, m\u00fcbarek Anadolu topraklar\u0131n\u0131n zulm\u00fcn, adaletsizli\u011fin, soygunun, ya\u011fman\u0131n varl\u0131k sebebi olan Bizans\u2019a kar\u015f\u0131 ortak akl\u0131n \u201cArt\u0131k yeter, bitsin bu zul\u00fcm.\u201d diyebilenlerin zaferidir.<\/p>\n<p style=\"color: #000000;text-align: justify\">Kutlu zafere giden yolda \u00e7\u0131k\u0131lan bu kutlu sefer ba\u015fta Abbasi halifelik merkezi olan Ba\u011fdat olmak \u00fczere t\u00fcm \u0130slam beldelerinde b\u00fcy\u00fck heyecan dalgas\u0131 olu\u015fturmu\u015ftu. Bizans\u2019\u0131n bask\u0131, zul\u00fcm ve ya\u011fmalar\u0131na maruz kalan gariban Anadolu insan\u0131 adeta t\u00fcm olumsuzluklara son verecek kutlu misafirlerini kar\u015f\u0131lamak i\u00e7in heyecanlayd\u0131. Kendilerine Bizans\u2019\u0131n anlatt\u0131\u011f\u0131 M\u00fcsl\u00fcman T\u00fcrklerle zaman zaman ke\u015fif ak\u0131nlar\u0131nda g\u00f6rd\u00fckleri, tan\u0131d\u0131klar\u0131 M\u00fcsl\u00fcman T\u00fcrkler ayn\u0131 insanlar olamazd\u0131. Onlar ak\u0131nc\u0131lar\u0131m\u0131zda insanl\u0131\u011f\u0131, adaleti, ho\u015fg\u00f6r\u00fcy\u00fc, \u015fefkat ve merhameti g\u00f6rm\u00fc\u015flerdi. Bu nedenle Malazgirt meydan\u0131nda kazan\u0131lan zafer onlar\u0131 tedirgin etmemi\u015f, korkutmam\u0131\u015f, topraklar\u0131n\u0131 terketmelerine neden olmam\u0131\u015ft\u0131. Herkes i\u015fine g\u00fcc\u00fcne devam etmi\u015fti. \u0130\u015fte as\u0131l zafer buydu. Y\u00fcreklerde iz b\u0131rakmayan, kalplere dokunmayan hi\u00e7bir sefer zaferle neticelenmezdi. Bu nedenle Malazgirt Zaferi ayn\u0131 zamanda y\u00fcreklerin, kalplerin kazan\u0131ld\u0131\u011f\u0131 bir zafer olmu\u015ftur.<\/p>\n<p style=\"color: #000000;text-align: justify\">Malazgirt Zaferi, 1071\u2019de \u0130slam d\u00fcnyas\u0131n\u0131 nas\u0131l heyecanland\u0131rm\u0131\u015f ise, bug\u00fcn Malazgirt ruhuna sahip \u00e7\u0131kan T\u00fcrkiye Cumhuriyeti Devleti ayn\u0131 \u015fekilde \u0130slam d\u00fcnyas\u0131n\u0131 heyecanland\u0131rm\u0131\u015ft\u0131r. \u00d6zellikle zulm\u00fcn, adaletsizli\u011fin, modern s\u00f6m\u00fcrgecilik olan ekonomik ambargolar\u0131n kol gezdi\u011fi d\u00fcnyam\u0131zda yap\u0131lan t\u00fcm haks\u0131zl\u0131klar\u0131, yapanlar\u0131n surat\u0131na surat\u0131na vuran, hayk\u0131ran T\u00fcrkiye Cumhuriyeti yine ba\u015flar\u0131ndaki emperyalistlere k\u00f6peklik yapan liderlere ra\u011fmen M\u00fcsl\u00fcman halklar\u0131 heyecanland\u0131rm\u0131\u015ft\u0131r. Sadece M\u00fcsl\u00fcman halklar\u0131 de\u011fil onurlar\u0131yla ya\u015famak isteyen t\u00fcm mazlum ve ma\u011fdurlar\u0131 heyecanland\u0131rm\u0131\u015ft\u0131r. Tarihi arka plan\u0131nda \u201cMalazgirt Zaferi\u201d gibi bir ruhu ta\u015f\u0131yan bir milletin tarihin \u00f6znesi olmak varken tarihin nesnesi olmas\u0131 elbette d\u00fc\u015f\u00fcn\u00fclemezdi. Bize, milletimize ve devletimize nesne ve edilgen olmak gibi bir rol bi\u00e7en Bat\u0131, bu role raz\u0131 olmayan T\u00fcrkiye Cumhuriyeti devletinden elbette raz\u0131 olmayacakt\u0131r. \u0130\u015fte bug\u00fcn bizlere, aziz milletimize ve devletimize ya\u015fat\u0131lmak istenen bir tak\u0131m zorluklar\u0131n arkas\u0131nda yatan sebep bu ger\u00e7ektir. Bunu anlamamak aymazl\u0131ktan ba\u015fka bir \u015fey de\u011fildir.<\/p>\n<p style=\"color: #000000;text-align: justify\">Kurban Bayram\u0131 sonras\u0131ndaki g\u00fcnlerdeyiz. Devletimizin ve milletimizin g\u00f6n\u00fcll\u00fc kurulu\u015flar\u0131 d\u00fcnyan\u0131n d\u00f6rt bir yan\u0131ndaki M\u00fcsl\u00fcmanlara kurban organizasyonlar\u0131yla yard\u0131m g\u00f6t\u00fcrmektedir. Bu yard\u0131mlar sadece M\u00fcsl\u00fcmanlarla da s\u0131n\u0131rl\u0131 de\u011fildir. Nerede s\u0131k\u0131nt\u0131 i\u00e7inde, do\u011fal felakete maruz kalm\u0131\u015f bir insan varsa diline, dinine ve \u0131rk\u0131na bak\u0131lm\u0131yor milletimizin \u015fefkat elleri oralara da uzat\u0131lmaktad\u0131r. B\u00fcy\u00fck millet olmak, kabu\u011funa \u00e7ekilmeyi de\u011fil, kabu\u011fu k\u0131r\u0131p etrafa bakabilmeyi, olup biteni g\u00f6rebilmeyi ve gerekeni yapmay\u0131 gerektirmektedir. B\u00fcy\u00fck T\u00fcrk milletine bu izzet ve onuru ya\u015fatan Allah\u2019a hamdolsun.<\/p>\n<p style=\"color: #000000;text-align: justify\">Bug\u00fcn d\u00fcnyan\u0131n d\u00f6rt bir yan\u0131nda, \u0130slam co\u011frafyas\u0131 olan olmayan bir\u00e7ok yerde M\u00fcsl\u00fcman T\u00fcrk milleti, insanlar\u0131n umudu olmu\u015f, bekledi\u011fi olmu\u015f, kutlu bayra\u011f\u0131m\u0131z ellerinde semaya g\u00f6z k\u0131rpar olmu\u015ftur. Her yerde herkes kendince ve dilince aziz milletimize dualar ediyor. \u0130nsanl\u0131k onuru i\u00e7in aya\u011fa kalkarsan, insanl\u0131k onurunu kurtarmak i\u00e7in m\u00fccadele edersen Allah seni Malazgirt\u2019te Anadolu\u2019nun umudu yapm\u0131\u015ft\u0131, bug\u00fcn sayamayaca\u011f\u0131m\u0131z co\u011frafyalar\u0131n umudu yapar. Bize d\u00fc\u015fen ise bu umudu k\u0131rmamak ve buna omuz vermektir. Bug\u00fcn nas\u0131l ki bize sevgi besleyen co\u011frafyalarda milletimiz ve devletimizin ba\u015far\u0131s\u0131 i\u00e7in dua ediliyorsa ayn\u0131 duygularla 1071\u2019de de o dualar edilmi\u015fti. Abbasi halifesi K\u00e2im- Biemrillah, b\u00fct\u00fcn \u0130slam d\u00fcnyas\u0131n\u0131n yak\u0131ndan ilgilendi\u011fi Malazgirt seferinin M\u00fcsl\u00fcmanlar taraf\u0131ndan kazan\u0131lmas\u0131 hususunda, Muslayao\u011flu Ebu Said\u2019e bir dua metni haz\u0131rlatarak Cuma namaz\u0131nda b\u00fct\u00fcn \u0130slam \u00fclkelerindeki minberlerde okutulmas\u0131n\u0131 emretti. Bug\u00fcn elimizde bulunan ve \u0130slam kaynaklar\u0131nda yer alan dua metni aynen \u015f\u00f6yledir:<\/p>\n<p style=\"color: #000000;text-align: justify\">Allah\u2019\u0131m!<\/p>\n<p style=\"color: #000000;text-align: justify\">\u0130slam sanca\u011f\u0131n\u0131 y\u00fckselt ve \u0130slam\u2019a yard\u0131m et. \u015eirki, ba\u015f\u0131n\u0131 ezmek ve k\u00f6k\u00fcn\u00fc kaz\u0131mak suretiyle yok et. Sana itaat i\u00e7in canlar\u0131n\u0131 feda edip kanlar\u0131n\u0131 sana tabi olma hususunda ak\u0131tan senin yolunun m\u00fccahitlerini, onlar\u0131 kuvvetlendirerek yurtlar\u0131n\u0131 g\u00fcvenlik ve zaferle dolduran yard\u0131mlar\u0131ndan yoksun k\u0131lma.<\/p>\n<p style=\"color: #000000;text-align: justify\">M\u00fc\u2019minlerin emirinin burhan\u0131 olan \u015eehin\u015fah\u00fcl-azam (Sultan Alparslan)\u2019\u0131n senden diledi\u011fi yard\u0131m\u0131 esirgeme ki o, bu sayede h\u00fckm\u00fcn\u00fc y\u00fcr\u00fct\u00fcr, \u015fan\u0131n\u0131 say\u0131l\u0131r k\u0131ls\u0131n ve zaman\u0131n g\u00fc\u00e7l\u00fckleri kar\u015f\u0131s\u0131nda kolayca yerinde tutunabilsin. Senin dinini \u015ferefli ve y\u00fcce tutabilmek i\u00e7in onu, l\u00fctufk\u00e2r ve her zaman etkili olan deste\u011finden yoksun k\u0131lma. Onun k\u00e2firler kar\u015f\u0131s\u0131ndaki bug\u00fcnk\u00fc g\u00fcn\u00fc yar\u0131n\u0131na da yetsin. Ordusunu meleklerinle destekle, niyet ve azmini hay\u0131r ve ba\u015far\u0131yla sonu\u00e7land\u0131r. \u00c7\u00fcnk\u00fc o Senin ulu r\u0131zan i\u00e7in rahat\u0131n\u0131 terk etti; mal\u0131 ve can\u0131yla buyruklar\u0131na uymak amac\u0131yla Senin yoluna d\u00fc\u015ft\u00fc. \u00c7\u00fcnk\u00fc sen\u00a0<b>\u201cEy iman edenler, can yak\u0131c\u0131 azaptan kurtaracak bir yolu size g\u00f6stereyim mi? Allah\u2019a ve O\u2019nun peygamberine inan\u0131yorsan\u0131z onun yolunda, can ve mallar\u0131n\u0131zla sava\u015f\u0131rs\u0131n\u0131z.\u201d\u00a0<\/b>(61\/Saff, 10-11)<b>\u00a0<\/b>diyorsun. Senin s\u00f6z\u00fcn ger\u00e7ektir.<\/p>\n<p style=\"color: #000000;text-align: justify\">Allah\u2019\u0131m!<\/p>\n<p style=\"color: #000000;text-align: justify\">O, nas\u0131l Senin s\u00f6z\u00fcne uyup \u015feriat\u0131n\u0131n korunmas\u0131nda gev\u015feklik g\u00f6stermeden buyru\u011funa uymu\u015f ve d\u00fc\u015fmanlar\u0131na bizzat kar\u015f\u0131 koyarak dinine hizmet edebilmek i\u00e7in gecesini g\u00fcnd\u00fcz\u00fcne katm\u0131\u015fsa Sen de ona zafer k\u0131smet eyle, dileklerinde ona yard\u0131mc\u0131 ol, kaza ve kaderini onun i\u00e7in iyi ve hay\u0131rl\u0131 bir \u015fekilde tecelli ettir. Onu \u00f6yle bir koruyucu ile ku\u015fat ki d\u00fc\u015fmanlar\u0131n her t\u00fcrl\u00fc hilelerini defetsin ve l\u00fctfunla, bu koruyucu onu g\u00fczel s\u0131fatlar\u0131n i\u00e7inde en emin ve sa\u011flam ellerle korusun. Yapmak istedi\u011fi her i\u015fi ona kolay k\u0131l. B\u00f6ylece onun bu d\u00fc\u015fmana kar\u015f\u0131 giri\u015fti\u011fi \u2018Kutsal Hareket\u2019\u00a0\u00a0zaferden \u0131\u015f\u0131k als\u0131n ve \u015firk z\u00fcmresinin, hak yollar\u0131n\u0131 g\u00f6remeyip sap\u0131kl\u0131ktan g\u00f6zleri yumulsun.<\/p>\n<p style=\"color: #000000;text-align: justify\">Ey M\u00fcsl\u00fcmanlar!<\/p>\n<p style=\"color: #000000;text-align: justify\">Do\u011fru bir niyet, i\u00e7ten bir azim ve Allah\u2019tan korkan temiz bir kalplerle ve birlik bah\u00e7esinden k\u0131smet alan inan\u00e7larla Sultan Alparslan i\u00e7in Allah\u2019a yalvar\u0131p yakar\u0131n\u0131z. \u00c7\u00fcnk\u00fc eksiklerden yoksun olan Y\u00fcce Allah \u015f\u00f6yle buyuruyor:\u00a0<b>\u201cEy Muhammed, onlara \u2018dualar\u0131n\u0131z olmazsa Rabbim size ni\u00e7in de\u011fer versin\u2019 de.\u201d\u00a0<\/b>(27\/ Furkan, 77)<\/p>\n<p style=\"color: #000000;text-align: justify\">Ey M\u00fcsl\u00fcmanlar!<\/p>\n<p style=\"color: #000000;text-align: justify\">Alparslan\u2019\u0131n \u015ferefli olarak d\u00fc\u015fmanlar\u0131n\u0131 yok etmesi, sanca\u011f\u0131n\u0131 y\u00fckseltip zaferlerin en son derecesine ve amac\u0131na eri\u015fmesi hususunda Allah\u2019a dua ve niyazda bulununuz.<\/p>\n<p style=\"color: #000000;text-align: justify\">Allah\u2019\u0131m!<\/p>\n<p style=\"color: #000000;text-align: justify\">Onun b\u00fct\u00fcn g\u00fc\u00e7l\u00fcklerini kolayla\u015ft\u0131r. Ve \u015firki onun \u00f6n\u00fcnde boyun e\u011fdir.<\/p>\n<p style=\"color: #000000;text-align: justify\">Bu duan\u0131n sava\u015f g\u00fcn\u00fc ba\u015fta halifelik merkezi Ba\u011fdat olmak \u00fczere t\u00fcm \u0130slam beldelerinde derin bir inan\u00e7 ve i\u00e7tenlikle yap\u0131laca\u011f\u0131n\u0131n yay\u0131lmas\u0131 b\u00fct\u00fcn komutan ve askerlerimiz \u00fczerinde moral y\u00f6n\u00fcnden kuvvetli bir etki yaratm\u0131\u015ft\u0131r. O g\u00fcn zaferin s\u0131r\u0131 belki de buydu. Bug\u00fcn ise zaferin s\u0131rr\u0131 g\u00f6n\u00fcl co\u011frafyas\u0131ndaki insanlar\u0131n dualar\u0131n\u0131 almak ve onlara lay\u0131k olabilmek i\u00e7in \u00e7ok \u00e7al\u0131\u015fmakt\u0131r, \u00e7ok \u00e7al\u0131\u015fmakt\u0131r. Malazgirt Zaferi\u2019mizin 947. Y\u0131l\u0131 kutlu ve m\u00fcbarek olsun.<\/p>\n<p style=\"color: #000000;text-align: justify\"><b>\u00d6mer Naci YILMAZ<\/b><\/p>\n","protected":false},"excerpt":{"rendered":"<p>Anadolu topraklar\u0131nda b\u00fcy\u00fck \u0130slam milleti olarak varl\u0131\u011f\u0131m\u0131z\u0131 hissettirmeye ba\u015flad\u0131\u011f\u0131m\u0131z \u00f6nemli a\u015famalardan biri olan Malazgirt Zaferi, kendi ruhunu ta\u015f\u0131yan, bu ruha sahip \u00e7\u0131kan, buram buram Anadolu kokan y\u00fcreklere kutlu olsun, m\u00fcbarek olsun. 1071\u2019den beri Anadolu \u0130slam yurdunun \u0130slam kalabilmesi u\u011fruna m\u00fccadele eden t\u00fcm \u015fehitlerimize rahmet olsun, onlar\u0131n aziz takip\u00e7ilerine selam olsun. Malazgirt Zaferi, aziz \u0130slam milletimizin &hellip;<\/p>\n","protected":false},"author":26,"featured_media":48521,"comment_status":"open","ping_status":"open","sticky":false,"template":"","format":"standard","meta":{"om_disable_all_campaigns":false,"_themeisle_gutenberg_block_has_review":false,"_joinchat":[],"footnotes":""},"categories":[38,54,43],"tags":[],"class_list":["post-29859","post","type-post","status-publish","format-standard","has-post-thumbnail","","category-guncel","category-omer","category-yazarlar"],"_links":{"self":[{"href":"https:\/\/akincilardergisi.com\/tr\/wp-json\/wp\/v2\/posts\/29859","targetHints":{"allow":["GET"]}}],"collection":[{"href":"https:\/\/akincilardergisi.com\/tr\/wp-json\/wp\/v2\/posts"}],"about":[{"href":"https:\/\/akincilardergisi.com\/tr\/wp-json\/wp\/v2\/types\/post"}],"author":[{"embeddable":true,"href":"https:\/\/akincilardergisi.com\/tr\/wp-json\/wp\/v2\/users\/26"}],"replies":[{"embeddable":true,"href":"https:\/\/akincilardergisi.com\/tr\/wp-json\/wp\/v2\/comments?post=29859"}],"version-history":[{"count":0,"href":"https:\/\/akincilardergisi.com\/tr\/wp-json\/wp\/v2\/posts\/29859\/revisions"}],"wp:featuredmedia":[{"embeddable":true,"href":"https:\/\/akincilardergisi.com\/tr\/wp-json\/wp\/v2\/media\/48521"}],"wp:attachment":[{"href":"https:\/\/akincilardergisi.com\/tr\/wp-json\/wp\/v2\/media?parent=29859"}],"wp:term":[{"taxonomy":"category","embeddable":true,"href":"https:\/\/akincilardergisi.com\/tr\/wp-json\/wp\/v2\/categories?post=29859"},{"taxonomy":"post_tag","embeddable":true,"href":"https:\/\/akincilardergisi.com\/tr\/wp-json\/wp\/v2\/tags?post=29859"}],"curies":[{"name":"wp","href":"https:\/\/api.w.org\/{rel}","templated":true}]}}