{"id":29563,"date":"2018-08-08T00:00:00","date_gmt":"2018-08-07T21:00:00","guid":{"rendered":"http:\/\/akincilardergisi.com\/dergi\/?p=29563"},"modified":"2023-11-05T13:25:46","modified_gmt":"2023-11-05T10:25:46","slug":"sanki-iki-kutuplu-dunya","status":"publish","type":"post","link":"https:\/\/akincilardergisi.com\/tr\/sanki-iki-kutuplu-dunya\/","title":{"rendered":"SANK\u0130 \u0130K\u0130 KUTUPLU D\u00dcNYA"},"content":{"rendered":"<p style=\"text-align: justify\">2. D\u00fcnya Sava\u015f\u0131 sonras\u0131 d\u00fcnya iki kutba ayr\u0131lm\u0131\u015ft\u0131. Bir taraf Amerika&#8217;n\u0131n ba\u015f\u0131n\u0131 \u00e7ekti\u011fi ve Avrupa \u00fclkelerinin NATO etraf\u0131nda \u00f6rg\u00fctlendi\u011fi kutbu olu\u015ftururken di\u011fer taraf da Demir Perde \u00fclkeleri ad\u0131 verilen ve SSCB&#8217;nin ba\u015f\u0131n\u0131 \u00e7ekti\u011fi kutbu olu\u015fturmu\u015ftu. Ama sonu\u00e7ta d\u00fcnya ABD ve SSCB&#8217;nin etraf\u0131nda d\u00f6n\u00fcyordu. Onlar\u0131n deyimiyle YEN\u0130 D\u00dcNYA D\u00dcZEN\u0130 buydu&#8230;<\/p>\n<p style=\"text-align: justify\">1958&#8217;lerde iki kutuplu d\u00fcnyan\u0131n ba\u015flar\u0131 ABD ve SSCB, birbirlerini uzay denemeleri \u00fczerinden tatmin ettiler. SSCB, ilk denemelerde \u00e7ok etkin olsa da ABD sonunda bu sava\u015f\u0131 kazand\u0131 ve SSCB de ABD&#8217;yi yakalayamad\u0131 ve 1990&#8217;da da SSCB y\u0131k\u0131ld\u0131, yerine Rusya kuruldu. Art\u0131k tek kutuplu d\u00fcnyaya d\u00f6nm\u00fc\u015ft\u00fc Yeni D\u00fcnya D\u00fczeni&#8230;<\/p>\n<p style=\"text-align: justify\">Hedef \u015fimdi belliydi ki zaten bunu kendileri de \u00e7\u0131k\u00e7a s\u00f6yl\u00fcyorlard\u0131: Evet, yeni hedef \u0130slam D\u00fcnyas\u0131yd\u0131. O zamandan bu zamana olanlara bak\u0131n ne demek istedi\u011fimi daha iyi anlars\u0131n\u0131z. Aradan ge\u00e7en yakla\u015f\u0131k 30 y\u0131lda \u0130slam D\u00fcnyas\u0131nda kan ve g\u00f6z ya\u015f\u0131 durmad\u0131. Afrika param par\u00e7a oldu, Orta Do\u011fu&#8217;da keza \u00f6yle, Asya deseniz \u015fimdilerde yeni hedeflerin i\u00e7inde oras\u0131 var. Nedeni belli. O da \u00c7in&#8230;<\/p>\n<p style=\"text-align: justify\">T\u00fcrkiye&#8217;yi bu s\u00fcre zarf\u0131nda dizginlemeye \u00e7al\u0131\u015ft\u0131lar. 1993&#8217;te \u00d6zal ve ekibini tasfiye ettiler. Erbakan d\u00f6neminde post modern darbe 28 \u015eubat&#8217;\u0131 ger\u00e7ekle\u015ftirdiler. 2001&#8217;de siyasi kriz ve sonucunda da ekonomiyi alt \u00fcst ettiler. 2008&#8217;de d\u00f6nemin istikrarl\u0131 partisini kapatmaya yeltendiler. 2011&#8217;den bu yana Suriye&#8217;deki i\u00e7 sava\u015fa \u00e7ekmeye \u00e7al\u0131\u015ft\u0131lar. Gezi Olaylar\u0131n\u0131 planlad\u0131lar, 17-25 Aral\u0131kla geldiler, Mit t\u0131rlar\u0131 ile ortam\u0131 k\u0131z\u0131\u015ft\u0131rmaya \u00e7al\u0131\u015ft\u0131lar ve en son da 15 Temmuz ile nokta koymaya kalkt\u0131lar. Ama olmad\u0131, bu milletin feraseti, mazlumlar\u0131n duas\u0131 ve elbette Rabbimizin de izniyle bu milleti y\u0131kamad\u0131lar&#8230;<\/p>\n<p style=\"text-align: justify\">\u015eimdilerde ise dolar \u00fczerinde siyasi t\u00fcrb\u00fclans olu\u015fturma yoluyla Yeni Sistemin ilk ekibini k\u00f6\u015feye s\u0131k\u0131\u015ft\u0131rmaya \u00e7al\u0131\u015f\u0131yorlar. Dolar \u00fczerinden bask\u0131 olu\u015fturmaya \u00e7al\u0131\u015f\u0131yorlar. Siyasi ayak oyunlar\u0131 ile y\u0131kamad\u0131klar\u0131 devleti dolar ile y\u0131kabileceklerini zannediyorlar.<\/p>\n<p style=\"text-align: justify\">Demek\u00a0 ki T\u00fcrkiye bunca s\u00fcredir \u00f6zellikle Amerika&#8217;y\u0131 rahats\u0131z ediyor diye sorar insan. Her ne ad\u0131m atsak kar\u015f\u0131 \u00e7\u0131k\u0131yorlar. Bir NATO \u00fclkesi bir NATO \u00fclkesinin aya\u011f\u0131n\u0131 kayd\u0131rmaya \u00e7al\u0131\u015f\u0131yor, hem de m\u00fcttefik s\u0131fat\u0131yla.<\/p>\n<p style=\"text-align: justify\">Hadi SSCB kar\u015f\u0131 bloktayd\u0131, Avrupa&#8217;y\u0131 koruma alt\u0131na alma bahanesiyle gittin NATO&#8217;yu kurdun, T\u00fcrkiye&#8217;yi de bunun i\u00e7ine katt\u0131n, o zaman ne diye bug\u00fcn m\u00fcttefikine kar\u015f\u0131 \u00e7\u0131kars\u0131n. Demek ki amac\u0131n farkl\u0131. Demek ki SSCB y\u0131k\u0131ld\u0131\u011f\u0131nda bo\u015funa bundan sonra hedef \u0130slam d\u00fcnyas\u0131 demedin!<\/p>\n<p style=\"text-align: justify\">Bitirmeden \u015funu da s\u00f6yleyeyim: Fark\u0131nda m\u0131s\u0131n\u0131z, \u015fu an \u0130K\u0130 KUTUPLU D\u00dcNYA sanki ABD ve T\u00fcrkiye aras\u0131nda d\u00f6n\u00fcyor. Ta\u015flar \u015fimdi yerine oturdu. Birileri d\u00fcnyay\u0131 dizayn etmek i\u00e7in 1945-90 aras\u0131 SSCB&#8217;yi, sonras\u0131nda ise \u0130slam d\u00fcnyas\u0131n\u0131 yani T\u00fcrkiye&#8217;yi hedef tahtas\u0131na oturtmu\u015f. \u015eimdi anla\u015f\u0131l\u0131yor as\u0131l m\u00fccadele&#8230;<\/p>\n<p style=\"text-align: justify\">Selam ve dua ile&#8230;<\/p>\n<p style=\"text-align: justify\"><strong>\u0130BRAH\u0130M YAVUZ<\/strong><\/p>\n","protected":false},"excerpt":{"rendered":"<p>2. D\u00fcnya Sava\u015f\u0131 sonras\u0131 d\u00fcnya iki kutba ayr\u0131lm\u0131\u015ft\u0131. Bir taraf Amerika&#8217;n\u0131n ba\u015f\u0131n\u0131 \u00e7ekti\u011fi ve Avrupa \u00fclkelerinin NATO etraf\u0131nda \u00f6rg\u00fctlendi\u011fi kutbu olu\u015ftururken di\u011fer taraf da Demir Perde \u00fclkeleri ad\u0131 verilen ve SSCB&#8217;nin ba\u015f\u0131n\u0131 \u00e7ekti\u011fi kutbu olu\u015fturmu\u015ftu. Ama sonu\u00e7ta d\u00fcnya ABD ve SSCB&#8217;nin etraf\u0131nda d\u00f6n\u00fcyordu. Onlar\u0131n deyimiyle YEN\u0130 D\u00dcNYA D\u00dcZEN\u0130 buydu&#8230; 1958&#8217;lerde iki kutuplu d\u00fcnyan\u0131n ba\u015flar\u0131 ABD &hellip;<\/p>\n","protected":false},"author":20,"featured_media":48521,"comment_status":"open","ping_status":"open","sticky":false,"template":"","format":"standard","meta":{"om_disable_all_campaigns":false,"_themeisle_gutenberg_block_has_review":false,"_joinchat":[],"footnotes":""},"categories":[38,57,43],"tags":[],"class_list":["post-29563","post","type-post","status-publish","format-standard","has-post-thumbnail","","category-guncel","category-ibrahim","category-yazarlar"],"_links":{"self":[{"href":"https:\/\/akincilardergisi.com\/tr\/wp-json\/wp\/v2\/posts\/29563","targetHints":{"allow":["GET"]}}],"collection":[{"href":"https:\/\/akincilardergisi.com\/tr\/wp-json\/wp\/v2\/posts"}],"about":[{"href":"https:\/\/akincilardergisi.com\/tr\/wp-json\/wp\/v2\/types\/post"}],"author":[{"embeddable":true,"href":"https:\/\/akincilardergisi.com\/tr\/wp-json\/wp\/v2\/users\/20"}],"replies":[{"embeddable":true,"href":"https:\/\/akincilardergisi.com\/tr\/wp-json\/wp\/v2\/comments?post=29563"}],"version-history":[{"count":0,"href":"https:\/\/akincilardergisi.com\/tr\/wp-json\/wp\/v2\/posts\/29563\/revisions"}],"wp:featuredmedia":[{"embeddable":true,"href":"https:\/\/akincilardergisi.com\/tr\/wp-json\/wp\/v2\/media\/48521"}],"wp:attachment":[{"href":"https:\/\/akincilardergisi.com\/tr\/wp-json\/wp\/v2\/media?parent=29563"}],"wp:term":[{"taxonomy":"category","embeddable":true,"href":"https:\/\/akincilardergisi.com\/tr\/wp-json\/wp\/v2\/categories?post=29563"},{"taxonomy":"post_tag","embeddable":true,"href":"https:\/\/akincilardergisi.com\/tr\/wp-json\/wp\/v2\/tags?post=29563"}],"curies":[{"name":"wp","href":"https:\/\/api.w.org\/{rel}","templated":true}]}}