{"id":28158,"date":"2018-05-19T12:51:11","date_gmt":"2018-05-19T09:51:11","guid":{"rendered":"http:\/\/akincilardergisi.com\/dergi\/?p=28158"},"modified":"2023-11-07T15:59:00","modified_gmt":"2023-11-07T12:59:00","slug":"chp-%20-nin-altina-indiginde","status":"publish","type":"post","link":"https:\/\/akincilardergisi.com\/tr\/chp-%20-nin-altina-indiginde\/","title":{"rendered":"CHP\u202f %20 N\u0130N ALTINA \u0130ND\u0130\u011e\u0130NDE\u2026"},"content":{"rendered":"<p><span>\u00a0<\/span><\/p>\n<p><a href=\"http:\/\/akincilardergisi.com\/dergi\/wp-content\/uploads\/thumbnail_32858358_10156206449569435_6325260184348262400_n.jpg\"><img loading=\"lazy\" decoding=\"async\" class=\"size-medium wp-image-28159\" src=\"http:\/\/akincilardergisi.com\/dergi\/wp-content\/uploads\/thumbnail_32858358_10156206449569435_6325260184348262400_n-300x159.jpg\" alt=\"thumbnail_32858358_10156206449569435_6325260184348262400_n\" width=\"300\" height=\"159\" \/><\/a><\/p>\n<p>Kafas\u0131n\u0131 vuracak duvar arayacak.<br \/>\nCHP se\u00e7imlere karar verildi\u011fi g\u00fcnden beri o kadar b\u00fcy\u00fck hatalar yap\u0131yor ki,<br \/>\nBazen i\u00e7imden;<br \/>\n\u2018Bunlar Meral Ak\u015fener\u2019e mi \u00e7al\u0131\u015f\u0131yor?\u2019 diye ge\u00e7irmiyor de\u011filim.<span>\u00a0<\/span><\/p>\n<p>CHP EN AZ \u0130K\u0130YE B\u00d6L\u00dcN\u00dcR<br \/>\nCHP\u00a0nin\u00a0yapt\u0131\u011f\u0131 hatalara ge\u00e7meden \u00f6nce \u015funu ifade edeyim:<br \/>\nOy oran\u0131 %20\u00a0nin\u00a0alt\u0131na indi\u011finde art\u0131k onu kimse tutamaz.<br \/>\nTepe taklak gider.<br \/>\n\u0130kiye hatta \u00fc\u00e7e b\u00f6l\u00fcnmesi mukadderdir.<br \/>\nBu durumda geriye bir CHP enkaz\u0131 kal\u0131r.<span>\u00a0<\/span><\/p>\n<p>CHP H\u00dcRR\u0130YET G\u0130B\u0130<br \/>\nM\u0130ADINI MI DOLDURDU?<br \/>\nBilemiyoruz.<br \/>\nBelki de doldurmu\u015ftur.<br \/>\n\u00c7\u00fcnk\u00fc<br \/>\nKa\u00e7 se\u00e7imdir %25 te \u00e7ak\u0131lm\u0131\u015f kalm\u0131\u015f vaziyette.<br \/>\nAk Partinin uzun s\u00fcren iktidar\u0131ndan dolay\u0131 y\u0131pranmas\u0131na ra\u011fmen<br \/>\nCHP herhangi bir atak yapamay\u0131p yerinden milim k\u0131p\u0131rdamad\u0131.<span>\u00a0<\/span><\/p>\n<p>CHP NEDEN KAR\u015eILIK G\u00d6RM\u00dcYOR?<br \/>\n\u00c7\u00fcnk\u00fc \u00e7ok \u2018Ah\u2019 ald\u0131. \u00c7ok g\u00fcnah biriktirdi.<br \/>\nKendini \u015fekilcilikten bir t\u00fcrl\u00fc kurtaramad\u0131.<br \/>\nHalktan oy isteme g\u00fcn\u00fc geldi\u011finde<br \/>\nGe\u00e7mi\u015fteki g\u00fcnah galerisi hat\u0131rlan\u0131p..\u00a0ayn\u0131\u00a0hataya d\u00fc\u015fmemek i\u00e7in millet kendisine oy vermedi.<span>\u00a0<\/span><\/p>\n<p>CHP UMUDUNU KESM\u0130\u015e G\u0130B\u0130<br \/>\nCHP da art\u0131k yolun sonuna geldi\u011fini g\u00f6r\u00fcyor.<br \/>\nYoksa<br \/>\n\u0130\u015fin ba\u015f\u0131ndan beri \u00fcst \u00fcste bu kadar hata yap\u0131l\u0131r m\u0131!?<br \/>\n\u00d6ncelikle<br \/>\nAday \u00e7\u0131karamad\u0131.<br \/>\nAday \u00e7\u0131karmamakla kalmay\u0131p \u00fcstelik zaman\u0131nda Cumhurba\u015fkanl\u0131\u011f\u0131n\u0131n \u00f6n\u00fcne ge\u00e7mek i\u00e7in yeri g\u00f6\u011f\u00fc inlettikleri Abdullah G\u00fcl\u2019\u00fc Ba\u015fkan Aday\u0131 g\u00f6stermeye kalkt\u0131lar.<br \/>\nParti i\u00e7inde \u015fiddetli muhalefet olmasa Abdullah G\u00fcl bug\u00fcn CHP aday\u0131yd\u0131.<span>\u00a0<\/span><\/p>\n<p>MERAL AK\u015eENER<br \/>\nVE<br \/>\nTAR\u0130H\u0130 SKANDAL 2<br \/>\nAbdullah G\u00fcl tutmay\u0131nca bu sefer \u2018Meral Ak\u015fener nas\u0131l Ba\u015fkan Aday\u0131 olur\u2019 derdine d\u00fc\u015ft\u00fcler.<br \/>\nVe<br \/>\nCHP tarihinin G\u00fcne\u015f Motel\u2019den sonraki en b\u00fcy\u00fck skandal\u0131na imza att\u0131lar.<span>\u00a0<\/span><\/p>\n<p>G\u00dcNE\u015e MOTELDE PARA ALMI\u015eLARDI<br \/>\n\u015e\u0130MD\u0130<br \/>\n\u00dcSTE PARA VERD\u0130LER<br \/>\n15 Milletvekilini \u00f6nce Meral Ak\u015fener\u2019e g\u00f6nderip bir m\u00fcddet sonra geri \u00e7ektiler.<br \/>\nOlan<br \/>\nCHP kasas\u0131ndan \u00e7\u0131kan 20 milyona oldu.<br \/>\n20 Milyonluk se\u00e7im yard\u0131m\u0131 Meral Ak\u015fener\u2019in partisine gitti.<br \/>\nO para<br \/>\nKendi adaylar\u0131na gitse..\u00a0Muharrem \u0130nce \u015fu anda mitinglerde vatanda\u015ftan para istemek zorunda kalmazd\u0131.<span>\u00a0<\/span><\/p>\n<p>HATALAR<br \/>\nPE\u015e PE\u015eE GEL\u0130YOR<br \/>\nCHP aday\u0131n\u0131 sahaya s\u00fcrd\u00fc ama cepte para yok meydanda adam yok.<br \/>\nYani \u015fimdilik g\u00f6rd\u00fc\u011f\u00fcm\u00fcz \u015fey \u015fu:<br \/>\nCHP te\u015fkilat olarak da M. \u0130nce\u2019ye destek vermiyor.<br \/>\nK\u0131l\u0131\u00e7daro\u011flu<br \/>\nMuharrem \u0130nce\u2019ye Ba\u015fkanl\u0131k yar\u0131\u015f\u0131nda verilen oy..<br \/>\nCHP ye parlamento i\u00e7in verilecek oylardan fazla \u00e7\u0131kmas\u0131n\u0131 istemiyor.<span>\u00a0<\/span><\/p>\n<p>MERAL AK\u015eENER\u2019\u0130N<br \/>\nYARDIMCISI OLURUM<br \/>\nMuharrem \u0130nce\u2019nin yerinde siz olsan\u0131z ne yapars\u0131n\u0131z?<br \/>\nPara yok<br \/>\nTe\u015fkilat destek vermiyor<br \/>\nMitingler s\u00f6n\u00fck ge\u00e7iyor<span>\u00a0<\/span><\/p>\n<p>O da \u2018Siz misiniz bana bunu yapan! Batt\u0131 bal\u0131k yan gider\u2019<br \/>\nDeyip<br \/>\nMeral Ak\u015fener kazan\u0131rsa gurur meselesi yapmayaca\u011f\u0131n\u0131 gidip ona yard\u0131mc\u0131 olaca\u011f\u0131n\u0131 ilan etti.<br \/>\nYani CHP<br \/>\nBa\u015fkanl\u0131k yar\u0131\u015f\u0131nda<br \/>\nDaha ba\u015ftan havlu att\u0131.<span>\u00a0<\/span><\/p>\n<p>NEREDEN GEL\u0130YOR<br \/>\nBU YO\u011eURDUN BOLLU\u011eU<br \/>\nBu mesaj\u0131 alan CHP taban\u0131n\u0131n ne kadar\u0131 Meral Ak\u015fener\u2019e\u00a0y\u00f6nelir..\u015fimdilik\u00a0belli de\u011fil.<br \/>\nAncak<br \/>\n100 y\u0131ll\u0131k k\u00f6kl\u00fc parti paras\u0131zl\u0131ktan \u015fik\u00e2yet ederken<br \/>\n3 g\u00fcnl\u00fck parti olan Meral han\u0131m\u0131n partisinin para probleminin olmad\u0131\u011f\u0131n\u0131 g\u00f6r\u00fcyoruz.<br \/>\n\u0130ktidar partisi ve Ana muhalefet partisinden daha fazla harcama yap\u0131yor.<span>\u00a0<\/span><\/p>\n<p>T\u00dcRK\u0130YE\u2019Y\u0130 DURDURMAK M\u00dcMK\u00dcN DE\u011e\u0130L<br \/>\nBAR\u0130 YAVA\u015eLATIN..Y\u00d6R\u00dcNGES\u0130NDEN KAYDIRIN<br \/>\nMeral Han\u0131m \u00fcstelik ak\u0131ll\u0131(!) davran\u0131yor.<br \/>\nKud\u00fcs\u2019le ilgili, Filistin\u2019le ilgili tek kelime etmiyor.<br \/>\nG\u00f6zlerini yummu\u015f ilerliyor.<br \/>\nBat\u0131 b\u00f6yle liderleri \u00e7ok sever.<span>\u00a0<\/span><\/p>\n<p>\u0130\u00e7erdeki vatanda\u015flar\u0131n \u00f6n\u00fcnde de gerekti\u011finde ba\u015f\u0131n\u0131 ba\u011flay\u0131p dua ediyor. Daha ne olsun?<br \/>\nGe\u00e7mi\u015finde CHP gibi halka eziyet etmi\u015f bir mazi de yok!<span>\u00a0<\/span><\/p>\n<p>Bu haliyle se\u00e7ilmesi<br \/>\nVe<br \/>\nT\u00fcrkiye\u2019yi yava\u015flat\u0131p y\u00f6r\u00fcngesinden kayd\u0131rmas\u0131 halinde<br \/>\nBat\u0131 ona<br \/>\nHayat\u0131 boyunca minnettar kal\u0131r.<span>\u00a0<\/span><\/p>\n<p>18.05.2018<br \/>\nEmin Batu<\/p>\n","protected":false},"excerpt":{"rendered":"<p>\u00a0 Kafas\u0131n\u0131 vuracak duvar arayacak. CHP se\u00e7imlere karar verildi\u011fi g\u00fcnden beri o kadar b\u00fcy\u00fck hatalar yap\u0131yor ki, Bazen i\u00e7imden; \u2018Bunlar Meral Ak\u015fener\u2019e mi \u00e7al\u0131\u015f\u0131yor?\u2019 diye ge\u00e7irmiyor de\u011filim.\u00a0 CHP EN AZ \u0130K\u0130YE B\u00d6L\u00dcN\u00dcR CHP\u00a0nin\u00a0yapt\u0131\u011f\u0131 hatalara ge\u00e7meden \u00f6nce \u015funu ifade edeyim: Oy oran\u0131 %20\u00a0nin\u00a0alt\u0131na indi\u011finde art\u0131k onu kimse tutamaz. Tepe taklak gider. \u0130kiye hatta \u00fc\u00e7e b\u00f6l\u00fcnmesi mukadderdir. &hellip;<\/p>\n","protected":false},"author":14,"featured_media":47436,"comment_status":"open","ping_status":"open","sticky":false,"template":"","format":"standard","meta":{"om_disable_all_campaigns":false,"_themeisle_gutenberg_block_has_review":false,"_joinchat":[],"footnotes":""},"categories":[56,38,43],"tags":[],"class_list":["post-28158","post","type-post","status-publish","format-standard","has-post-thumbnail","","category-emin","category-guncel","category-yazarlar"],"_links":{"self":[{"href":"https:\/\/akincilardergisi.com\/tr\/wp-json\/wp\/v2\/posts\/28158","targetHints":{"allow":["GET"]}}],"collection":[{"href":"https:\/\/akincilardergisi.com\/tr\/wp-json\/wp\/v2\/posts"}],"about":[{"href":"https:\/\/akincilardergisi.com\/tr\/wp-json\/wp\/v2\/types\/post"}],"author":[{"embeddable":true,"href":"https:\/\/akincilardergisi.com\/tr\/wp-json\/wp\/v2\/users\/14"}],"replies":[{"embeddable":true,"href":"https:\/\/akincilardergisi.com\/tr\/wp-json\/wp\/v2\/comments?post=28158"}],"version-history":[{"count":0,"href":"https:\/\/akincilardergisi.com\/tr\/wp-json\/wp\/v2\/posts\/28158\/revisions"}],"wp:featuredmedia":[{"embeddable":true,"href":"https:\/\/akincilardergisi.com\/tr\/wp-json\/wp\/v2\/media\/47436"}],"wp:attachment":[{"href":"https:\/\/akincilardergisi.com\/tr\/wp-json\/wp\/v2\/media?parent=28158"}],"wp:term":[{"taxonomy":"category","embeddable":true,"href":"https:\/\/akincilardergisi.com\/tr\/wp-json\/wp\/v2\/categories?post=28158"},{"taxonomy":"post_tag","embeddable":true,"href":"https:\/\/akincilardergisi.com\/tr\/wp-json\/wp\/v2\/tags?post=28158"}],"curies":[{"name":"wp","href":"https:\/\/api.w.org\/{rel}","templated":true}]}}