{"id":28040,"date":"2018-05-16T00:00:48","date_gmt":"2018-05-15T21:00:48","guid":{"rendered":"http:\/\/akincilardergisi.com\/dergi\/?p=28040"},"modified":"2023-11-05T13:25:50","modified_gmt":"2023-11-05T10:25:50","slug":"iceride-neler-oluyor-10","status":"publish","type":"post","link":"https:\/\/akincilardergisi.com\/tr\/iceride-neler-oluyor-10\/","title":{"rendered":"\u0130\u00c7ER\u0130DE NELER OLUYOR? -10-"},"content":{"rendered":"<p style=\"text-align: justify\">Tarihler 20 Ocak 2018\u2019i g\u00f6sterirken bir ba\u015fka operasyon i\u00e7in kollar\u0131 s\u0131vad\u0131k. Azez-Cerablus\u2019u temizlemi\u015ftik belki ama bu yetmezdi, s\u0131n\u0131rlar\u0131m\u0131z boyunca g\u00fcvenli b\u00f6lgeyi daha da uzatmam\u0131z gerekiyordu. Bunun i\u00e7in Afrin Operasyonunu yani ZEYT\u0130N DALI HAREK\u00c2TI\u2019NI ba\u015flatt\u0131k. Harek\u00e2t\u0131n ilk g\u00fcn\u00fcne havalanan 72 u\u00e7akla ba\u015flad\u0131k. Bu 72 rakam\u0131 \u00e7ok manidard\u0131. F\u0131rat Kalkan\u0131nda \u015fehit olan askerlerimize buradan sayg\u0131 duru\u015funda bulunuyorduk, onlar\u0131 bir kez daha anm\u0131\u015f oluyorduk\u2026<\/p>\n<p style=\"text-align: justify\">18 Mart Sal\u0131 g\u00fcn\u00fc operasyonun 58. g\u00fcn\u00fcnde Cumhurba\u015fkan\u0131 Recep Tayyip Erdo\u011fan taraf\u0131ndan Afrin \u015fehir merkezine girildi\u011fini, Afrin\u2019in kontrol alt\u0131na al\u0131nd\u0131\u011f\u0131 a\u00e7\u0131kland\u0131. 4000\u2019i a\u015fk\u0131n ter\u00f6rist etkisiz hale getirilirken 52 de \u015fehit verdik. Ama Afrin\u2019i de ter\u00f6ristlerden temizledik.<\/p>\n<p style=\"text-align: justify\">Ancak i\u015fimiz bitmemi\u015fti. Gelmi\u015fken Tel R\u0131fat\u2019\u0131 da halledelim dedik, hemen oraya da el att\u0131k. \u00c7\u00fcnk\u00fc Tel R\u0131fat olduk\u00e7a stratejik bir b\u00f6lgeydi. Azez\u2019in hemen G\u00fcney Bat\u0131s\u0131nda, Afrin\u2019in de do\u011fusundayd\u0131 ve iki b\u00f6lgeyi birbirine ba\u011fl\u0131yordu. Oray\u0131 da alarak iki b\u00f6lgenin birle\u015fimini de sa\u011flam\u0131\u015f oluyorduk.<\/p>\n<p style=\"text-align: justify\">F\u0131rat Kalkan\u0131 Afrin Operasyonlar\u0131 Suriye ba\u011flam\u0131nda \u00e7ok \u00f6nemli bir d\u00f6n\u00fcm noktas\u0131yd\u0131. B\u00f6lgedeki g\u00fc\u00e7ler y\u0131llard\u0131r T\u00fcrkiye\u2019yi Suriye\u2019deki sava\u015fa \u00e7ekmeye \u00e7al\u0131\u015fm\u0131\u015flard\u0131. T\u00fcrkiye de ne zaman g\u00fcc\u00fcn\u00fc toparlad\u0131 o zaman sahaya indi. \u00c7\u00fcnk\u00fc Suriye, Suriye\u2019den \u00e7ok asl\u0131na bak\u0131ld\u0131\u011f\u0131nda T\u00fcrkiye\u2019yi ilgilendiriyordu. Hem T\u00fcrkiye\u2019nin b\u00f6lge ile olan ba\u011f\u0131 kesilecek hem de y\u0131llard\u0131r hayata ge\u00e7irmek istedikleri B\u00dcY\u00dcK \u0130SRA\u0130L hedefi yolunda b\u00fcy\u00fck bir ad\u0131m atacaklard\u0131.<\/p>\n<p style=\"text-align: justify\">Ancak ABD-\u0130NG\u0130LTERE-AB-PKK-PYD\/YPG-FET\u00d6\u2019n\u00fcn unuttu\u011fu bir \u015fey vard\u0131. Her ne kadar bu akt\u00f6rlerin derinlerde bir yerde akt\u00f6rleri varsa, derin T\u00fcrk akl\u0131n\u0131n oldu\u011funu da unutmamak gerekiyordu. Neyse konudan kopmayal\u0131m devam edelim\u2026<\/p>\n<p style=\"text-align: justify\">Bizler 2019\u2019daki yerel se\u00e7imler, genel se\u00e7imlere uzaktan dokunmaya ba\u015flarken hi\u00e7kimsenin beklemedi\u011fi bir anda erken se\u00e7im karar\u0131 al\u0131nd\u0131. Beklenmedik diyorum ama devlet akl\u0131 \u00f6yle ki bu karar\u0131 \u00e7ok \u00f6nceden alm\u0131\u015ft\u0131. Zaman\u0131 gelince de a\u00e7\u0131kland\u0131.<\/p>\n<p style=\"text-align: justify\">Her \u015feyden \u00f6nce iktidar partisi Ak Parti ve Cumhurba\u015fkan\u0131 taraf\u0131ndan se\u00e7imlerin s\u00fcrekli zaman\u0131nda yap\u0131laca\u011f\u0131 dillendiriliyordu. Ancak bir s\u00fcre sonra MHP lideri Devlet Bah\u00e7eli taraf\u0131ndan se\u00e7imlerin erkene al\u0131nmas\u0131 dillendirilmeye ba\u015fland\u0131. Daha sonra da Ak Parti Genel Ba\u015fkan\u0131 ve Cumhurba\u015fkan\u0131 Recep Tayyip Erdo\u011fan ile MHP lideri Devlet Bah\u00e7eli yakla\u015f\u0131k yar\u0131m saat s\u00fcren bir toplant\u0131 ger\u00e7ekle\u015ftirdiler. Cumhurba\u015fkan\u0131 daha sonra bir bas\u0131n toplant\u0131s\u0131 d\u00fczenleyerek genel se\u00e7imlerin 24 Haziran g\u00fcn\u00fc yap\u0131lmas\u0131 karar\u0131n\u0131n al\u0131nd\u0131\u011f\u0131n\u0131 a\u00e7\u0131klad\u0131.<\/p>\n<p style=\"text-align: justify\">\u015eimdi burada k\u00fc\u00e7\u00fck bir analiz yapal\u0131m ve sonra erken se\u00e7im karar\u0131 al\u0131nmas\u0131n\u0131n nedenlerine de\u011finelim\u2026 Ak Parti taraf\u0131ndan se\u00e7imlerin s\u00fcrekli 2019\u2019da yap\u0131laca\u011f\u0131, se\u00e7imlerin hen\u00fcz g\u00fcndemde olmad\u0131\u011f\u0131 dillendiriliyordu. Ancak 2019\u2019a daha \u00e7ok vard\u0131. Yerel se\u00e7imlere bir y\u0131ldan hemen az bir s\u00fcre, genel se\u00e7imlere de bir y\u0131ldan uzun bir s\u00fcre vard\u0131. E\u011fer erken se\u00e7im karar\u0131 Ak Parti kanad\u0131ndan gelseydi s\u00f6ylemlerinin aksine beyanda bulunmaktan dolay\u0131 \u00f6zellikle muhalefet kanad\u0131ndan \u00e7ok ele\u015ftirilecekti. Ancak Devlet Bah\u00e7eli taraf\u0131ndan erken se\u00e7imin dillendirilmeye ba\u015flanmas\u0131 daha az tepki \u00e7ekecekti. Hatta \u00f6yle oldu ki erken se\u00e7im karar\u0131 hemen i\u00e7selle\u015ftirildi. Devlet Bah\u00e7eli\u2019nin Tayyip Erdo\u011fan ile konu\u015fmas\u0131n\u0131n ard\u0131ndan karar\u0131 Tayyip Erdo\u011fan\u2019\u0131n a\u00e7\u0131klamas\u0131 muhalefetin de elini kolunu ba\u011flam\u0131\u015f oluyordu. Sonunda da erken se\u00e7im karar\u0131 al\u0131nm\u0131\u015f oluyordu\u2026<\/p>\n<p style=\"text-align: justify\">Devam edecek&#8230;<\/p>\n<p style=\"text-align: justify\"><strong>\u0130BRAH\u0130M YAVUZ<\/strong><\/p>\n","protected":false},"excerpt":{"rendered":"<p>Tarihler 20 Ocak 2018\u2019i g\u00f6sterirken bir ba\u015fka operasyon i\u00e7in kollar\u0131 s\u0131vad\u0131k. Azez-Cerablus\u2019u temizlemi\u015ftik belki ama bu yetmezdi, s\u0131n\u0131rlar\u0131m\u0131z boyunca g\u00fcvenli b\u00f6lgeyi daha da uzatmam\u0131z gerekiyordu. Bunun i\u00e7in Afrin Operasyonunu yani ZEYT\u0130N DALI HAREK\u00c2TI\u2019NI ba\u015flatt\u0131k. Harek\u00e2t\u0131n ilk g\u00fcn\u00fcne havalanan 72 u\u00e7akla ba\u015flad\u0131k. Bu 72 rakam\u0131 \u00e7ok manidard\u0131. F\u0131rat Kalkan\u0131nda \u015fehit olan askerlerimize buradan sayg\u0131 duru\u015funda bulunuyorduk, &hellip;<\/p>\n","protected":false},"author":20,"featured_media":48521,"comment_status":"open","ping_status":"open","sticky":false,"template":"","format":"standard","meta":{"om_disable_all_campaigns":false,"_themeisle_gutenberg_block_has_review":false,"_joinchat":[],"footnotes":""},"categories":[38,57,43],"tags":[],"class_list":["post-28040","post","type-post","status-publish","format-standard","has-post-thumbnail","","category-guncel","category-ibrahim","category-yazarlar"],"_links":{"self":[{"href":"https:\/\/akincilardergisi.com\/tr\/wp-json\/wp\/v2\/posts\/28040","targetHints":{"allow":["GET"]}}],"collection":[{"href":"https:\/\/akincilardergisi.com\/tr\/wp-json\/wp\/v2\/posts"}],"about":[{"href":"https:\/\/akincilardergisi.com\/tr\/wp-json\/wp\/v2\/types\/post"}],"author":[{"embeddable":true,"href":"https:\/\/akincilardergisi.com\/tr\/wp-json\/wp\/v2\/users\/20"}],"replies":[{"embeddable":true,"href":"https:\/\/akincilardergisi.com\/tr\/wp-json\/wp\/v2\/comments?post=28040"}],"version-history":[{"count":0,"href":"https:\/\/akincilardergisi.com\/tr\/wp-json\/wp\/v2\/posts\/28040\/revisions"}],"wp:featuredmedia":[{"embeddable":true,"href":"https:\/\/akincilardergisi.com\/tr\/wp-json\/wp\/v2\/media\/48521"}],"wp:attachment":[{"href":"https:\/\/akincilardergisi.com\/tr\/wp-json\/wp\/v2\/media?parent=28040"}],"wp:term":[{"taxonomy":"category","embeddable":true,"href":"https:\/\/akincilardergisi.com\/tr\/wp-json\/wp\/v2\/categories?post=28040"},{"taxonomy":"post_tag","embeddable":true,"href":"https:\/\/akincilardergisi.com\/tr\/wp-json\/wp\/v2\/tags?post=28040"}],"curies":[{"name":"wp","href":"https:\/\/api.w.org\/{rel}","templated":true}]}}