{"id":27776,"date":"2018-04-30T13:29:04","date_gmt":"2018-04-30T10:29:04","guid":{"rendered":"http:\/\/akincilardergisi.com\/dergi\/?p=27776"},"modified":"2023-11-04T20:12:14","modified_gmt":"2023-11-04T17:12:14","slug":"nicin-aday-degilim","status":"publish","type":"post","link":"https:\/\/akincilardergisi.com\/tr\/nicin-aday-degilim\/","title":{"rendered":"N\u0130\u00c7\u0130N ADAY DE\u011e\u0130L\u0130M"},"content":{"rendered":"<p><a href=\"http:\/\/akincilardergisi.com\/dergi\/wp-content\/uploads\/5ae32d500f254323c826964c.jpg\"><img loading=\"lazy\" decoding=\"async\" class=\"aligncenter size-medium wp-image-27777\" src=\"http:\/\/akincilardergisi.com\/dergi\/wp-content\/uploads\/5ae32d500f254323c826964c-300x168.jpg\" alt=\"5ae32d500f254323c826964c\" width=\"300\" height=\"168\" \/><\/a><\/p>\n<p style=\"color: #000000\">Herkes bizde bir \u015feyler g\u00f6r\u00fcyor: G\u00f6r\u00fcyor da biz kendimiz bir iddia ortaya koymuyoruz.<\/p>\n<p style=\"color: #000000\">Kimisi bizi din adam\u0131 olarak g\u00f6r\u00fcyor: Kimisi \u00f6\u011fretmen olarak g\u00f6r\u00fcyor.<\/p>\n<p style=\"color: #000000\">Kimisi bir gazeteci kimisi bir edebiyat\u00e7\u0131 kimisi de bir i\u015f adam\u0131 olarak.<\/p>\n<p style=\"color: #000000\">Kimisi de bir siyaset\u00e7i olarak g\u00f6r\u00fcyor.<\/p>\n<p style=\"color: #000000\">Kimim ben, diye sorarsan\u0131z: Ben herkesim.<\/p>\n<p style=\"color: #000000\">Ayn\u0131 zamanda da ben hi\u00e7 kimseyim.<\/p>\n<p style=\"color: #000000\">Benim i\u00e7in karde\u015flikten y\u00fcksek makam yoktur.<\/p>\n<p style=\"color: #000000\">Ben herkese karde\u015fim. Ben hi\u00e7 kimsenin d\u00fc\u015fman\u0131 de\u011filim.<\/p>\n<p style=\"color: #000000\">Fakat benim d\u00fc\u015fmanlar\u0131m var. Ben kimsenin d\u00fc\u015fman\u0131 de\u011filim; fakat benim d\u00fc\u015fmanlar\u0131m var.<\/p>\n<p style=\"color: #000000\">Kendimi bildim bileli de b\u00f6yledir. Akl\u0131m da b\u00f6yledir; Allah\u2019\u0131n benim \u00fczerime yazd\u0131\u011f\u0131 kader i\u00e7indeki halim de b\u00f6yledir.<\/p>\n<p style=\"color: #000000\">Ahirette, \u015eeytan\u2019dan gayr\u0131s\u0131na d\u00fc\u015fmanl\u0131k etti\u011fim bana s\u00f6ylenmeyecektir. Bundan eminim.<\/p>\n<p style=\"color: #000000\">\u015eeytan\u2019a da d\u00fc\u015fmanl\u0131k etti\u011fim i\u00e7in sorgulanmayaca\u011f\u0131m: Aferin alaca\u011f\u0131m. Bundan da eminim.<\/p>\n<p style=\"color: #000000\">\u00c7\u00fcnk\u00fc \u015eeytan\u2019a d\u00fc\u015fmanl\u0131\u011f\u0131 Allah\u2019\u0131n emriyle yap\u0131yorum. \u00c7\u00fcnk\u00fc ona d\u00fc\u015fman olmay\u0131 bana Allah Te\u00e2l\u00e2 emretti.<\/p>\n<p style=\"color: #000000\">Allah Te\u00e2l\u00e2, bana ba\u015fka bir d\u00fc\u015fmanl\u0131k da emretmedi. Allah\u2019\u0131n emri, baz\u0131 insan t\u00fcrlerine dost olmamamd\u0131r. Yahudileri ve Hristiyanlar\u0131 ve m\u00fc\u015frikleri ve putperestleri\u2026 Ve bunlar gibi olanlar\u0131 \u201cdostlar edinme\u201d emri var benim i\u00e7in. Fakat bu emir, onlara d\u00fc\u015fman olmam\u0131 gerektirmiyor. Dost olmamak demek onlara d\u00fc\u015fmanl\u0131k etmek emri de\u011fil.<\/p>\n<p style=\"color: #000000\">Bu mana, \u015fu manad\u0131r.<\/p>\n<p style=\"color: #000000\">\u201cBiz onlara karde\u015fleri Salih\u2019i peygamber olarak g\u00f6nderdik\u201d (Ayet)<\/p>\n<p style=\"color: #000000\">Mana \u015fu ki: Peygamber, kavminin karde\u015fidir. Ancak, m\u00fcmk\u00fcnd\u00fcr ki, kavmi, kendilerine peygamber olarak g\u00f6nderilmi\u015f karde\u015flerinin d\u00fc\u015fman\u0131d\u0131r.<\/p>\n<p style=\"color: #000000\">Neyse\u2026 Konu uzundur. Biz kendi adayl\u0131k konumuza d\u00f6nelim.<\/p>\n<p style=\"color: #000000\">Doksanl\u0131 y\u0131llarda, bizim mahallenin \u00e7ocu\u011fu ve karde\u015fimiz Nihat Erg\u00fcn, Derince Belediye Ba\u015fkan\u0131 olmu\u015ftu. Bir bayram g\u00fcn\u00fc, mezarl\u0131\u011fa giderken belediye \u00f6n\u00fcn\u00fc kalabal\u0131k g\u00f6rd\u00fcm. Bu kalabal\u0131k nedir diye sorunca, dediler ki, belediyede bayramla\u015fma vard\u0131r. Dedim, haz\u0131r burada iken ba\u015fkan ile ben de bayramla\u015fay\u0131m.<\/p>\n<p style=\"color: #000000\">Bayramla\u015fma s\u0131ras\u0131na girdim. Fakat bir de g\u00f6rd\u00fcm ki, ba\u015fkan\u0131n yan\u0131nda, 12 Eyl\u00fcl seksen g\u00fcnlerinde beni ve ben gibileri ihtilalcilere ihbar eden ve hakk\u0131m\u0131zda gammazl\u0131k yapan adamlardan bir ka\u00e7\u0131 ba\u015fkan ile ayn\u0131 safta duruyorlar. Baz\u0131lar\u0131 da bayramla\u015fma i\u00e7in benim girmekte oldu\u011fum s\u0131rada ilerliyorlar.<\/p>\n<p style=\"color: #000000\">Onlar\u0131 b\u00f6yle g\u00f6r\u00fcnce, girdi\u011fim s\u0131rada durmaktan s\u0131k\u0131ld\u0131m. Hemen, o s\u0131radan \u00e7\u0131kt\u0131m. B\u00f6ylece, Nihat Erg\u00fcn karde\u015fimizle de orada bayramla\u015fmad\u0131m.<\/p>\n<p style=\"color: #000000\">O s\u0131radan neden \u00e7\u0131kt\u0131m derseniz: O insanlarla ayn\u0131 safta ve ayn\u0131 g\u00f6r\u00fcnt\u00fcde ve ayn\u0131 s\u0131rada olmay\u0131 kendim i\u00e7in ziyade sayd\u0131m. Olmaz, dedim. Onlarla ayn\u0131 s\u0131rada ve ayn\u0131 resimde olmamal\u0131y\u0131m, dedim.<\/p>\n<p style=\"color: #000000\">Ayn\u0131 duruma benzer hali depremde de ya\u015fad\u0131m.<\/p>\n<p style=\"color: #000000\">Bir kooperatif \u00fcyesiydim ve kooperatif yap\u0131m\u0131z hasar g\u00f6rm\u00fc\u015ft\u00fc. Evi hasar g\u00f6rm\u00fc\u015f insanlara devletin sa\u011flad\u0131\u011f\u0131 bir hak vard\u0131. Ben de o hakk\u0131 isteyecek durumdayd\u0131m. Hakk\u0131m\u0131z i\u00e7in m\u00fcracaat etmeye gittim. Fakat orada ev talep etmeye gelen baz\u0131 insanlar g\u00f6rd\u00fcm.<\/p>\n<p style=\"color: #000000\">Diyelim, adam\u0131n birisi, tarlas\u0131n\u0131 ekip bi\u00e7erken orada g\u00fcne\u015ften korunmak ve dinlenmek i\u00e7in tarlas\u0131n\u0131n ba\u015f\u0131na bir \u00e7ardak yapm\u0131\u015f ve depremde o \u00e7ardak y\u0131k\u0131lm\u0131\u015f. Adam gelmi\u015f o \u00e7ardak y\u0131k\u0131ld\u0131\u011f\u0131 i\u00e7in devletten ev talep ediyor. Memurlar da, tabii sorguluyor ve o ki\u015filere itiraz ediyorlar. \u201cOlmaz\u201d diyorlar. Diyorlar ama isteyenler de geri ad\u0131m at\u0131p da defolup gitmiyorlar.<\/p>\n<p style=\"color: #000000\">Ben o durumu g\u00f6r\u00fcnce de, yahu ben \u015fu anda b\u00f6yle m\u00fcptezel adamlar s\u0131ras\u0131nday\u0131m diye d\u00fc\u015f\u00fcnd\u00fcm ve o insanlarla ayn\u0131 s\u0131rada olmamak i\u00e7in oradan hemen \u00e7\u0131k\u0131p gittim.<\/p>\n<p style=\"color: #000000\">\u015eimdi, neden aday olmad\u0131\u011f\u0131m\u0131n, y\u00fczde elliye yak\u0131n k\u0131sm\u0131 da aynen b\u00f6yle bir durum.<\/p>\n<p style=\"color: #000000\">Hangi partiden aday olmaya kalksam: Hepsinin i\u00e7inde, \u00f6yle insanlar tan\u0131yorum ki, hi\u00e7bir dava i\u00e7in hakiki bir kimlikleri yok. Hepsi, ya menfaatlerinin adam\u0131 ya da o partide bulunmak onlar\u0131n pislik hallerini \u00f6rten bir kamuflajdan ba\u015fka bir \u015fey de\u011fil.<\/p>\n<p style=\"color: #000000\">Ben i\u015fte\u2026 O s\u0131ralarda durmamak ve o t\u00fcr insanlarla bir de\u011ferlendirmeye girmemek i\u00e7in, aday de\u011filim ey millet\u2026<\/p>\n<p style=\"color: #000000\">Allah Teala, her partinin se\u00e7icilerine, kolayl\u0131k versin. Ak\u0131l versin: \u0130zan versin: \u0130drak versin.<\/p>\n<p style=\"color: #000000\">Bir de, Allah Teala, milletin hakiki evlatlar\u0131n\u0131, bu sahtekarlarla ayn\u0131 s\u0131ralarda s\u0131ra beklemekten kurtars\u0131n. \u0130n\u015fallah kurtars\u0131n.<\/p>\n<p style=\"color: #000000\">Bu yaz\u0131m\u0131z da bu se\u00e7imlerin bir an\u0131s\u0131 olsun. Se\u00e7im, milletimize hay\u0131rlar getirsin in\u015fallah.. Amin.<\/p>\n","protected":false},"excerpt":{"rendered":"<p>Herkes bizde bir \u015feyler g\u00f6r\u00fcyor: G\u00f6r\u00fcyor da biz kendimiz bir iddia ortaya koymuyoruz. Kimisi bizi din adam\u0131 olarak g\u00f6r\u00fcyor: Kimisi \u00f6\u011fretmen olarak g\u00f6r\u00fcyor. Kimisi bir gazeteci kimisi bir edebiyat\u00e7\u0131 kimisi de bir i\u015f adam\u0131 olarak. Kimisi de bir siyaset\u00e7i olarak g\u00f6r\u00fcyor. Kimim ben, diye sorarsan\u0131z: Ben herkesim. Ayn\u0131 zamanda da ben hi\u00e7 kimseyim. Benim i\u00e7in &hellip;<\/p>\n","protected":false},"author":17,"featured_media":45970,"comment_status":"open","ping_status":"open","sticky":false,"template":"","format":"standard","meta":{"om_disable_all_campaigns":false,"_themeisle_gutenberg_block_has_review":false,"_joinchat":[],"footnotes":""},"categories":[53,38,43],"tags":[],"class_list":["post-27776","post","type-post","status-publish","format-standard","has-post-thumbnail","","category-aydin","category-guncel","category-yazarlar"],"_links":{"self":[{"href":"https:\/\/akincilardergisi.com\/tr\/wp-json\/wp\/v2\/posts\/27776","targetHints":{"allow":["GET"]}}],"collection":[{"href":"https:\/\/akincilardergisi.com\/tr\/wp-json\/wp\/v2\/posts"}],"about":[{"href":"https:\/\/akincilardergisi.com\/tr\/wp-json\/wp\/v2\/types\/post"}],"author":[{"embeddable":true,"href":"https:\/\/akincilardergisi.com\/tr\/wp-json\/wp\/v2\/users\/17"}],"replies":[{"embeddable":true,"href":"https:\/\/akincilardergisi.com\/tr\/wp-json\/wp\/v2\/comments?post=27776"}],"version-history":[{"count":0,"href":"https:\/\/akincilardergisi.com\/tr\/wp-json\/wp\/v2\/posts\/27776\/revisions"}],"wp:featuredmedia":[{"embeddable":true,"href":"https:\/\/akincilardergisi.com\/tr\/wp-json\/wp\/v2\/media\/45970"}],"wp:attachment":[{"href":"https:\/\/akincilardergisi.com\/tr\/wp-json\/wp\/v2\/media?parent=27776"}],"wp:term":[{"taxonomy":"category","embeddable":true,"href":"https:\/\/akincilardergisi.com\/tr\/wp-json\/wp\/v2\/categories?post=27776"},{"taxonomy":"post_tag","embeddable":true,"href":"https:\/\/akincilardergisi.com\/tr\/wp-json\/wp\/v2\/tags?post=27776"}],"curies":[{"name":"wp","href":"https:\/\/api.w.org\/{rel}","templated":true}]}}