{"id":27610,"date":"2018-04-24T11:02:45","date_gmt":"2018-04-24T08:02:45","guid":{"rendered":"http:\/\/akincilardergisi.com\/dergi\/?p=27610"},"modified":"2023-11-07T15:59:01","modified_gmt":"2023-11-07T12:59:01","slug":"partilerimiz-arka-arkaya-kapatilirken-neredeydiniz","status":"publish","type":"post","link":"https:\/\/akincilardergisi.com\/tr\/partilerimiz-arka-arkaya-kapatilirken-neredeydiniz\/","title":{"rendered":"PART\u0130LER\u0130M\u0130Z  ARKA ARKAYA KAPATILIRKEN  NEREDEYD\u0130N\u0130Z?"},"content":{"rendered":"<p style=\"color: #000000\"><img decoding=\"async\" src=\"http:\/\/i.hurimg.com\/i\/hurriyet\/75\/590x332\/5a3de089c9de3d226062709f.jpg\" alt=\"parti kapand\u00c4\u00b1 ile ilgili g\u00c3\u00b6rsel sonucu\" \/><\/p>\n<p style=\"color: #000000\">CHP lideri K\u0131l\u0131\u00e7daro\u011flu milletvekillerini \u0130Y\u0130 partiye g\u00f6ndererek demokrasiye hizmet ettiklerini s\u00f6ylemi\u015f.<\/p>\n<p style=\"color: #000000\">Yani e\u011fer<\/p>\n<p style=\"color: #000000\">3 g\u00fcnl\u00fck parti se\u00e7ime giremezse (kald\u0131 ki, grup kurmasa da se\u00e7ime girebiliyor) demokrasimiz zarar g\u00f6recekmi\u015f.<\/p>\n<p style=\"color: #000000\">\n<p style=\"color: #000000\">H\u00e2lbuki ayn\u0131 CHP<\/p>\n<p style=\"color: #000000\">K\u00f6kl\u00fc partilerimiz art arda kapat\u0131l\u0131rken<\/p>\n<p style=\"color: #000000\">Ellerini ovu\u015fturmu\u015f, partilerimizi kapatanlara destek \u00e7\u0131km\u0131\u015ft\u0131.<\/p>\n<p style=\"color: #000000\">\n<p style=\"color: #000000\">O kapat\u0131lan partilerimiz<\/p>\n<p style=\"color: #000000\">\u015eimdiki \u0130Y\u0130 parti gibi 3 g\u00fcnl\u00fck partiler de\u011fildi.<\/p>\n<p style=\"color: #000000\">Ge\u00e7mi\u015fi olan k\u00f6kl\u00fc partilerdi.<\/p>\n<p style=\"color: #000000\">\n<p style=\"color: #000000\">Mesela<\/p>\n<p style=\"color: #000000\">Refah Partisi iktidardayken kapat\u0131ld\u0131.<\/p>\n<p style=\"color: #000000\">Partinin ba\u015f\u0131nda Erbakan hocam\u0131z vard\u0131.<\/p>\n<p style=\"color: #000000\">Ve<\/p>\n<p style=\"color: #000000\">Hocam\u0131z\u0131n kurdu\u011fu o 54. H\u00fckumet.. Cumhuriyet tarihinin en ba\u015far\u0131l\u0131 h\u00fckumetiydi.<\/p>\n<p style=\"color: #000000\">Parti kapat\u0131ld\u0131<\/p>\n<p style=\"color: #000000\">Erbakan hocam\u0131z\u0131n siyaset yapmas\u0131 yasakland\u0131.<\/p>\n<p style=\"color: #000000\">CHP sesini \u00e7\u0131karmad\u0131.<\/p>\n<p style=\"color: #000000\">Demokrasi zarar g\u00f6r\u00fcyor demedi. \u0130\u00e7ten i\u00e7e \u2018Ohh!\u2019 \u00e7ekti.<\/p>\n<p style=\"color: #000000\">\n<p style=\"color: #000000\">Refah partisi yerine Fazilet Partisi kuruldu.<\/p>\n<p style=\"color: #000000\">Genel ba\u015fkanl\u0131\u011fa zarif ve kibar insan Recai Kutan se\u00e7ildi.<\/p>\n<p style=\"color: #000000\">Fazilet Partisi girdi\u011fi ilk se\u00e7imde Ana Muhalefet partisi oldu.<\/p>\n<p style=\"color: #000000\">\n<p style=\"color: #000000\">CHP yine rahat durmad\u0131.<\/p>\n<p style=\"color: #000000\">O y\u0131llarda iktidar kim olursa olsun Anayasal Kurumlar\u0131n ba\u015f\u0131ndaki zat ve \u00fcyeler CHP sampatizan\u0131 olurdu.<\/p>\n<p style=\"color: #000000\">Sampatizan ne demek.. o zatlar \u015fimdiki K\u0131l\u0131\u00e7daro\u011flu\u2019ndan daha fazla CHP liydiler.<\/p>\n<p style=\"color: #000000\">Zaten<\/p>\n<p style=\"color: #000000\">Bulunduklar\u0131 kurumlar\u0131n ba\u015f\u0131ndan emekli olur olmaz<\/p>\n<p style=\"color: #000000\">Daha<\/p>\n<p style=\"color: #000000\">Evlerine gitmeden CHP genel merkezinin yolunu tutar.. acil bir \u015fekilde CHP ye \u00fcye olurlard\u0131.<\/p>\n<p style=\"color: #000000\">Neyse<\/p>\n<p style=\"color: #000000\">\n<p style=\"color: #000000\">\u0130\u015fte o tarafs\u0131z(!) zatlar Fazilet partisi hakk\u0131ndaki h\u00fck\u00fcmlerini alelacele verdiler:<\/p>\n<p style=\"color: #000000\">Fazilet Partisi irtica\u0131n odak merkezi oldu\u011fundan na\u015fi.. kapat\u0131lmas\u0131na.<\/p>\n<p style=\"color: #000000\">\u2018\u0130rtica\u0131n odak noktas\u0131\u2019 ne demek? Bug\u00fcne kadar vuzuha kavu\u015fmam\u0131\u015f m\u00fcphem bir isnat.<\/p>\n<p style=\"color: #000000\">Fazilet ne yapt\u0131 da irtica\u0131n odak noktas\u0131 oldu? Bilen yok.<\/p>\n<p style=\"color: #000000\">Karaku\u015fi bir h\u00fck\u00fcmle parti kapat\u0131ld\u0131.<\/p>\n<p style=\"color: #000000\">B\u00f6ylece<\/p>\n<p style=\"color: #000000\">Milli Nizam<\/p>\n<p style=\"color: #000000\">Milli Selamet<\/p>\n<p style=\"color: #000000\">Ve<\/p>\n<p style=\"color: #000000\">Refah\u2019tan sonra d\u00f6rd\u00fcnc\u00fc partimiz Fazilet Partisi de kapat\u0131lm\u0131\u015f oldu.<\/p>\n<p style=\"color: #000000\">B\u00fct\u00fcn bunlar olurken ses \u00e7\u0131karmayan CHP<\/p>\n<p style=\"color: #000000\">Bug\u00fcn \u00e7\u0131km\u0131\u015f<\/p>\n<p style=\"color: #000000\">3 g\u00fcnl\u00fck uydur kayd\u0131r bir parti i\u00e7in 100 y\u0131la yakla\u015fan ge\u00e7mi\u015fini riske at\u0131yor.<\/p>\n<p style=\"color: #000000\">\u00d6yle anla\u015f\u0131l\u0131yor ki,<\/p>\n<p style=\"color: #000000\">Bu karar rastgele verilmi\u015f bir karar de\u011fil.<\/p>\n<p style=\"color: #000000\">Bu i\u015fte bir i\u015f var.<\/p>\n<p style=\"color: #000000\">Nedir?<\/p>\n<p style=\"color: #000000\">Geli\u015fmelere g\u00f6re \u00f6n\u00fcm\u00fczdeki g\u00fcnlerde g\u00f6rece\u011fiz.<\/p>\n<p style=\"color: #000000\">\n<p style=\"color: #000000\">23.04.2018<\/p>\n<p style=\"color: #000000\">Emin Batur<\/p>\n","protected":false},"excerpt":{"rendered":"<p>CHP lideri K\u0131l\u0131\u00e7daro\u011flu milletvekillerini \u0130Y\u0130 partiye g\u00f6ndererek demokrasiye hizmet ettiklerini s\u00f6ylemi\u015f. Yani e\u011fer 3 g\u00fcnl\u00fck parti se\u00e7ime giremezse (kald\u0131 ki, grup kurmasa da se\u00e7ime girebiliyor) demokrasimiz zarar g\u00f6recekmi\u015f. H\u00e2lbuki ayn\u0131 CHP K\u00f6kl\u00fc partilerimiz art arda kapat\u0131l\u0131rken Ellerini ovu\u015fturmu\u015f, partilerimizi kapatanlara destek \u00e7\u0131km\u0131\u015ft\u0131. O kapat\u0131lan partilerimiz \u015eimdiki \u0130Y\u0130 parti gibi 3 g\u00fcnl\u00fck partiler de\u011fildi. Ge\u00e7mi\u015fi olan &hellip;<\/p>\n","protected":false},"author":14,"featured_media":47433,"comment_status":"open","ping_status":"open","sticky":false,"template":"","format":"standard","meta":{"om_disable_all_campaigns":false,"_themeisle_gutenberg_block_has_review":false,"_joinchat":[],"footnotes":""},"categories":[56,38,43],"tags":[],"class_list":["post-27610","post","type-post","status-publish","format-standard","has-post-thumbnail","","category-emin","category-guncel","category-yazarlar"],"_links":{"self":[{"href":"https:\/\/akincilardergisi.com\/tr\/wp-json\/wp\/v2\/posts\/27610","targetHints":{"allow":["GET"]}}],"collection":[{"href":"https:\/\/akincilardergisi.com\/tr\/wp-json\/wp\/v2\/posts"}],"about":[{"href":"https:\/\/akincilardergisi.com\/tr\/wp-json\/wp\/v2\/types\/post"}],"author":[{"embeddable":true,"href":"https:\/\/akincilardergisi.com\/tr\/wp-json\/wp\/v2\/users\/14"}],"replies":[{"embeddable":true,"href":"https:\/\/akincilardergisi.com\/tr\/wp-json\/wp\/v2\/comments?post=27610"}],"version-history":[{"count":0,"href":"https:\/\/akincilardergisi.com\/tr\/wp-json\/wp\/v2\/posts\/27610\/revisions"}],"wp:featuredmedia":[{"embeddable":true,"href":"https:\/\/akincilardergisi.com\/tr\/wp-json\/wp\/v2\/media\/47433"}],"wp:attachment":[{"href":"https:\/\/akincilardergisi.com\/tr\/wp-json\/wp\/v2\/media?parent=27610"}],"wp:term":[{"taxonomy":"category","embeddable":true,"href":"https:\/\/akincilardergisi.com\/tr\/wp-json\/wp\/v2\/categories?post=27610"},{"taxonomy":"post_tag","embeddable":true,"href":"https:\/\/akincilardergisi.com\/tr\/wp-json\/wp\/v2\/tags?post=27610"}],"curies":[{"name":"wp","href":"https:\/\/api.w.org\/{rel}","templated":true}]}}