{"id":27508,"date":"2018-04-20T00:00:34","date_gmt":"2018-04-19T21:00:34","guid":{"rendered":"http:\/\/akincilardergisi.com\/dergi\/?p=27508"},"modified":"2023-11-05T13:25:52","modified_gmt":"2023-11-05T10:25:52","slug":"iceride-neler-oluyor-3","status":"publish","type":"post","link":"https:\/\/akincilardergisi.com\/tr\/iceride-neler-oluyor-3\/","title":{"rendered":"\u0130\u00c7ER\u0130DE NELER OLUYOR? -3-"},"content":{"rendered":"<p style=\"text-align: justify\">&#8230;Hak vaki olmu\u015f, tahta ge\u00e7me s\u0131ras\u0131 ona gelmi\u015fti. Etraf\u0131 a\u00e7 kurtlarla \u00e7evriliydi. Bu kurtlar da i\u00e7eride ma\u015falar elde etmi\u015f onun etraf\u0131n\u0131 hem i\u00e7eriden hem d\u0131\u015far\u0131dan sarm\u0131\u015flard\u0131. Daha tahta ge\u00e7er ge\u00e7mez Me\u015frutiyeti ilan etmek zorunda kald\u0131. Art\u0131k bir meclis vard\u0131. Yetkileri s\u0131n\u0131rland\u0131r\u0131lm\u0131\u015ft\u0131\u2026<\/p>\n<p style=\"text-align: justify\">\u0130ktidar olmu\u015ftu ama muktedir olamam\u0131\u015ft\u0131 hen\u00fcz. \u00c7\u00fcnk\u00fc darbeci hainler ortada kol geziyordu. Bu it s\u00fcr\u00fclerini ortadan kald\u0131rmak gerekiyordu. Mithat Pa\u015fa ve avenesini bu milletin etraf\u0131ndan uzakla\u015ft\u0131rmak gerekiyordu. Asl\u0131nda onlara yap\u0131lmas\u0131 gerekenler belliydi. \u0130pi boyunlar\u0131na tak\u0131p milletin \u00f6n\u00fcnde salland\u0131rarak hak ettikleri belaya gark etmek gerekiyordu. Ama Sultan Abd\u00fclhamid b\u00f6yle biri de\u011fildi\u2026 Kendi milletinden olan insanlar\u0131n kan\u0131n\u0131 d\u00f6kmek onun kitab\u0131nda yoktu. O onlara hain bile demiyordu, gafil diyordu. Ona g\u00f6re onlar akl\u0131n\u0131 ba\u015fkalar\u0131na kiralayanlard\u0131. Ama o kan d\u00f6kmedi\u2026<\/p>\n<p style=\"text-align: justify\">Abd\u00fclaziz\u2019in katilleri olan, darbeci Mithat Pa\u015fa ve avenesini Taif\u2019e s\u00fcrg\u00fcne g\u00f6nderdi. Ama o hain adam Mithat Pa\u015fa gitti\u011fi yerde rahat durmay\u0131p \u0130ngilizlerle temasa ge\u00e7ip birlik olunca Abd\u00fclhamid onun s\u00fcrg\u00fcn karar\u0131n\u0131 iptal etti ve pa\u015fa idam edildi\u2026<\/p>\n<p style=\"text-align: justify\">Bu darbeci hainler devletin etraf\u0131ndan uzakla\u015ft\u0131rd\u0131ktan sonra Abd\u00fclhamid art\u0131k dizginleri eline almaya ba\u015flam\u0131\u015ft\u0131. Ama yaln\u0131zl\u0131\u011f\u0131n\u0131 biliyordu. Kurtlar sofras\u0131n\u0131n ortas\u0131nda tek ba\u015f\u0131nayd\u0131. 30 sene boyunca tek ba\u015f\u0131na m\u00fccadelesini s\u00fcrd\u00fcrd\u00fc.<\/p>\n<p style=\"text-align: justify\">Herkesin bu topraklarda g\u00f6z\u00fc vard\u0131. Bu topraklarda enerji, petrol ganiydi. Haliyle emperyalist devletler buralara kadar geleceklerdi. Bunlar\u0131 tek ba\u015f\u0131na idare etmek gerekiyordu\u2026<\/p>\n<p style=\"text-align: justify\">\u00d6yle bir d\u00f6nemde devletin ba\u015f\u0131na ge\u00e7mi\u015fti ki Abd\u00fclhamid, hem devletin hakim oldu\u011fu yerlerde az\u0131nl\u0131k sorunlar\u0131 vuku bulmaya ba\u015flam\u0131\u015ft\u0131 hem de a\u00e7 kurtlar Kuzeyden Bat\u0131dan geliyorlard\u0131. \u0130\u015fi kolay de\u011fildi. Bu ortamda hi\u00e7kimsenin dikkatini \u00e7ekmeyen hamleler yapmas\u0131 gerekiyordu, herkesi idare etmenin yollar\u0131n\u0131 bulmas\u0131 laz\u0131md\u0131. Att\u0131\u011f\u0131 her ad\u0131mda bir ta\u015fla iki ku\u015f vurman\u0131n yollar\u0131n\u0131 aramas\u0131 gerekiyordu\u2026<\/p>\n<p style=\"text-align: justify\">Bir yandan Ruslar s\u0131cak denizlere inmenin derdindeydi. Ama \u0130ngilizler de buna s\u0131cak bakm\u0131yor, buna g\u00f6re politika \u00fcretmek istiyorlard\u0131. \u0130ngilizler de Orta Do\u011fu\u2019ya gelip petrol b\u00f6lgelerini yava\u015f yava\u015f ele ge\u00e7irmenin derdindeydi. Her g\u00f6z\u00fc a\u00e7 emperyalist devletin burada g\u00f6z\u00fc vard\u0131.<\/p>\n<p style=\"text-align: justify\">Sultan Abd\u00fclhamid de m\u00fcthi\u015f bir denge politikas\u0131 izleyerek, her devletin dikkatini ba\u015fka bir y\u00f6ne \u00e7ekmeye \u00e7al\u0131\u015ft\u0131 ve bunda da ba\u015far\u0131l\u0131 oldu. S\u00f6z gelimi Hicaz Demiryolu ihalesini Almanya\u2019ya vererek Almanya\u2019n\u0131n deste\u011fini ald\u0131. Tabi bu durum \u0130ngiltere\u2019yi olduk\u00e7a rahats\u0131z etti. \u00d6yle ki bu yollar \u0130ngiltere\u2019nin s\u00f6m\u00fcrge yollar\u0131yd\u0131. Almanya da bu f\u0131rsat\u0131 ka\u00e7\u0131rmamak i\u00e7in Osmanl\u0131\u2019y\u0131 himaye eden bir politika izledi. Haliyle de \u0130ngiltere ile Almanya bu konuda kar\u015f\u0131 kar\u015f\u0131ya geldi\u2026<\/p>\n<p style=\"text-align: justify\">Abd\u00fclhamid bu yolla iki ku\u015f birden vurmu\u015f oluyordu. Hem ba\u015fka bir devleti araya sokarak d\u00fc\u015fmanla direkt muhatap olman\u0131n yollar\u0131n\u0131 kesiyor hem de Hicaz Demiryolu\u2019nu hayata ge\u00e7irerek Hac s\u00fcresini bir haftaya indiriyordu. Halifelik s\u0131fat\u0131n\u0131 kullanma etkisi de artm\u0131\u015f oluyordu\u2026<\/p>\n<p style=\"text-align: justify\">Ya Kud\u00fcs konusunda att\u0131\u011f\u0131 ad\u0131mlar! Paha bi\u00e7ilemez. Kud\u00fcs e\u011fer bug\u00fcn payla\u015f\u0131lamayan bir kimli\u011fe sahipse bunun en b\u00fcy\u00fck nedenlerinden biri Abd\u00fclhamid\u2019dir. Oraya bir\u00e7ok devlete kilise vb. ibadet yeri yapt\u0131rm\u0131\u015f ve bug\u00fcn o devletlere pay hakk\u0131 vererek payla\u015f\u0131lamayan, \u00e7\u00f6z\u00fcme kavu\u015fturulamayan bir b\u00f6lge in\u015fa etmi\u015ftir. Bu konu o g\u00fcn i\u00e7in muazzam bir politikad\u0131r. \u00c7\u00fcnk\u00fc devletin g\u00fcc\u00fc malumdur, elimizden gelen bu olmu\u015ftur, Abd\u00fclhamid de onu yapm\u0131\u015ft\u0131r&#8230;<\/p>\n<p style=\"text-align: justify\">Abd\u00fclhamid\u2019in devlet y\u00f6netme siyasetini daha derinden \u00f6\u011frenmek i\u00e7in \u015eevki Karabekiro\u011flu\u2019nun muazzam eseri PAY\u0130DAR\u2019\u0131n 175-234 sayfalar\u0131 aras\u0131n\u0131 okuyabilirsiniz. Biz konumuza kald\u0131\u011f\u0131m\u0131z yerden devam edelim\u2026<\/p>\n<p style=\"text-align: justify\">Devam edecek&#8230;<\/p>\n<p style=\"text-align: justify\"><strong>\u0130BRAH\u0130M YAVUZ<\/strong><\/p>\n","protected":false},"excerpt":{"rendered":"<p>&#8230;Hak vaki olmu\u015f, tahta ge\u00e7me s\u0131ras\u0131 ona gelmi\u015fti. Etraf\u0131 a\u00e7 kurtlarla \u00e7evriliydi. Bu kurtlar da i\u00e7eride ma\u015falar elde etmi\u015f onun etraf\u0131n\u0131 hem i\u00e7eriden hem d\u0131\u015far\u0131dan sarm\u0131\u015flard\u0131. Daha tahta ge\u00e7er ge\u00e7mez Me\u015frutiyeti ilan etmek zorunda kald\u0131. Art\u0131k bir meclis vard\u0131. Yetkileri s\u0131n\u0131rland\u0131r\u0131lm\u0131\u015ft\u0131\u2026 \u0130ktidar olmu\u015ftu ama muktedir olamam\u0131\u015ft\u0131 hen\u00fcz. \u00c7\u00fcnk\u00fc darbeci hainler ortada kol geziyordu. Bu it &hellip;<\/p>\n","protected":false},"author":20,"featured_media":48521,"comment_status":"open","ping_status":"open","sticky":false,"template":"","format":"standard","meta":{"om_disable_all_campaigns":false,"_themeisle_gutenberg_block_has_review":false,"_joinchat":[],"footnotes":""},"categories":[38,57,43],"tags":[],"class_list":["post-27508","post","type-post","status-publish","format-standard","has-post-thumbnail","","category-guncel","category-ibrahim","category-yazarlar"],"_links":{"self":[{"href":"https:\/\/akincilardergisi.com\/tr\/wp-json\/wp\/v2\/posts\/27508","targetHints":{"allow":["GET"]}}],"collection":[{"href":"https:\/\/akincilardergisi.com\/tr\/wp-json\/wp\/v2\/posts"}],"about":[{"href":"https:\/\/akincilardergisi.com\/tr\/wp-json\/wp\/v2\/types\/post"}],"author":[{"embeddable":true,"href":"https:\/\/akincilardergisi.com\/tr\/wp-json\/wp\/v2\/users\/20"}],"replies":[{"embeddable":true,"href":"https:\/\/akincilardergisi.com\/tr\/wp-json\/wp\/v2\/comments?post=27508"}],"version-history":[{"count":0,"href":"https:\/\/akincilardergisi.com\/tr\/wp-json\/wp\/v2\/posts\/27508\/revisions"}],"wp:featuredmedia":[{"embeddable":true,"href":"https:\/\/akincilardergisi.com\/tr\/wp-json\/wp\/v2\/media\/48521"}],"wp:attachment":[{"href":"https:\/\/akincilardergisi.com\/tr\/wp-json\/wp\/v2\/media?parent=27508"}],"wp:term":[{"taxonomy":"category","embeddable":true,"href":"https:\/\/akincilardergisi.com\/tr\/wp-json\/wp\/v2\/categories?post=27508"},{"taxonomy":"post_tag","embeddable":true,"href":"https:\/\/akincilardergisi.com\/tr\/wp-json\/wp\/v2\/tags?post=27508"}],"curies":[{"name":"wp","href":"https:\/\/api.w.org\/{rel}","templated":true}]}}