{"id":27463,"date":"2018-04-18T00:00:47","date_gmt":"2018-04-17T21:00:47","guid":{"rendered":"http:\/\/akincilardergisi.com\/dergi\/?p=27463"},"modified":"2023-11-05T13:25:52","modified_gmt":"2023-11-05T10:25:52","slug":"iceride-neler-oluyor-2","status":"publish","type":"post","link":"https:\/\/akincilardergisi.com\/tr\/iceride-neler-oluyor-2\/","title":{"rendered":"\u0130\u00c7ER\u0130DE NELER OLUYOR? -2-"},"content":{"rendered":"<p style=\"text-align: justify\">&#8230;Ve o darbeci hainler Abd\u00fclaziz\u2019i tahtan indirerek, haremiyle beraber Topkap\u0131 Saray\u0131\u2019na g\u00f6t\u00fcrd\u00fcler. En ac\u0131s\u0131 \u015fu ki bu haysiyetli devlet adam\u0131 ve ailesini darbeciler s\u00fcr\u00fckleyerek saraydan \u00e7\u0131karm\u0131\u015flard\u0131r. Bug\u00fcn o saray\u0131n duvarlar\u0131nda hanedan\u0131n asil \u00fcyelerinin \u00e7\u0131\u011fl\u0131klar\u0131 hala yank\u0131lanmaktad\u0131r\u2026<\/p>\n<p style=\"text-align: justify\">Abd\u00fclaziz bir s\u00fcre sonra ye\u011feni be\u015finci Murat\u2019tan ba\u015fka bir yere yerle\u015ftirilmelerini rica etmi\u015ftir. Ye\u011feni bu iste\u011fi geri \u00e7evirmemi\u015f, kendi yapt\u0131rd\u0131\u011f\u0131 Feriye Saray\u0131\u2019na yerle\u015ftirmi\u015ftir.<\/p>\n<p style=\"text-align: justify\">Abd\u00fclaziz\u2019in burada a\u00e7 b\u0131rak\u0131ld\u0131\u011f\u0131 da s\u00f6ylenmektedir. Ac\u0131 son ki padi\u015fah tahttan indirildikten sadece d\u00f6rt g\u00fcn sonra iki bile\u011fi makasla kesilmi\u015f bir \u015fekilde \u00f6lm\u00fc\u015f! olarak bulunmu\u015ftur. H\u00fcseyin Avni Pa\u015fa hemen saraya gelmi\u015f, beraberinde gelen doktorlara da \u00fcst\u00fcn k\u00f6r\u00fc bir rapor yazd\u0131rm\u0131\u015f ve bu \u00f6l\u00fcm\u00fcn \u00fczeri de b\u00f6yle kapat\u0131lmaya \u00e7al\u0131\u015f\u0131lm\u0131\u015ft\u0131r. Bunu da y\u0131llard\u0131r intihar olarak yutturmaya \u00e7al\u0131\u015fm\u0131\u015flard\u0131r.<\/p>\n<p style=\"text-align: justify\">Burada kamuoyu ikiye ayr\u0131lmaktad\u0131r. Buradaki amac\u0131m\u0131z bunu irdelemek de\u011fil, biz sadece \u015funa de\u011finelim: Abd\u00fclaziz bilekleri derin kesilmi\u015f bir \u015fekilde bulunmu\u015ftur. Nas\u0131l olur da bir insan iki bile\u011fini bu derece kesebilir. Bir bile\u011fini kesse, o ac\u0131n\u0131n i\u00e7inde kesik eliyle di\u011fer bile\u011fini nas\u0131l kesebilir! Sonu\u00e7ta devletini tekrar y\u00fckseltmeyi d\u00fc\u015f\u00fcnen bir devlet adam\u0131 darbeci hainler taraf\u0131ndan tahtan indirilmi\u015f ve mason oldu\u011fu s\u00f6ylenen ilk ve tek padi\u015fah oldu\u011fu s\u00f6ylenen be\u015finci Murat\u2019\u0131 tahta \u00e7\u0131karm\u0131\u015flard\u0131r.<\/p>\n<p style=\"text-align: justify\">Be\u015finci Murat\u2019\u0131n anomalisi olmas\u0131, aklen de zaafiyeti olmas\u0131 hasebiyle k\u0131l\u0131\u00e7 ku\u015fanma merasimi dahi yap\u0131lmam\u0131\u015f ve bu nedenle resmi Osmanl\u0131 Padi\u015fah\u0131 olarak kabul edilmemi\u015ftir. B\u00f6yle bir padi\u015fahla ancak bir yere kadar gidilebilirdi. 3 ay sonra onu tahttan indirmek zorunda kald\u0131lar. Yerine de kendi elleriyle Sultan Abd\u00fclhamid\u2019i tahta ge\u00e7irdiler\u2026<\/p>\n<p style=\"text-align: justify\">Kaderin cilvesi ki bu padi\u015fah\u0131n ba\u015flar\u0131na bela olaca\u011f\u0131n\u0131 tahmin edemediler. \u00c7\u00fcnk\u00fc onlar zannediyordu ki Sultan Abd\u00fclhamid\u2019i tahta ge\u00e7irirken biz bu adam\u0131 elimizle oynat\u0131r\u0131z, istedi\u011fimizi yapt\u0131r\u0131r\u0131z, Sultan Murat\u2019\u0131n yoklu\u011funu aramay\u0131z diyorlard\u0131. Ama yan\u0131l\u0131yorlard\u0131\u2026 Kader onlara bir oyun oynayacakt\u0131\u2026<\/p>\n<p style=\"text-align: justify\">\u015eehzade Abd\u00fclhamid tahta gelecek ve dedesine ve amcas\u0131na yapt\u0131klar\u0131n\u0131n ac\u0131s\u0131n\u0131 onlardan \u00e7\u0131karacak, burunlar\u0131ndan fitil fitil getirecekti. Abd\u00fclhamid, \u015fehzadelik y\u0131llar\u0131nda \u00e7ok gizemli bir yap\u0131ya sahipti. \u00d6yle ki kendisi \u015fehzade, babas\u0131 tahtta iken saraydan uzak bir ya\u015fam\u0131 tercih etmi\u015f, zaman\u0131n\u0131 Maslak Kasr\u0131\u2019nda ge\u00e7irmi\u015ftir. Hatta babas\u0131 onu sarayda g\u00f6remeyince yan\u0131na \u00e7a\u011f\u0131r\u0131r, ancak \u015eehzade Abd\u00fclhamid babas\u0131 devlet i\u015flerine dald\u0131\u011f\u0131 bir anda bir f\u0131rsat\u0131n\u0131 bulup yine saraydan uzakla\u015f\u0131r ve Maslak Kasr\u0131\u2019na gider.<\/p>\n<p style=\"text-align: justify\">Maslak Kasr\u0131\u2019nda g\u00fcnlerini kitap okumakla, devlet i\u015flerini takip etmekle, i\u00e7 ve d\u0131\u015f siyaseti yak\u0131ndan takip etmekle ge\u00e7irir. Daha \u015eehzadelik d\u00f6neminde, padi\u015fah oldu\u011funda kadrosunun nas\u0131l olaca\u011f\u0131na kafa yormu\u015f, yan\u0131nda bulunacak devlet adamlar\u0131n\u0131 o zamandan belirlemi\u015ftir\u2026<\/p>\n<p style=\"text-align: justify\">Devam edecek&#8230;<\/p>\n<p style=\"text-align: justify\"><strong>\u0130BRAH\u0130M YAVUZ<\/strong><\/p>\n","protected":false},"excerpt":{"rendered":"<p>&#8230;Ve o darbeci hainler Abd\u00fclaziz\u2019i tahtan indirerek, haremiyle beraber Topkap\u0131 Saray\u0131\u2019na g\u00f6t\u00fcrd\u00fcler. En ac\u0131s\u0131 \u015fu ki bu haysiyetli devlet adam\u0131 ve ailesini darbeciler s\u00fcr\u00fckleyerek saraydan \u00e7\u0131karm\u0131\u015flard\u0131r. Bug\u00fcn o saray\u0131n duvarlar\u0131nda hanedan\u0131n asil \u00fcyelerinin \u00e7\u0131\u011fl\u0131klar\u0131 hala yank\u0131lanmaktad\u0131r\u2026 Abd\u00fclaziz bir s\u00fcre sonra ye\u011feni be\u015finci Murat\u2019tan ba\u015fka bir yere yerle\u015ftirilmelerini rica etmi\u015ftir. Ye\u011feni bu iste\u011fi geri \u00e7evirmemi\u015f, kendi &hellip;<\/p>\n","protected":false},"author":20,"featured_media":48521,"comment_status":"open","ping_status":"open","sticky":false,"template":"","format":"standard","meta":{"om_disable_all_campaigns":false,"_themeisle_gutenberg_block_has_review":false,"_joinchat":[],"footnotes":""},"categories":[38,57,43],"tags":[],"class_list":["post-27463","post","type-post","status-publish","format-standard","has-post-thumbnail","","category-guncel","category-ibrahim","category-yazarlar"],"_links":{"self":[{"href":"https:\/\/akincilardergisi.com\/tr\/wp-json\/wp\/v2\/posts\/27463","targetHints":{"allow":["GET"]}}],"collection":[{"href":"https:\/\/akincilardergisi.com\/tr\/wp-json\/wp\/v2\/posts"}],"about":[{"href":"https:\/\/akincilardergisi.com\/tr\/wp-json\/wp\/v2\/types\/post"}],"author":[{"embeddable":true,"href":"https:\/\/akincilardergisi.com\/tr\/wp-json\/wp\/v2\/users\/20"}],"replies":[{"embeddable":true,"href":"https:\/\/akincilardergisi.com\/tr\/wp-json\/wp\/v2\/comments?post=27463"}],"version-history":[{"count":0,"href":"https:\/\/akincilardergisi.com\/tr\/wp-json\/wp\/v2\/posts\/27463\/revisions"}],"wp:featuredmedia":[{"embeddable":true,"href":"https:\/\/akincilardergisi.com\/tr\/wp-json\/wp\/v2\/media\/48521"}],"wp:attachment":[{"href":"https:\/\/akincilardergisi.com\/tr\/wp-json\/wp\/v2\/media?parent=27463"}],"wp:term":[{"taxonomy":"category","embeddable":true,"href":"https:\/\/akincilardergisi.com\/tr\/wp-json\/wp\/v2\/categories?post=27463"},{"taxonomy":"post_tag","embeddable":true,"href":"https:\/\/akincilardergisi.com\/tr\/wp-json\/wp\/v2\/tags?post=27463"}],"curies":[{"name":"wp","href":"https:\/\/api.w.org\/{rel}","templated":true}]}}