{"id":27388,"date":"2018-04-13T07:39:45","date_gmt":"2018-04-13T04:39:45","guid":{"rendered":"http:\/\/akincilardergisi.com\/dergi\/?p=27388"},"modified":"2023-11-04T20:12:15","modified_gmt":"2023-11-04T17:12:15","slug":"laiklik-olmadi-biraz-deizm-verelim-mi","status":"publish","type":"post","link":"https:\/\/akincilardergisi.com\/tr\/laiklik-olmadi-biraz-deizm-verelim-mi\/","title":{"rendered":"LA\u0130KL\u0130K TUTMADI, B\u0130RAZ DE\u0130ZM VEREL\u0130M M\u0130?"},"content":{"rendered":"<p style=\"color: #000000\"><img decoding=\"async\" src=\"http:\/\/www.kpsscafe.com.tr\/images\/haberler\/2018\/04\/deizm_nedir_kimlere_deist_denir_ihl_liler_deizm_e_mi_kayiyor_h83653_1cbe8.jpg\" alt=\"deizm nedir ile ilgili g\u00c3\u00b6rsel sonucu\" \/>\u015eunu ba\u015ftan s\u00f6yleyelim: Her ideoloji bir kar\u015f\u0131 din hamlesidir.<\/p>\n<p style=\"color: #000000\">Deizm de bir ideolojidir. O da bir kar\u015f\u0131 dindir. Her kar\u015f\u0131 din gibi onun da inananlar\u0131 elbet olacakt\u0131r ancak Din olan \u0130slam kar\u015f\u0131s\u0131nda onun da ak\u0131beti di\u011fer ideolojilerden farkl\u0131 olmayacakt\u0131r.<\/p>\n<p style=\"color: #000000\">Yani, dinimiz bak\u0131m\u0131ndan hi\u00e7bir korkumuz yok. Deist de gelir dersini al\u0131r gider; kapitalist de, kom\u00fcnist de\u2026 Olmad\u0131 laisizist de\u2026 H\u00fcmanist de\u2026 Feminist de\u2026 Hepsi de ayr\u0131 ayr\u0131 gelebilirler, hepsi birden de gelebilirler. Din olan \u0130slam, hepsini kar\u015f\u0131lamaya haz\u0131rd\u0131r.<\/p>\n<p style=\"color: #000000\">Din olan \u0130slam, hi\u00e7bir ideolojiye kar\u015f\u0131 zay\u0131f de\u011fildir: \u201cHak Geldi, Bat\u0131l zail oldu. Bat\u0131l zaten yok olucudur.\u201d Amenna. Hi\u00e7bir \u015f\u00fcphemiz yok. Gelin\u2026 Topunuz birden gelin.<\/p>\n<p style=\"color: #000000\">Ancak, sahtek\u00e2rl\u0131k yapmay\u0131n.<\/p>\n<p style=\"color: #000000\">Mesela, devlet olarak laisizme \u00f6vg\u00fc dizip de vatanda\u015f\u0131n deist olmas\u0131na kar\u015f\u0131 \u00e7\u0131kmay\u0131n. Laisizmi ve hatta laik\u00e7ili\u011fi devlet d\u00fczeni haline getirip de deizmi g\u00f6sterip \u201cDin elden gidiyor\u201d yavelerine yatmay\u0131n.<\/p>\n<p style=\"color: #000000\">Ha laiklik ha deizm: Ne fark\u0131 var ikisinin.. Olmad\u0131 devleti de deist yap\u0131n.<\/p>\n<p style=\"color: #000000\">Olmaz m\u0131?&#8230; Neden olmas\u0131n?<\/p>\n<p style=\"color: #000000\">Devlet laik olabiliyor da, neden deist olmas\u0131n? \u00dcstelik ne fark\u0131 var birbirlerinden.<\/p>\n<p style=\"color: #000000\">Siz, devlet olarak Allah \u2019s\u0131z m\u0131s\u0131n\u0131z? Bu soruya verece\u011finiz cevap, \u201cAllah var. Olmasa da halk\u0131m\u0131z, var oldu\u011funa inan\u0131yor. Bu y\u00fczden biz de yok diyemeyiz. Dersek e\u011fer halk\u0131m\u0131z devlete Allah\u2019s\u0131z devlet der. Bu y\u00fczden, biz Allah yoktur demeyiz. Biz b\u00f6yle bir \u015fey demedi\u011fimiz i\u00e7in de laiklikten Allah\u2019s\u0131zl\u0131k \u00e7\u0131kar\u0131lamaz.\u201d \u015eeklinde olmayacak m\u0131?<\/p>\n<p style=\"color: #000000\">Yani, ne demi\u015f olacaks\u0131n\u0131z\u2026 \u201cAllah yoksa bile var ama bizim i\u015fimize sak\u0131n ha ki kar\u0131\u015fmas\u0131n. Gerek yasama ve gerekse y\u00fcr\u00fctmeye ait her i\u015fimizi biz kimseye soracak de\u011filiz. Allah\u2019a da soracak de\u011filiz elbette \u201d diye b\u00f6yle demi\u015f olmayacak m\u0131s\u0131n\u0131z? Ama neticede b\u00f6yle demi\u015f olmuyor musunuz?<\/p>\n<p style=\"color: #000000\">Peki, Deist dedi\u011finiz insanlar ne diyor? Ayn\u0131s\u0131n\u0131 demiyor mu? \u201cAllah elbette var. Var ama benim hi\u00e7bir i\u015fime asla kar\u0131\u015famaz. Kar\u0131\u015ft\u0131rmam da zaten\u201d<\/p>\n<p style=\"color: #000000\">Deist dedi\u011finiz insanlar aynen b\u00f6yle diyor. Yani, senin, devlet i\u00e7in dedi\u011fini o da kendisi i\u00e7in diyor.<\/p>\n<p style=\"color: #000000\">Bak\u0131n bakal\u0131m \u015fimdi: Laik devlet ile deist insan aras\u0131nda ne fark var.<\/p>\n<p style=\"color: #000000\">Birisi devlet; birisi insan: Teoriye bakarsan\u0131z, insan devletten \u00fcst\u00fcn: Devlet dedi\u011fin \u015fey insana hizmet arac\u0131d\u0131r: \u0130nsan\u0131n h\u00e2kimi de\u011fildir. Teori budur: Teoriniz de budur. Buradaki \u00e7eli\u015fkinizi hadi g\u00f6rmemi\u015f ve yutmu\u015f olal\u0131m da deist olan vatanda\u015f ile laisist olan devlet aras\u0131nda neticede ne fark var onu deyin bize.<\/p>\n<p style=\"color: #000000\">Vatanda\u015f deist olunca, \u201cDin elden gidiyor\u201d da devlet olarak sen laisist olunca, din o zaman niye elden gitmiyor: Onu bilelim.<\/p>\n<p style=\"color: #000000\">Bu yaz\u0131 \u015funun i\u00e7in yaz\u0131l\u0131yor: Ey vatanda\u015f!<\/p>\n<p style=\"color: #000000\">B\u00fct\u00fcn ideolojiler, dine kar\u015f\u0131 din davas\u0131d\u0131r. Ad\u0131 ne olursa olsun: Konumu ne olursa olsun. O ideoloji devletin dini (ideolojisi) olmakla, o ideoloji sana din olmaz. Olamaz.<\/p>\n<p style=\"color: #000000\">Ak\u0131ll\u0131 olun da, devletin sahiplendi\u011fi bir kar\u015f\u0131 dini, (ideolojiyi) siz de din edinmeyin.<\/p>\n<p style=\"color: #000000\">Evet, din ba\u015fka; devlet ba\u015fka. Ancak, mademki devlet sizin devletiniz: O devlet, sizin sanki Allah\u2019\u0131n\u0131z yokmu\u015f gibi olmamal\u0131. Hem seni dinlemeli hem de senin Allah\u2019\u0131n\u0131n ne dedi\u011fini dinlemeli. Deist gibi olmamal\u0131\u2026 Deist gibi olursa da, senin deist olmana bak\u0131p da \u201cDin elden gidiyor\u201d yavelerine yatmamal\u0131. Yatarsa e\u011fer, deizme ve deistlere kar\u015f\u0131 \u00e7\u0131kt\u0131\u011f\u0131n\u0131z gibi laiklik denilen devlet deizmine de kar\u015f\u0131 \u00e7\u0131k\u0131n.<\/p>\n<p style=\"color: #000000\">Hukuk, Allah tan\u0131mayacak: Adalet Allah tan\u0131mayacak: Ekonomi Allah tan\u0131mayacak: \u0130\u015f ve i\u015f\u00e7i ahlak\u0131; i\u015fveren ahlak\u0131 Allah tan\u0131mayacak: Elinizin yetti\u011fi hi\u00e7bir alanda Allah\u2019\u0131 tan\u0131mayacaks\u0131n\u0131z\u2026 Sizin yani devletin b\u00f6yle olmas\u0131ndan din elden gitmeyecek de: Bir vatanda\u015f aynen size benzedi\u011finde onun y\u00fcz\u00fcnden din elden gidecek: \u00d6yle mi?<\/p>\n<p style=\"color: #000000\">Deizminizi de al\u0131n ve defolun gidin. Sahtekarlar sizi\u2026<\/p>\n","protected":false},"excerpt":{"rendered":"<p>\u015eunu ba\u015ftan s\u00f6yleyelim: Her ideoloji bir kar\u015f\u0131 din hamlesidir. Deizm de bir ideolojidir. O da bir kar\u015f\u0131 dindir. Her kar\u015f\u0131 din gibi onun da inananlar\u0131 elbet olacakt\u0131r ancak Din olan \u0130slam kar\u015f\u0131s\u0131nda onun da ak\u0131beti di\u011fer ideolojilerden farkl\u0131 olmayacakt\u0131r. Yani, dinimiz bak\u0131m\u0131ndan hi\u00e7bir korkumuz yok. Deist de gelir dersini al\u0131r gider; kapitalist de, kom\u00fcnist de\u2026 &hellip;<\/p>\n","protected":false},"author":17,"featured_media":45968,"comment_status":"open","ping_status":"open","sticky":false,"template":"","format":"standard","meta":{"om_disable_all_campaigns":false,"_themeisle_gutenberg_block_has_review":false,"_joinchat":[],"footnotes":""},"categories":[53,38,43],"tags":[],"class_list":["post-27388","post","type-post","status-publish","format-standard","has-post-thumbnail","","category-aydin","category-guncel","category-yazarlar"],"_links":{"self":[{"href":"https:\/\/akincilardergisi.com\/tr\/wp-json\/wp\/v2\/posts\/27388","targetHints":{"allow":["GET"]}}],"collection":[{"href":"https:\/\/akincilardergisi.com\/tr\/wp-json\/wp\/v2\/posts"}],"about":[{"href":"https:\/\/akincilardergisi.com\/tr\/wp-json\/wp\/v2\/types\/post"}],"author":[{"embeddable":true,"href":"https:\/\/akincilardergisi.com\/tr\/wp-json\/wp\/v2\/users\/17"}],"replies":[{"embeddable":true,"href":"https:\/\/akincilardergisi.com\/tr\/wp-json\/wp\/v2\/comments?post=27388"}],"version-history":[{"count":0,"href":"https:\/\/akincilardergisi.com\/tr\/wp-json\/wp\/v2\/posts\/27388\/revisions"}],"wp:featuredmedia":[{"embeddable":true,"href":"https:\/\/akincilardergisi.com\/tr\/wp-json\/wp\/v2\/media\/45968"}],"wp:attachment":[{"href":"https:\/\/akincilardergisi.com\/tr\/wp-json\/wp\/v2\/media?parent=27388"}],"wp:term":[{"taxonomy":"category","embeddable":true,"href":"https:\/\/akincilardergisi.com\/tr\/wp-json\/wp\/v2\/categories?post=27388"},{"taxonomy":"post_tag","embeddable":true,"href":"https:\/\/akincilardergisi.com\/tr\/wp-json\/wp\/v2\/tags?post=27388"}],"curies":[{"name":"wp","href":"https:\/\/api.w.org\/{rel}","templated":true}]}}