{"id":27243,"date":"2018-04-06T00:00:49","date_gmt":"2018-04-05T21:00:49","guid":{"rendered":"http:\/\/akincilardergisi.com\/dergi\/?p=27243"},"modified":"2023-11-05T13:25:53","modified_gmt":"2023-11-05T10:25:53","slug":"hazmedemeyenler","status":"publish","type":"post","link":"https:\/\/akincilardergisi.com\/tr\/hazmedemeyenler\/","title":{"rendered":"HAZMEDEMEYENLER&#8230;"},"content":{"rendered":"<p style=\"text-align: justify\">Hani dedik ya bir \u00f6nceki yaz\u0131m\u0131zda bu milletin i\u00e7inde vatan millet delisi olan da var, hain olmay\u0131p da hainlerin ekme\u011fine ya\u011f s\u00fcrenler de var diye. Biz b\u00f6yle insanlara, siyaset\u00e7ilere gafil diyoruz. Ayn\u0131 Abd\u00fclhamid Han&#8217;\u0131n kendisine ihanet edenlere dedi\u011fi gibi&#8230;<\/p>\n<p style=\"text-align: justify\">K\u0131l\u0131\u00e7daro\u011flu ve avenesi de ayn\u0131 terane y\u00fcz\u00fcnden maval okuyorlar. CHP s\u00f6zc\u00fcs\u00fc B\u00fclent Tezcan ayr\u0131, K\u0131l\u0131\u00e7daro\u011flu ayr\u0131 sald\u0131r\u0131yor, ama kaynak ayn\u0131, sald\u0131rd\u0131\u011f\u0131, hazmedemedi\u011fi \u015feyler ayn\u0131. Bu sefer de Afrin Operasyonunun ba\u015far\u0131 ile sonu\u00e7lanmas\u0131ndan sonra s\u0131n\u0131ra giden sanat\u00e7\u0131lara, bu \u00fclkenin cumhurba\u015fkan\u0131na hakaretler ya\u011fd\u0131rd\u0131 K\u0131l\u0131\u00e7daro\u011flu. Aynen \u015funlar\u0131 s\u00f6yledi:<\/p>\n<p style=\"text-align: justify\"><span style=\"font-weight: bold;color: #363636\">\u201cAfrin\u2019de 52 \u015fehidimiz var. Y\u00fczlerce yaral\u0131m\u0131z var. 52 \u015fehidimizin daha kan\u0131 kurumad\u0131. Toplanm\u0131\u015flar bir g\u00fcruh, davul- zurna-klarnet\u2026 Bir \u00fclkenin de\u011ferleri vard\u0131r. Bulundu\u011funuz apartmanda bir kimse hayat\u0131n\u0131 kaybetmi\u015fse televizyonu bile a\u00e7mazs\u0131n\u0131z, g\u00fcr\u00fclt\u00fc yapmazs\u0131n\u0131z, yemek yapar g\u00f6t\u00fcr\u00fcrs\u00fcn\u00fcz. Bu rezil adamlar ve onlar\u0131 oraya g\u00f6t\u00fcren adam, sen e\u011fer y\u00fcre\u011fin yetiyorsa bir Afrin \u015fehidinin evinin bulundu\u011fu sokaktan ge\u00e7, bir de Yaylalar \u015fiirini s\u00f6yle\u201d<\/span><\/p>\n<p style=\"text-align: justify\">\u015eimdi K\u0131l\u0131\u00e7daro\u011flu&#8217;nun bu de\u011ferlendirmesini! biz de ele almaya \u00e7al\u0131\u015fal\u0131m. S\u00f6zlerinin ilk c\u00fcmlesi do\u011frudur. 52 \u015fehidimiz var, Allah hepsinden raz\u0131 olsun, biz bug\u00fcn Afrin&#8217;den zaferle d\u00f6nd\u00fcysek bunda en b\u00fcy\u00fck pay kanlar\u0131 yere d\u00f6k\u00fclen \u015fehitlerimizindir.<\/p>\n<p style=\"text-align: justify\">Ancak \u015f\u00f6yle bir \u015fey var, biz orada tek bir millete kar\u015f\u0131 sava\u015fm\u0131yoruz. Sahada \u00f6ld\u00fcrd\u00fc\u011f\u00fcm\u00fcz askerler ter\u00f6r \u00f6rg\u00fctlerinin mensuplar\u0131 olabilir ama onlar\u0131 besleyen a\u011fa babalar\u0131 ABD&#8217;dir, \u0130ngiltere&#8217;dir, Fransa&#8217;d\u0131r, Almanya&#8217;d\u0131r vs&#8230; Bunlar a\u011fa babalar\u0131n\u0131n ta\u015feronlar\u0131d\u0131r, aparatlar\u0131d\u0131r. Biz bu zaferi ter\u00f6ristlere kar\u015f\u0131 de\u011fil bug\u00fcn\u00fcn Ha\u00e7l\u0131lar\u0131na kar\u015f\u0131 ald\u0131k. \u015eehidlerimizi elbette anaca\u011f\u0131z, \u00fcz\u00fclece\u011fiz. Ancak bunu kendi i\u00e7imizde ya\u015fayaca\u011f\u0131z. D\u00fc\u015fmana kar\u015f\u0131 \u00fczg\u00fcn durmak, yas tutuyor g\u00f6r\u00fcnmek onlar\u0131n ekme\u011fine ya\u011f s\u00fcrmektir, ate\u015flerine odun atmakt\u0131r.<\/p>\n<p style=\"text-align: justify\">Burada ama\u00e7 d\u00fc\u015fmana kar\u015f\u0131 g\u00fc\u00e7 g\u00f6sterisi yapmak, t\u00fcm \u00fclkenin sanat\u00e7\u0131s\u0131yla, askeriyle, medyas\u0131yla bir oldu\u011funu, gerekirse zor zamanlar\u0131m\u0131zda bir oldu\u011fumuzu g\u00f6stermektir. Sen K\u0131l\u0131\u00e7daro\u011flu, b\u0131rak siyaset\u00e7iyi kimli\u011finle\u00a0 bunu s\u00f6yleyecek en son insans\u0131n. Bir de diyorsun ki \u015fehitlerin soka\u011f\u0131ndan ge\u00e7. Bunu s\u00f6yledi\u011fin adam evinin y\u00fcz\u00fcn\u00fc g\u00f6rmeyen, oradan oraya \u00fclkesinin menfaatleri u\u011fruna ko\u015fan, g\u00fcnde belki 2-3 saat uykuyla duran bir adam.<\/p>\n<p style=\"text-align: justify\">Hi\u00e7kimse senin gibi olamaz. Hi\u00e7kimse senin gibi olup da darbe gecesi kahve e\u015fli\u011finde darbeyi tv&#8217;lerden izlemez, hi\u00e7kimse bu millete kar\u015f\u0131 yap\u0131lan darbeye tiyatro bilmem ne demez, hi\u00e7kimse senin yapt\u0131\u011f\u0131n gibi ba\u015fkanl\u0131k koltu\u011funda oturup da bu milletin derdiyle dertlenmemezlik yapmaz.<\/p>\n<p style=\"text-align: justify\">Siyaset\u00e7i dedi\u011fin haysiyetli, onurlu, ki\u015filikli, vatan\u0131n\u0131 milletini seven, koltu\u011funda kendi gelece\u011fi i\u00e7in \u00e7al\u0131\u015fan de\u011fil milleti i\u00e7in gece g\u00fcnd\u00fcz \u00e7al\u0131\u015fan biri olmal\u0131d\u0131r. Sen ise t\u00fcm \u015fer odaklar\u0131n\u0131n \u00fczerimize geldi\u011fi \u015fu ortamda bile oturup milletle i\u00e7 i\u00e7e olaca\u011f\u0131na nerede ayars\u0131z konular varsa onu piyasaya malzeme yap\u0131p \u00fclkeyi bunlarla me\u015fgul etmeye \u00e7al\u0131\u015f\u0131yorsun&#8230;<\/p>\n<p style=\"text-align: justify\">Hee, puan kazanmaya \u00e7al\u0131\u015f\u0131yorsan sana k\u00fc\u00e7\u00fck bir t\u00fcyo vereyim. B\u00f6yle katakullilerle oy kapamazs\u0131n, e\u011fer sald\u0131r\u0131 mekanizmas\u0131na ge\u00e7ece\u011fine en ba\u015f\u0131ndan beri devletin yan\u0131nda olsayd\u0131n, puan\u0131n daha y\u00fcksek olurdu onu s\u00f6yleyeyim. Ama yok ki o basiret.<\/p>\n<p style=\"text-align: justify\">Bazen d\u00fc\u015f\u00fcn\u00fcyorum da Gazi Mustafa Kemal mezar\u0131ndan kalk\u0131p gelse ne yapar diye. Gazi Mustafa Kemal milliydi ama sen gayri millisin. Seni bu partinin ba\u015f\u0131nda bir dakika bile tutmazd\u0131&#8230; Bilmem anlatabildim mi?<\/p>\n<p style=\"text-align: justify\">Selam ve dua ile&#8230;<\/p>\n<p style=\"text-align: justify\"><strong>\u0130BRAH\u0130M YAVUZ<\/strong><\/p>\n","protected":false},"excerpt":{"rendered":"<p>Hani dedik ya bir \u00f6nceki yaz\u0131m\u0131zda bu milletin i\u00e7inde vatan millet delisi olan da var, hain olmay\u0131p da hainlerin ekme\u011fine ya\u011f s\u00fcrenler de var diye. Biz b\u00f6yle insanlara, siyaset\u00e7ilere gafil diyoruz. Ayn\u0131 Abd\u00fclhamid Han&#8217;\u0131n kendisine ihanet edenlere dedi\u011fi gibi&#8230; K\u0131l\u0131\u00e7daro\u011flu ve avenesi de ayn\u0131 terane y\u00fcz\u00fcnden maval okuyorlar. CHP s\u00f6zc\u00fcs\u00fc B\u00fclent Tezcan ayr\u0131, K\u0131l\u0131\u00e7daro\u011flu ayr\u0131 &hellip;<\/p>\n","protected":false},"author":20,"featured_media":48521,"comment_status":"open","ping_status":"open","sticky":false,"template":"","format":"standard","meta":{"om_disable_all_campaigns":false,"_themeisle_gutenberg_block_has_review":false,"_joinchat":[],"footnotes":""},"categories":[38,57,43],"tags":[],"class_list":["post-27243","post","type-post","status-publish","format-standard","has-post-thumbnail","","category-guncel","category-ibrahim","category-yazarlar"],"_links":{"self":[{"href":"https:\/\/akincilardergisi.com\/tr\/wp-json\/wp\/v2\/posts\/27243","targetHints":{"allow":["GET"]}}],"collection":[{"href":"https:\/\/akincilardergisi.com\/tr\/wp-json\/wp\/v2\/posts"}],"about":[{"href":"https:\/\/akincilardergisi.com\/tr\/wp-json\/wp\/v2\/types\/post"}],"author":[{"embeddable":true,"href":"https:\/\/akincilardergisi.com\/tr\/wp-json\/wp\/v2\/users\/20"}],"replies":[{"embeddable":true,"href":"https:\/\/akincilardergisi.com\/tr\/wp-json\/wp\/v2\/comments?post=27243"}],"version-history":[{"count":0,"href":"https:\/\/akincilardergisi.com\/tr\/wp-json\/wp\/v2\/posts\/27243\/revisions"}],"wp:featuredmedia":[{"embeddable":true,"href":"https:\/\/akincilardergisi.com\/tr\/wp-json\/wp\/v2\/media\/48521"}],"wp:attachment":[{"href":"https:\/\/akincilardergisi.com\/tr\/wp-json\/wp\/v2\/media?parent=27243"}],"wp:term":[{"taxonomy":"category","embeddable":true,"href":"https:\/\/akincilardergisi.com\/tr\/wp-json\/wp\/v2\/categories?post=27243"},{"taxonomy":"post_tag","embeddable":true,"href":"https:\/\/akincilardergisi.com\/tr\/wp-json\/wp\/v2\/tags?post=27243"}],"curies":[{"name":"wp","href":"https:\/\/api.w.org\/{rel}","templated":true}]}}