{"id":26281,"date":"2018-02-07T00:00:41","date_gmt":"2018-02-06T22:00:41","guid":{"rendered":"http:\/\/akincilardergisi.com\/dergi\/?p=26281"},"modified":"2023-11-05T13:25:57","modified_gmt":"2023-11-05T10:25:57","slug":"teror-destekcileri","status":"publish","type":"post","link":"https:\/\/akincilardergisi.com\/tr\/teror-destekcileri\/","title":{"rendered":"TER\u00d6R DESTEK\u00c7\u0130LER\u0130\u2026"},"content":{"rendered":"<p style=\"text-align: justify\">Ge\u00e7ti\u011fimiz hafta sonu CHP kurultaya gitti. Kurultay bitti ama \u00e7alkant\u0131lar\u0131 hala bitmedi. K\u0131l\u0131\u00e7daro\u011flu PM listesinde adeta ter\u00f6r destek\u00e7isi, milli damar\u0131 olmayan isimlere yer verdi. 2019\u2019a sa\u011flam isimlerle gitmek varken, partiyi sa\u011flam, en az\u0131ndan devletine, milletine, askerine dil uzatmayan isimlere emanet etmek varken bu yola ba\u015fvurmas\u0131 ak\u0131l al\u0131r gibi de\u011fil. Asl\u0131nda b\u00f6yle bir \u015fey de beklenebilir K\u0131l\u0131\u00e7daro\u011flu\u2019ndan, zira partide d\u00fczg\u00fcn adamlar yok. K\u0131l\u0131\u00e7daro\u011flu da i\u015fin bu taraf\u0131n\u0131 kullanarak koltu\u011funu sa\u011flama almak i\u00e7in her t\u00fcrl\u00fc yolu denemekte\u2026<\/p>\n<p style=\"text-align: justify\">Milletle kavgal\u0131 bu isimlerle nereye kadar gidecek CHP belli de\u011fil zira PM listesine al\u0131nanlar\u0131n eylem ve s\u00f6ylemleri bunu g\u00f6steriyor\u2026<\/p>\n<p style=\"text-align: justify\">Bir bak\u0131yorsunuz ter\u00f6rist cenazelerinde g\u00f6zya\u015f\u0131 d\u00f6ken Gamze \u0130lgezdi 396 oy al\u0131yor, bir bak\u0131yorsunuz PYD\u2019YE TER\u00d6R \u00d6RG\u00dcT\u00dc D\u0130YEB\u0130LMEK \u0130\u00c7\u0130N EL\u0130M\u0130ZDE \u0130ST\u0130HBARAT\u0130 B\u0130LG\u0130 OLMASI GEREK\u0130R diyen Selin Sayek B\u00f6ke 687 oy alabiliyor, bir bak\u0131yorsunuz \u0130RAN \u0130LE T\u00dcRK\u0130YE KAR\u015eI KAR\u015eIYA GELSE \u0130RAN\u2019IN YANINDA OLURUM diyen Eren Erdem denen zevat 359 oy alabiliyor\u2026 Daha bir\u00e7ok \u00f6rnek\u2026<\/p>\n<p style=\"text-align: justify\">Bunlar\u0131n i\u00e7erisinde ter\u00f6ristlere elinden gelen her t\u00fcrl\u00fc destekleme \u00e7abalamalar\u0131 i\u00e7inde olanlar bile var. CHP, 2019\u2019a bu rota ile giderse bir arpa boyu yol bile alamaz s\u00f6ylemesi.<\/p>\n<p style=\"text-align: justify\">CHP\u2019nin parti politikas\u0131 haline getirdi\u011fi, ter\u00f6rist sever politikalar\u0131 bu milletin en ince, hassas damarlar\u0131ndan biri. Milletin yan\u0131nda olmak yerine T\u00fcrkiye\u2019yi f\u0131rsat buldu\u011fu her alanda \u015fikayet etmek, yermek devletin ve milletimizin hi\u00e7 de ho\u015funa gitmiyor.<\/p>\n<p style=\"text-align: justify\">CHP 2019\u2019da en az\u0131ndan birka\u00e7 puan fazla almak istiyorsa milli politikalara d\u00f6nmesi gerekir. Aksi takdirde yerinde saymaya devam edecektir\u2026<\/p>\n<p style=\"text-align: justify\"><strong>\u0130BRAH\u0130M YAVUZ<\/strong><\/p>\n","protected":false},"excerpt":{"rendered":"<p>Ge\u00e7ti\u011fimiz hafta sonu CHP kurultaya gitti. Kurultay bitti ama \u00e7alkant\u0131lar\u0131 hala bitmedi. K\u0131l\u0131\u00e7daro\u011flu PM listesinde adeta ter\u00f6r destek\u00e7isi, milli damar\u0131 olmayan isimlere yer verdi. 2019\u2019a sa\u011flam isimlerle gitmek varken, partiyi sa\u011flam, en az\u0131ndan devletine, milletine, askerine dil uzatmayan isimlere emanet etmek varken bu yola ba\u015fvurmas\u0131 ak\u0131l al\u0131r gibi de\u011fil. Asl\u0131nda b\u00f6yle bir \u015fey de beklenebilir &hellip;<\/p>\n","protected":false},"author":20,"featured_media":48521,"comment_status":"open","ping_status":"open","sticky":false,"template":"","format":"standard","meta":{"om_disable_all_campaigns":false,"_themeisle_gutenberg_block_has_review":false,"_joinchat":[],"footnotes":""},"categories":[38,57,43],"tags":[],"class_list":["post-26281","post","type-post","status-publish","format-standard","has-post-thumbnail","","category-guncel","category-ibrahim","category-yazarlar"],"_links":{"self":[{"href":"https:\/\/akincilardergisi.com\/tr\/wp-json\/wp\/v2\/posts\/26281","targetHints":{"allow":["GET"]}}],"collection":[{"href":"https:\/\/akincilardergisi.com\/tr\/wp-json\/wp\/v2\/posts"}],"about":[{"href":"https:\/\/akincilardergisi.com\/tr\/wp-json\/wp\/v2\/types\/post"}],"author":[{"embeddable":true,"href":"https:\/\/akincilardergisi.com\/tr\/wp-json\/wp\/v2\/users\/20"}],"replies":[{"embeddable":true,"href":"https:\/\/akincilardergisi.com\/tr\/wp-json\/wp\/v2\/comments?post=26281"}],"version-history":[{"count":0,"href":"https:\/\/akincilardergisi.com\/tr\/wp-json\/wp\/v2\/posts\/26281\/revisions"}],"wp:featuredmedia":[{"embeddable":true,"href":"https:\/\/akincilardergisi.com\/tr\/wp-json\/wp\/v2\/media\/48521"}],"wp:attachment":[{"href":"https:\/\/akincilardergisi.com\/tr\/wp-json\/wp\/v2\/media?parent=26281"}],"wp:term":[{"taxonomy":"category","embeddable":true,"href":"https:\/\/akincilardergisi.com\/tr\/wp-json\/wp\/v2\/categories?post=26281"},{"taxonomy":"post_tag","embeddable":true,"href":"https:\/\/akincilardergisi.com\/tr\/wp-json\/wp\/v2\/tags?post=26281"}],"curies":[{"name":"wp","href":"https:\/\/api.w.org\/{rel}","templated":true}]}}