{"id":25634,"date":"2018-01-03T00:00:49","date_gmt":"2018-01-02T22:00:49","guid":{"rendered":"http:\/\/akincilardergisi.com\/dergi\/?p=25634"},"modified":"2023-11-05T13:25:59","modified_gmt":"2023-11-05T10:25:59","slug":"mehmet-akifi-soranlara-ii","status":"publish","type":"post","link":"https:\/\/akincilardergisi.com\/tr\/mehmet-akifi-soranlara-ii\/","title":{"rendered":"MEHMET AK\u0130F&#8217;\u0130 SORANLARA&#8230; -II-"},"content":{"rendered":"<p style=\"text-align: justify\">Mehmet Akif Bedir ile \u00c7anakkale aras\u0131nda \u00f6yle bir n\u00fcans yakal\u0131yor ki bunu da dizelere d\u00f6k\u00fcyor. Bedir&#8217;de sava\u015fan Kurey\u015f Ordusunun amac\u0131 maddi bir \u015feyler elde etmek de\u011fildi. Oradaki as\u0131l sava\u015f TEVH\u0130D \u0130LE \u015e\u0130RK aras\u0131ndaki m\u00fccadeleydi. \u00c7anakkale&#8217;de durum farkl\u0131 m\u0131yd\u0131. Hay\u0131r! Burada da TEVH\u0130D VE \u015e\u0130RK kar\u015f\u0131 kar\u015f\u0131ya gelmi\u015ftir. Akif de bunu biliyordu ki: Ha\u00e7l\u0131 ordusu \u00c7anakkale \u00f6nlerine kadar toprak i\u00e7in gelmediklerini biliyordu. Oraya \u0130slam&#8217;\u0131n, Tevhidin temsilcisi olan devleti yok etmek i\u00e7in gelmi\u015flerdi. O y\u00fczden Mehmet Akif dizelerinde bunu dile getiriyordu.<\/p>\n<p style=\"text-align: justify\">&#8220;Bedrin aslanlar\u0131 ancak \u015fanl\u0131 idi&#8221; derken bunu kastediyor, yoksa bir taraf\u0131 k\u00fc\u00e7\u00fcmsedi\u011finden de\u011fil. Olaya bu a\u00e7\u0131dan bak\u0131l\u0131rsa konu daha sa\u011fl\u0131kl\u0131 anla\u015f\u0131lacakt\u0131r. Onun g\u00f6z\u00fcnde Bedrin aslanlar\u0131 da birdir, \u00c7anakkale&#8217;nin aslanlar\u0131 da&#8230; Hadise bundan ibaret&#8230;<\/p>\n<p style=\"text-align: justify\">Mehmet Akif&#8217;in daha sonralar\u0131 M\u0131s\u0131r hayat\u0131 s\u00f6z konusu. \u00d6yle ki M\u0131s\u0131r&#8217;a gidi\u015fi hakk\u0131nda iftiralar at\u0131lm\u0131\u015f, bir milletin \u0130stiklal \u015eairi bir mendil misali kullan\u0131l\u0131p kenar\u0131 at\u0131lmaya \u00e7al\u0131\u015f\u0131lm\u0131\u015ft\u0131r. \u015eapka giymemek i\u00e7in gitti\u011fi, devrimlere kar\u015f\u0131 oldu\u011fu i\u00e7in bu durumu kald\u0131ramad\u0131\u011f\u0131 ve \u00fclkeyi terk etti\u011fi s\u00f6ylendi. Fakat hadise b\u00f6yle de\u011fil&#8230;<\/p>\n<p style=\"text-align: justify\">Mehmet Akif&#8217;in o zamanki durumu hi\u00e7 de iyi de\u011fildi. Meteli\u011fe kur\u015fun at\u0131yordu. Siz d\u00fc\u015f\u00fcn\u00fcn ki \u015fanl\u0131 ordumuza methiyeler d\u00fczen bir insan meteli\u011fe kur\u015fun at\u0131yor. Hatta bu insan o kadar haysiyetli bir insan ki bu \u015fiirinden dolay\u0131 verilen paray\u0131 da istemiyor, o paray\u0131 yetim \u00e7ocuklar i\u00e7in bir yere vakfediyor&#8230;<\/p>\n<p style=\"text-align: justify\">Bir neden de \u015fu: Akif&#8217;in pe\u015fine adam tak\u0131yorlar. S\u00fcrekli takip ettiriliyor. Niyetleri onu buradan ka\u00e7\u0131rmak. Ve nihayetinde daha fazla durmuyor, M\u0131s\u0131r&#8217;a gidiyor. M\u0131s\u0131r&#8217;da, Kahire \u00dcniversitesinde edebiyat dersleri veriyor. Ge\u00e7imini bu \u015fekilde sa\u011fl\u0131yor. \u015eunu da belirtelim. Gitti\u011finde \u015fapka kanununu da hen\u00fcz \u00e7\u0131kmam\u0131\u015f. Bu taraftan iftira atanlar otursunlar haysiyetlerini d\u00fc\u015f\u00fcns\u00fcnler&#8230;<\/p>\n<p style=\"text-align: justify\">Bir s\u00fcre sonra ya\u015f\u0131 da ilerleyen Akif, hastalan\u0131r, \u00f6lece\u011fini anlay\u0131nca memleketine geri d\u00f6nmek ister. \u00c7anakkale Bo\u011faz\u0131&#8217;n\u0131 ge\u00e7ti\u011finde Akif&#8217;in geldi\u011fi hemen duyulur ve bir propaganda ba\u015flat\u0131l\u0131r. Adeta bu haini i\u00e7eriye almayal\u0131m derler. Fakat Gazi Mustafa Kemal o kadar zeki bir insand\u0131r ki bunu i\u00e7eriye d\u0131\u015far\u0131ya izah edemeyiz diyerek \u00fclkeye giri\u015fine m\u00fcsaade edilir. Do\u011frudan Beyo\u011flu&#8217;na getirilir, tedavisi ba\u015flar&#8230;<\/p>\n<p style=\"text-align: justify\">Tabi Akif&#8217;in hastaland\u0131\u011f\u0131n\u0131 duyanlar evine ak\u0131n ederler. Bu arada, evin etraf\u0131na sivil polis gelir. Gelen ziyaret\u00e7ilere adeta mesaj verilir. Bak\u0131n buralarda fazla durmay\u0131n, ba\u015f\u0131n\u0131za bir i\u015f gelebilir diye gelen ziyaret\u00e7ilere g\u00f6z da\u011f\u0131 verilmektedir akl\u0131 s\u0131ra. Sivil polisin evin etraf\u0131ndaki bu gezintileri! gelen ziyaret\u00e7ilerin bir s\u00fcre sonra kesilmesine neden olur.<\/p>\n<p style=\"text-align: justify\">Mehmet Akif&#8217;in hastal\u0131\u011f\u0131 art\u0131k aya\u011fa kalkmas\u0131na engel oluyordu. Vatan a\u015fk\u0131 ile yanan, Mehmet\u00e7ik&#8217;e methiyeler d\u00fczen \u015eair, bir s\u00fcre sonra vefat eder. Devlet makam\u0131 a\u00e7\u0131s\u0131ndan as\u0131l utan\u00e7 duygusu olu\u015fturan durum onun cenazesinde ya\u015fan\u0131r. Ama ona sahip \u00e7\u0131kanlar\u0131n oldu\u011fu da muhakkakt\u0131r&#8230;<\/p>\n<p style=\"text-align: justify\">DEVAM EDECEK&#8230;<\/p>\n<p style=\"text-align: justify\"><strong>\u0130BRAH\u0130M YAVUZ<\/strong><\/p>\n","protected":false},"excerpt":{"rendered":"<p>Mehmet Akif Bedir ile \u00c7anakkale aras\u0131nda \u00f6yle bir n\u00fcans yakal\u0131yor ki bunu da dizelere d\u00f6k\u00fcyor. Bedir&#8217;de sava\u015fan Kurey\u015f Ordusunun amac\u0131 maddi bir \u015feyler elde etmek de\u011fildi. Oradaki as\u0131l sava\u015f TEVH\u0130D \u0130LE \u015e\u0130RK aras\u0131ndaki m\u00fccadeleydi. \u00c7anakkale&#8217;de durum farkl\u0131 m\u0131yd\u0131. Hay\u0131r! Burada da TEVH\u0130D VE \u015e\u0130RK kar\u015f\u0131 kar\u015f\u0131ya gelmi\u015ftir. Akif de bunu biliyordu ki: Ha\u00e7l\u0131 ordusu \u00c7anakkale &hellip;<\/p>\n","protected":false},"author":20,"featured_media":48521,"comment_status":"open","ping_status":"open","sticky":false,"template":"","format":"standard","meta":{"om_disable_all_campaigns":false,"_themeisle_gutenberg_block_has_review":false,"_joinchat":[],"footnotes":""},"categories":[38,57,43],"tags":[],"class_list":["post-25634","post","type-post","status-publish","format-standard","has-post-thumbnail","","category-guncel","category-ibrahim","category-yazarlar"],"_links":{"self":[{"href":"https:\/\/akincilardergisi.com\/tr\/wp-json\/wp\/v2\/posts\/25634","targetHints":{"allow":["GET"]}}],"collection":[{"href":"https:\/\/akincilardergisi.com\/tr\/wp-json\/wp\/v2\/posts"}],"about":[{"href":"https:\/\/akincilardergisi.com\/tr\/wp-json\/wp\/v2\/types\/post"}],"author":[{"embeddable":true,"href":"https:\/\/akincilardergisi.com\/tr\/wp-json\/wp\/v2\/users\/20"}],"replies":[{"embeddable":true,"href":"https:\/\/akincilardergisi.com\/tr\/wp-json\/wp\/v2\/comments?post=25634"}],"version-history":[{"count":0,"href":"https:\/\/akincilardergisi.com\/tr\/wp-json\/wp\/v2\/posts\/25634\/revisions"}],"wp:featuredmedia":[{"embeddable":true,"href":"https:\/\/akincilardergisi.com\/tr\/wp-json\/wp\/v2\/media\/48521"}],"wp:attachment":[{"href":"https:\/\/akincilardergisi.com\/tr\/wp-json\/wp\/v2\/media?parent=25634"}],"wp:term":[{"taxonomy":"category","embeddable":true,"href":"https:\/\/akincilardergisi.com\/tr\/wp-json\/wp\/v2\/categories?post=25634"},{"taxonomy":"post_tag","embeddable":true,"href":"https:\/\/akincilardergisi.com\/tr\/wp-json\/wp\/v2\/tags?post=25634"}],"curies":[{"name":"wp","href":"https:\/\/api.w.org\/{rel}","templated":true}]}}